{"id":1006,"date":"2010-12-07T21:54:09","date_gmt":"2010-12-07T20:54:09","guid":{"rendered":"http:\/\/www.odszkodowania.info.pl\/?p=1006"},"modified":"2010-12-07T21:54:09","modified_gmt":"2010-12-07T20:54:09","slug":"sa-zarzuty-za-pozar-w-kamieniu","status":"publish","type":"post","link":"https:\/\/www.odszkodowania.info.pl\/?p=1006","title":{"rendered":"S\u0105 zarzuty za po\u017car w Kamieniu"},"content":{"rendered":"<p>1,5 roku po tragedii \u015bledczy skierowali do s\u0105du akt oskar\u017cenia. Win\u0105 prokuratorzy obarczyli dwoje urz\u0119dnik\u00f3w. Nie wype\u0142nili oni swoich obowi\u0105zk\u00f3w. Win\u0105 prokuratorzy obarczyli dwoje urz\u0119dnik\u00f3w: dyrektora Zak\u0142adu Gospodarki Mieszkaniowej w Kamieniu Pomorskim Krzysztofa G. i podlegaj\u0105c\u0105 mu Barbar\u0119 K. \u2013 Nie wype\u0142niali nale\u017cycie obowi\u0105zk\u00f3w, kt\u00f3re nak\u0142adaj\u0105 na nich prawo budowlane i przepisy przeciwpo\u017carowe \u2013 wyja\u015bnia Jolanta \u015aliwi\u0144ska z Prokuratury Okr\u0119gowej w Szczecinie. Lista jest d\u0142uga \u2013 od braku wymaganych przegl\u0105d\u00f3w zwi\u0105zanych z konstrukcj\u0105 bloku socjalnego po niezapewnienie mieszka\u0144com dr\u00f3g ewakuacji.<\/p>\n<p>Wczoraj dyrektor G. nie chcia\u0142 rozmawia\u0107 o zarzutach. \u2013 Nie mam w tej sprawie nic do powiedzenia \u2013 ucina. Wiadomo, \u017ce oskar\u017ceni nie przyznali si\u0119 do winy. Grozi im do o\u015bmiu lat wi\u0119zienia.<\/p>\n<p>Ani on, ani Barbara K. stanowisk nie stracili. W\u0142adze gminy nie odnosz\u0105 si\u0119 do prokuratorskich zarzut\u00f3w. \u2013 Nie widzieli\u015bmy aktu oskar\u017cenia, wi\u0119c trudno cokolwiek komentowa\u0107 \u2013 m\u00f3wi Jan Kurowski, rzecznik burmistrza.<\/p>\n<p>Po\u017car w hotelu socjalnym wybuch\u0142 13 kwietnia 2009 r. Przyczyn\u0105, jak si\u0119 p\u00f3\u017aniej okaza\u0142o, by\u0142o zwarcie instalacji elektrycznej. P\u0142omienie b\u0142yskawicznie ogarn\u0119\u0142y ca\u0142y dom. Wyrwani ze snu mieszka\u0144cy skakali z okien. Zgin\u0119\u0142y 23 osoby, a prezydent Lech Kaczy\u0144ski og\u0142osi\u0142 w kraju trzydniow\u0105 \u017ca\u0142ob\u0119 narodow\u0105.<\/p>\n<p>Budynek sp\u0142on\u0105\u0142 niemal doszcz\u0119tnie. Resztki rozebrano, a z my\u015bl\u0105 o jego dawnych lokatorach powsta\u0142y w mie\u015bcie dwa nowe bloki. Wybudowa\u0142a je gmina za pieni\u0105dze przekazane g\u0142\u00f3wnie przez rz\u0105d. \u2013 Nikt z poszkodowanych w po\u017carze nie zosta\u0142 bez dachu nad g\u0142ow\u0105 \u2013 zapewnia w rozmowie z ,,Rz\u201d burmistrz Kamienia Bronis\u0142aw Karpi\u0144ski.<\/p>\n<p>Burmistrz mo\u017ce odetchn\u0105\u0107. Tu\u017c po tragedii \u00f3wczesny wicepremier Grzegorz Schetyna m\u00f3wi\u0142, \u017ce odpowiedzialny za ni\u0105 jest samorz\u0105d Kamienia. Ale innego zdania by\u0142 prokurator. I mieszka\u0144cy. Karpi\u0144ski wygra\u0142 pierwsz\u0105 tur\u0119 wybor\u00f3w samorz\u0105dowych i jest faworytem niedzielnej dogrywki.<\/p>\n<p>Tymczasem mieszka\u0144cy bloku socjalnego nadal maj\u0105 w pami\u0119ci tragiczny po\u017car. Ale powoli uk\u0142adaj\u0105 sobie \u017cycie. Remigiuszowi Rymarskiemu pomog\u0142a te\u015bciowa, kt\u00f3ra za\u0142atwi\u0142a mu prac\u0119 w o\u015brodku wczasowym w Dziwnowie. Po po\u017carze o\u017ceni\u0142 si\u0119, a na pocz\u0105tku listopada zosta\u0142 ojcem. Od lutego z \u017con\u0105 i synkiem \u017cyje w jednopokojowym, nowym mieszkaniu socjalnym przydzielonym przez gmin\u0119. Do ko\u0144ca zadowolony jednak nie jest.<\/p>\n<p>\u2013 Na zakup wyposa\u017cenia do kuchni i przedpokoju mia\u0142em limity do 1200 z\u0142, a na wypoczynek do pokoju 1500 z\u0142. Za ma\u0142o, by rodzina mog\u0142a \u017cy\u0107 w godnych warunkach \u2013 podkre\u015bla. Narzeka te\u017c Zbigniew \u015amigielski. \u2013 W po\u017carze straci\u0142em dorobek \u017cycia, a kupili mi najta\u0144sz\u0105 meblo\u015bciank\u0119 i telewizor. Lod\u00f3wk\u0119 dostali\u015bmy od ksi\u0119dza z Caritasu, a w gminie powiedzieli mi, \u017ce jak si\u0119 nie podoba, mam sobie kupi\u0107 za swoje \u2013 \u017cali si\u0119.<\/p>\n<p>\u2013 Pomoc finansowa zosta\u0142a udzielona wed\u0142ug rocznego programu zatwierdzonego przez wojewod\u0119. To by\u0142o oko\u0142o miliona z\u0142otych z rezerwy bud\u017cetu pa\u0144stwa \u2013 przekonuje tymczasem Kurowski.<\/p>\n<p>Ale na tym boje o pieni\u0105dze zapewne si\u0119 nie zako\u0144cz\u0105. Cz\u0119\u015b\u0107 pogorzelc\u00f3w domaga si\u0119 od gminy odszkodowa\u0144. \u2013 W tej chwili reprezentujemy ponad 40 os\u00f3b. Domagamy si\u0119 kwot od kilkudziesi\u0119ciu do kilkuset tysi\u0119cy z\u0142otych. Nie uda\u0142o si\u0119 jeszcze zako\u0144czy\u0107 \u017cadnej ze spraw. Proponowali\u015bmy gminie negocjacje, nie zosta\u0142y jednak podj\u0119te. Wydaje si\u0119, \u017ce nie ma innego wyj\u015bcia jak droga s\u0105dowa \u2013 m\u00f3wi Maciej Kwiecie\u0144 z firmy Marshal, kt\u00f3ra reprezentuje pogorzelc\u00f3w.<\/p>\n<p>Rzeczpospolita<\/p>\n","protected":false},"excerpt":{"rendered":"<p>1,5 roku po tragedii \u015bledczy skierowali do s\u0105du akt oskar\u017cenia. Win\u0105 prokuratorzy obarczyli dwoje urz\u0119dnik\u00f3w. Nie wype\u0142nili oni swoich obowi\u0105zk\u00f3w. Win\u0105 prokuratorzy obarczyli dwoje urz\u0119dnik\u00f3w: dyrektora Zak\u0142adu Gospodarki Mieszkaniowej w Kamieniu Pomorskim Krzysztofa G. i podlegaj\u0105c\u0105 mu Barbar\u0119 K. \u2013 Nie wype\u0142niali nale\u017cycie obowi\u0105zk\u00f3w, kt\u00f3re nak\u0142adaj\u0105 na nich prawo budowlane i przepisy przeciwpo\u017carowe \u2013 wyja\u015bnia [&hellip;]<\/p>\n","protected":false},"author":2,"featured_media":0,"comment_status":"open","ping_status":"open","sticky":false,"template":"","format":"standard","meta":{"footnotes":""},"categories":[8,45],"tags":[11,12,13],"class_list":["post-1006","post","type-post","status-publish","format-standard","hentry","category-aktualnosci","category-artykul-glowny","tag-marshal","tag-odszkodowanie","tag-zadoscuczynienie"],"_links":{"self":[{"href":"https:\/\/www.odszkodowania.info.pl\/index.php?rest_route=\/wp\/v2\/posts\/1006","targetHints":{"allow":["GET"]}}],"collection":[{"href":"https:\/\/www.odszkodowania.info.pl\/index.php?rest_route=\/wp\/v2\/posts"}],"about":[{"href":"https:\/\/www.odszkodowania.info.pl\/index.php?rest_route=\/wp\/v2\/types\/post"}],"author":[{"embeddable":true,"href":"https:\/\/www.odszkodowania.info.pl\/index.php?rest_route=\/wp\/v2\/users\/2"}],"replies":[{"embeddable":true,"href":"https:\/\/www.odszkodowania.info.pl\/index.php?rest_route=%2Fwp%2Fv2%2Fcomments&post=1006"}],"version-history":[{"count":1,"href":"https:\/\/www.odszkodowania.info.pl\/index.php?rest_route=\/wp\/v2\/posts\/1006\/revisions"}],"predecessor-version":[{"id":1007,"href":"https:\/\/www.odszkodowania.info.pl\/index.php?rest_route=\/wp\/v2\/posts\/1006\/revisions\/1007"}],"wp:attachment":[{"href":"https:\/\/www.odszkodowania.info.pl\/index.php?rest_route=%2Fwp%2Fv2%2Fmedia&parent=1006"}],"wp:term":[{"taxonomy":"category","embeddable":true,"href":"https:\/\/www.odszkodowania.info.pl\/index.php?rest_route=%2Fwp%2Fv2%2Fcategories&post=1006"},{"taxonomy":"post_tag","embeddable":true,"href":"https:\/\/www.odszkodowania.info.pl\/index.php?rest_route=%2Fwp%2Fv2%2Ftags&post=1006"}],"curies":[{"name":"wp","href":"https:\/\/api.w.org\/{rel}","templated":true}]}}