{"id":1023,"date":"2010-12-15T16:21:33","date_gmt":"2010-12-15T15:21:33","guid":{"rendered":"http:\/\/www.odszkodowania.info.pl\/?p=1023"},"modified":"2010-12-15T16:21:33","modified_gmt":"2010-12-15T15:21:33","slug":"29-pozwow-od-rodzin-ofiar-katastrofy-casy-kazdy-o-milion-zlotych","status":"publish","type":"post","link":"https:\/\/www.odszkodowania.info.pl\/?p=1023","title":{"rendered":"29 pozw\u00f3w od rodzin ofiar katastrofy CASY. Ka\u017cdy o milion z\u0142otych"},"content":{"rendered":"<p>Do Ministerstwa Obrony Narodowej wp\u0142yn\u0119\u0142o dzi\u015b 29 pozw\u00f3w &#8211; wezwa\u0144 przedprocesowych skierowanych przez jedn\u0105 z gdy\u0144skich kancelarii w imieniu cz\u0142onk\u00f3w rodzin dwudziestu ofiar katastrofy wojskowego samolotu transportowego CASA C-295 pod Miros\u0142awcem.<br \/>\n&#8211; Ka\u017cde roszczenie opiewa na milion z\u0142otych tytu\u0142em zado\u015b\u0107uczynienia za naruszenie d\u00f3br osobistych &#8211; powiedzia\u0142 rzecznik MON Janusz Sejmej. Dopytywany o szczeg\u00f3\u0142y, odpowiedzia\u0142 tylko, \u017ce dokumenty wp\u0142yn\u0119\u0142y ok. po\u0142udnia i s\u0105 analizowane przez departament prawny MON.<\/p>\n<p>Samolot rozbi\u0142 si\u0119 23 stycznia 2008 r. w Zachodniopomorskiem. Maszyna wykonywa\u0142a lot na trasie Ok\u0119cie-Powidz-Krzesiny-Miros\u0142awiec-\u015awidwin-Krak\u00f3w, rozwozi\u0142a uczestnik\u00f3w konferencji Bezpiecze\u0144stwa Lot\u00f3w Lotnictwa Si\u0142 Zbrojnych RP. W katastrofie zgin\u0119\u0142o 20 lotnik\u00f3w &#8211; czteroosobowa za\u0142oga i 16 oficer\u00f3w. <\/p>\n","protected":false},"excerpt":{"rendered":"<p>Do Ministerstwa Obrony Narodowej wp\u0142yn\u0119\u0142o dzi\u015b 29 pozw\u00f3w &#8211; wezwa\u0144 przedprocesowych skierowanych przez jedn\u0105 z gdy\u0144skich kancelarii w imieniu cz\u0142onk\u00f3w rodzin dwudziestu ofiar katastrofy wojskowego samolotu transportowego CASA C-295 pod Miros\u0142awcem. &#8211; Ka\u017cde roszczenie opiewa na milion z\u0142otych tytu\u0142em zado\u015b\u0107uczynienia za naruszenie d\u00f3br osobistych &#8211; powiedzia\u0142 rzecznik MON Janusz Sejmej. Dopytywany o szczeg\u00f3\u0142y, odpowiedzia\u0142 tylko, [&hellip;]<\/p>\n","protected":false},"author":2,"featured_media":0,"comment_status":"open","ping_status":"open","sticky":false,"template":"","format":"standard","meta":{"footnotes":""},"categories":[8],"tags":[11,12,13],"class_list":["post-1023","post","type-post","status-publish","format-standard","hentry","category-aktualnosci","tag-marshal","tag-odszkodowanie","tag-zadoscuczynienie"],"_links":{"self":[{"href":"https:\/\/www.odszkodowania.info.pl\/index.php?rest_route=\/wp\/v2\/posts\/1023","targetHints":{"allow":["GET"]}}],"collection":[{"href":"https:\/\/www.odszkodowania.info.pl\/index.php?rest_route=\/wp\/v2\/posts"}],"about":[{"href":"https:\/\/www.odszkodowania.info.pl\/index.php?rest_route=\/wp\/v2\/types\/post"}],"author":[{"embeddable":true,"href":"https:\/\/www.odszkodowania.info.pl\/index.php?rest_route=\/wp\/v2\/users\/2"}],"replies":[{"embeddable":true,"href":"https:\/\/www.odszkodowania.info.pl\/index.php?rest_route=%2Fwp%2Fv2%2Fcomments&post=1023"}],"version-history":[{"count":1,"href":"https:\/\/www.odszkodowania.info.pl\/index.php?rest_route=\/wp\/v2\/posts\/1023\/revisions"}],"predecessor-version":[{"id":1024,"href":"https:\/\/www.odszkodowania.info.pl\/index.php?rest_route=\/wp\/v2\/posts\/1023\/revisions\/1024"}],"wp:attachment":[{"href":"https:\/\/www.odszkodowania.info.pl\/index.php?rest_route=%2Fwp%2Fv2%2Fmedia&parent=1023"}],"wp:term":[{"taxonomy":"category","embeddable":true,"href":"https:\/\/www.odszkodowania.info.pl\/index.php?rest_route=%2Fwp%2Fv2%2Fcategories&post=1023"},{"taxonomy":"post_tag","embeddable":true,"href":"https:\/\/www.odszkodowania.info.pl\/index.php?rest_route=%2Fwp%2Fv2%2Ftags&post=1023"}],"curies":[{"name":"wp","href":"https:\/\/api.w.org\/{rel}","templated":true}]}}