{"id":1029,"date":"2010-12-22T09:19:40","date_gmt":"2010-12-22T08:19:40","guid":{"rendered":"http:\/\/www.odszkodowania.info.pl\/?p=1029"},"modified":"2010-12-22T09:19:40","modified_gmt":"2010-12-22T08:19:40","slug":"5-tys-kierowcow-dostanie-odszkodowanie-za-atak-zimy-w-toskanii","status":"publish","type":"post","link":"https:\/\/www.odszkodowania.info.pl\/?p=1029","title":{"rendered":"5 tys. kierowc\u00f3w dostanie odszkodowanie za atak zimy w Toskanii"},"content":{"rendered":"<p>Co najmniej po 500 euro odszkodowania dostanie ka\u017cdy z pi\u0119ciu tysi\u0119cy kierowc\u00f3w, kt\u00f3rych nag\u0142y atak zimy zaskoczy\u0142 w ubieg\u0142y pi\u0105tek na w\u0142oskiej Autostradzie S\u0142o\u0144ca.<br \/>\nInicjatywa wysz\u0142a od zarz\u0105du autostrad i zosta\u0142a z zadowoleniem przyj\u0119ta przez organizacje konsumenckie Zarz\u0105d autostrad uprzedzi\u0142 w\u0142oski urz\u0105d antymonopolowy, kt\u00f3ry chce wszcz\u0105\u0107 dochodzenie w sprawie odpowiedzialno\u015bci rozmaitych s\u0142u\u017cb za skutki tzw. czarnego pi\u0105tku, gdy obfite opady \u015bniegu i spadek temperatur sparali\u017cowa\u0142y we W\u0142oszech transport lotniczy, kolejowy i drogowy.<\/p>\n<p>Zapowiedziano ju\u017c, \u017ce kierowcy oko\u0142o pi\u0119ciu tysi\u0119cy pojazd\u00f3w, g\u0142\u00f3wnie samochod\u00f3w osobowych, kt\u00f3rzy nawet dwadzie\u015bcia godzin zablokowani byli na s\u0142ynnej Autostradzie S\u0142o\u0144ca na wysoko\u015bci Florencji, otrzymaj\u0105 za to odszkodowanie. Co najmniej p\u00f3\u0142 tysi\u0105ca euro. Organizacje konsument\u00f3w wyrazi\u0142y zadowolenie z takiego obrotu sprawy, ale jak zapowiedzia\u0142 lider jednej z nich Paolo Landi, na tym nie poprzestan\u0105. Tego samego za\u017c\u0105daj\u0105 od kolei pa\u0144stwowych, kt\u00f3re tak\u017ce wykaza\u0142y si\u0119 ca\u0142kowit\u0105 dezorganizacj\u0105.<\/p>\n","protected":false},"excerpt":{"rendered":"<p>Co najmniej po 500 euro odszkodowania dostanie ka\u017cdy z pi\u0119ciu tysi\u0119cy kierowc\u00f3w, kt\u00f3rych nag\u0142y atak zimy zaskoczy\u0142 w ubieg\u0142y pi\u0105tek na w\u0142oskiej Autostradzie S\u0142o\u0144ca. Inicjatywa wysz\u0142a od zarz\u0105du autostrad i zosta\u0142a z zadowoleniem przyj\u0119ta przez organizacje konsumenckie Zarz\u0105d autostrad uprzedzi\u0142 w\u0142oski urz\u0105d antymonopolowy, kt\u00f3ry chce wszcz\u0105\u0107 dochodzenie w sprawie odpowiedzialno\u015bci rozmaitych s\u0142u\u017cb za skutki tzw. [&hellip;]<\/p>\n","protected":false},"author":2,"featured_media":0,"comment_status":"open","ping_status":"open","sticky":false,"template":"","format":"standard","meta":{"footnotes":""},"categories":[8],"tags":[12,13],"class_list":["post-1029","post","type-post","status-publish","format-standard","hentry","category-aktualnosci","tag-odszkodowanie","tag-zadoscuczynienie"],"_links":{"self":[{"href":"https:\/\/www.odszkodowania.info.pl\/index.php?rest_route=\/wp\/v2\/posts\/1029","targetHints":{"allow":["GET"]}}],"collection":[{"href":"https:\/\/www.odszkodowania.info.pl\/index.php?rest_route=\/wp\/v2\/posts"}],"about":[{"href":"https:\/\/www.odszkodowania.info.pl\/index.php?rest_route=\/wp\/v2\/types\/post"}],"author":[{"embeddable":true,"href":"https:\/\/www.odszkodowania.info.pl\/index.php?rest_route=\/wp\/v2\/users\/2"}],"replies":[{"embeddable":true,"href":"https:\/\/www.odszkodowania.info.pl\/index.php?rest_route=%2Fwp%2Fv2%2Fcomments&post=1029"}],"version-history":[{"count":1,"href":"https:\/\/www.odszkodowania.info.pl\/index.php?rest_route=\/wp\/v2\/posts\/1029\/revisions"}],"predecessor-version":[{"id":1030,"href":"https:\/\/www.odszkodowania.info.pl\/index.php?rest_route=\/wp\/v2\/posts\/1029\/revisions\/1030"}],"wp:attachment":[{"href":"https:\/\/www.odszkodowania.info.pl\/index.php?rest_route=%2Fwp%2Fv2%2Fmedia&parent=1029"}],"wp:term":[{"taxonomy":"category","embeddable":true,"href":"https:\/\/www.odszkodowania.info.pl\/index.php?rest_route=%2Fwp%2Fv2%2Fcategories&post=1029"},{"taxonomy":"post_tag","embeddable":true,"href":"https:\/\/www.odszkodowania.info.pl\/index.php?rest_route=%2Fwp%2Fv2%2Ftags&post=1029"}],"curies":[{"name":"wp","href":"https:\/\/api.w.org\/{rel}","templated":true}]}}