{"id":1037,"date":"2011-01-08T15:17:23","date_gmt":"2011-01-08T14:17:23","guid":{"rendered":"http:\/\/www.odszkodowania.info.pl\/?p=1037"},"modified":"2011-01-08T15:17:23","modified_gmt":"2011-01-08T14:17:23","slug":"czy-200-tys-zl-dla-policjanta-za-zlamane-zycie-wystarczy","status":"publish","type":"post","link":"https:\/\/www.odszkodowania.info.pl\/?p=1037","title":{"rendered":"Czy 200 tys. z\u0142 dla policjanta za z\u0142amane \u017cycie wystarczy?"},"content":{"rendered":"<p>Nies\u0142usznie oskar\u017cony o wsp\u00f3\u0142prac\u0119 z przest\u0119pcami by\u0142y komendant bialskiej policji odwo\u0142a\u0142 si\u0119 od wyroku s\u0105du, kt\u00f3ry przyzna\u0142 mu 200 tysi\u0119cy z\u0142otych zado\u015b\u0107uczynienia. &#8211; Taka kwota absolutnie nie rekompensuje mi z\u0142amanego \u017cycia i kariery &#8211; m\u00f3wi W\u0142adys\u0142aw Szczeklik. S\u0105d Apelacyjny w Lublinie, kt\u00f3ry rozpozna odwo\u0142anie emerytowanego policjanta, wyznaczy\u0142 rozpraw\u0119 na ostatni dzie\u0144 stycznia. Komendant walczy o kwot\u0119, kt\u00f3rej nie przyzna\u0142 mu pod koniec wrze\u015bnia s\u0105d okr\u0119gowy.<\/p>\n<p>Szczeklik, wspierany przez renomowanych adwokat\u00f3w i Helsi\u0144sk\u0105 Fundacj\u0119 Praw Cz\u0142owieka, z\u0142o\u017cy\u0142 wniosek o odszkodowanie (za utracone zarobki, premie itd.) oraz zado\u015b\u0107uczynienie (za straty moralne, cierpienie), w sumie ponad 913 tys. z\u0142. S\u0105d przyzna\u0142 mu jedynie 200 tysi\u0119cy zado\u015b\u0107uczynienia. \u017b\u0105danie odszkodowania oddali\u0142.<\/p>\n<p>Szczeklik nie godzi z takim orzeczeniem: &#8211; Nie rozumiem dlaczego s\u0105d okr\u0119gowy nie uzna\u0142 koszt\u00f3w, kt\u00f3re ponosi\u0142em je\u017cd\u017c\u0105c po kraju i szukaj\u0105c pomocy: do komendanta g\u0142\u00f3wnego, do adwokat\u00f3w, do fundacji helsi\u0144skiej &#8211; wylicza.<\/p>\n<p>Kwot\u0119, jak\u0105 zbyt nisk\u0105, po wrze\u015bniowym wyroku skrytykowa\u0142a te\u017c przedstawicielka Fundacji Helsi\u0144skiej. &#8211; 200 tysi\u0119cy z\u0142otych absolutnie nie rekompensuje z\u0142amania mi kariery i \u017cycia &#8211; boleje Szczeklik.<\/p>\n<p>Dziewi\u0119\u0107 lat temu by\u0142 komendantem policji w Bia\u0142ej Podlaskiej, z widokami na awans na szefa policji w regionie. Zatrzymano go za wsp\u00f3\u0142prac\u0119 z w\u0142a\u015bcicielem lombardu Paw\u0142em P., podejrzewanym o kontakty ze \u015bwiatem przest\u0119pczym. Zarzuty od pocz\u0105tku wydawa\u0142y si\u0119 mocno naci\u0105gane. Szczeklik mia\u0142 np. skusi\u0107 si\u0119 na kamer\u0119, telewizor, wie\u017c\u0119 hi-fi, walkmana i z\u0142ote kolczyki &#8211; w sumie warte 9 tys. z\u0142. Dosta\u0107 je mia\u0142 za poufne informacje, kt\u00f3re rzekomo przekazywa\u0142 Paw\u0142owi P. S\u0105d pocz\u0105tkowo da\u0142 wiar\u0119 prokuratorowi i zamkn\u0105\u0142 Szczeklika na pi\u0119\u0107 miesi\u0119cy w areszcie. Policjant w celi ci\u0119\u017cko si\u0119 rozchorowa\u0142. Traktowano go jak zwyk\u0142ego bandyt\u0119. Siedzia\u0142 w celi z recydywistami. Regularnie znosi\u0142 docinki i upokorzenia ze strony wsp\u00f3\u0142wi\u0119\u017ani\u00f3w. Kiedy wyszed\u0142 na wolno\u015b\u0107, trzyletni synek nie pozna\u0142 zmizernia\u0142ego taty.<\/p>\n<p>Post\u0119powania wobec Szczeklika, najpierw w prokuraturze a potem przed s\u0105dem, trwa\u0142y sze\u015b\u0107 lat. Policjant zosta\u0142 zawieszony i dostawa\u0142 tylko po\u0142ow\u0119 pensji. Odsun\u0119li si\u0119 od niego koledzy, rodzina musia\u0142a zad\u0142u\u017cy\u0107 si\u0119, aby op\u0142aci\u0107 adwokat\u00f3w. Szczeklik dorabia\u0142 w zak\u0142adach mi\u0119snych, naj\u0105\u0142 si\u0119 te\u017c do pracy jako zwyk\u0142y robotnik przy hodowli kr\u00f3w.<\/p>\n<p>Osiem lat temu stan\u0105\u0142 przed s\u0105dem oskar\u017cony o korupcj\u0119. Podstaw\u0105 oskar\u017cenia by\u0142y zeznania dw\u00f3ch \u015bwiadk\u00f3w. Obaj okazali si\u0119 ca\u0142kowicie niewiarygodni. Jeden z nich stwierdzi\u0142, \u017ce widzia\u0142 Szczeklika w lombardzie, gdy odbiera\u0142 sprz\u0119t elektroniczny. Jednak pod koniec procesu wycofa\u0142 si\u0119 ze swych zezna\u0144 i o\u015bwiadczy\u0142, \u017ce lubelscy prokuratorzy, w zamian za fa\u0142szywe zeznania, obiecali mu z\u0142agodzenie kary w innych sprawach. Dwa lata temu s\u0105d prawomocnie oczy\u015bci\u0142 komendanta z zarzut\u00f3w. Uzasadnienie wyroku przypomina\u0142o wielki akt oskar\u017cenia przeciwko \u015bledczym: przerabiali protoko\u0142y, lekcewa\u017cyli dowody, prowadzili \u015bledztwo w spos\u00f3b ur\u0105gaj\u0105cy zasadom uczciwo\u015bci &#8211; wylicza\u0142 wtedy s\u0105d. Jednak prokuratura nigdy nie poinformowa\u0142a o niewielkich cho\u0107by karach dla \u015bledczych w tej sprawie. Przeciwnie, prokuratorzy: Cezary Paku\u0142a (prowadzi\u0142 przes\u0142uchania) i Maciej Florkiewicz (przygotowa\u0142 akt oskar\u017cenia) zrobili zawrotne kariery. Paku\u0142a z prokuratury rejonowej awansowa\u0142 do okr\u0119gowej, a w czerwca 2006 r. zosta\u0142 naczelnikiem wydzia\u0142u \u015bledczego tej jednostki. Florkiewicz w 2004 r. trafi\u0142 a\u017c do Prokuratury Krajowej.<\/p>\n<p>Szczeklik po uniewinnieniu wyst\u0105pi\u0142 o zado\u015b\u0107uczynienie i odszkodowanie. W procesie o rekompensat\u0119 wspiera\u0142a go te\u017c prokuratura. W apelacji nie mo\u017ce ju\u017c na ni\u0105 liczy\u0107. &#8211; Prokuratura popiera\u0142a wniosek co do zasady, ale nie wypowiadali\u015bmy co do wysoko\u015bci zado\u015b\u0107uczynienia. Zostawili\u015bmy to w gestii s\u0105du &#8211; wyja\u015bnia prokurator Beata Syk-Jankowska, rzeczniczka Prokuratury Okr\u0119gowej w Lublinie.<\/p>\n<p>\u0179r\u00f3d\u0142o: Gazeta Wyborcza Lublin<\/p>\n","protected":false},"excerpt":{"rendered":"<p>Nies\u0142usznie oskar\u017cony o wsp\u00f3\u0142prac\u0119 z przest\u0119pcami by\u0142y komendant bialskiej policji odwo\u0142a\u0142 si\u0119 od wyroku s\u0105du, kt\u00f3ry przyzna\u0142 mu 200 tysi\u0119cy z\u0142otych zado\u015b\u0107uczynienia. &#8211; Taka kwota absolutnie nie rekompensuje mi z\u0142amanego \u017cycia i kariery &#8211; m\u00f3wi W\u0142adys\u0142aw Szczeklik. S\u0105d Apelacyjny w Lublinie, kt\u00f3ry rozpozna odwo\u0142anie emerytowanego policjanta, wyznaczy\u0142 rozpraw\u0119 na ostatni dzie\u0144 stycznia. Komendant walczy o [&hellip;]<\/p>\n","protected":false},"author":2,"featured_media":0,"comment_status":"open","ping_status":"open","sticky":false,"template":"","format":"standard","meta":{"footnotes":""},"categories":[8],"tags":[12,13],"class_list":["post-1037","post","type-post","status-publish","format-standard","hentry","category-aktualnosci","tag-odszkodowanie","tag-zadoscuczynienie"],"_links":{"self":[{"href":"https:\/\/www.odszkodowania.info.pl\/index.php?rest_route=\/wp\/v2\/posts\/1037","targetHints":{"allow":["GET"]}}],"collection":[{"href":"https:\/\/www.odszkodowania.info.pl\/index.php?rest_route=\/wp\/v2\/posts"}],"about":[{"href":"https:\/\/www.odszkodowania.info.pl\/index.php?rest_route=\/wp\/v2\/types\/post"}],"author":[{"embeddable":true,"href":"https:\/\/www.odszkodowania.info.pl\/index.php?rest_route=\/wp\/v2\/users\/2"}],"replies":[{"embeddable":true,"href":"https:\/\/www.odszkodowania.info.pl\/index.php?rest_route=%2Fwp%2Fv2%2Fcomments&post=1037"}],"version-history":[{"count":1,"href":"https:\/\/www.odszkodowania.info.pl\/index.php?rest_route=\/wp\/v2\/posts\/1037\/revisions"}],"predecessor-version":[{"id":1038,"href":"https:\/\/www.odszkodowania.info.pl\/index.php?rest_route=\/wp\/v2\/posts\/1037\/revisions\/1038"}],"wp:attachment":[{"href":"https:\/\/www.odszkodowania.info.pl\/index.php?rest_route=%2Fwp%2Fv2%2Fmedia&parent=1037"}],"wp:term":[{"taxonomy":"category","embeddable":true,"href":"https:\/\/www.odszkodowania.info.pl\/index.php?rest_route=%2Fwp%2Fv2%2Fcategories&post=1037"},{"taxonomy":"post_tag","embeddable":true,"href":"https:\/\/www.odszkodowania.info.pl\/index.php?rest_route=%2Fwp%2Fv2%2Ftags&post=1037"}],"curies":[{"name":"wp","href":"https:\/\/api.w.org\/{rel}","templated":true}]}}