{"id":1047,"date":"2011-01-10T19:36:53","date_gmt":"2011-01-10T18:36:53","guid":{"rendered":"http:\/\/www.odszkodowania.info.pl\/?p=1047"},"modified":"2011-01-10T19:36:53","modified_gmt":"2011-01-10T18:36:53","slug":"po-zakupach-w-biedronce-nie-moze-ruszac-palcami","status":"publish","type":"post","link":"https:\/\/www.odszkodowania.info.pl\/?p=1047","title":{"rendered":"Po zakupach w Biedronce nie mo\u017ce rusza\u0107 palcami"},"content":{"rendered":"<p>Barbara Niemczyk z B\u0119dzina zas\u0142ab\u0142a w sklepie i upadaj\u0105c, chwyci\u0142a si\u0119 w\u00f3zka z kwiatami. Jego ostra, nieos\u0142oni\u0119ta kraw\u0119d\u017a przeci\u0119\u0142a \u015bci\u0119gna oraz nerwy lewej d\u0142oni kobiety. Poniewa\u017c w\u0142a\u015bciciel sieci sklep\u00f3w odm\u00f3wi\u0142 wyp\u0142aty zado\u015b\u0107uczynienia, spraw\u0105 zajmie si\u0119 s\u0105d.<br \/>\n&#8211; Nie s\u0105dzi\u0142am, \u017ce id\u0105c na zakupy, zostan\u0119 dziadem do ko\u0144ca \u017cycia. I jeszcze staraj\u0105 mi si\u0119 wm\u00f3wi\u0107, \u017ce sama jestem sobie winna &#8211; m\u00f3wi z \u017calem w g\u0142osie 57-letnia b\u0119dzinianka. We wrze\u015bniu ubieg\u0142ego roku razem z c\u00f3rk\u0105 posz\u0142a na zakupy do Biedronki przy alei Pi\u0142sudskiego. W pewnej chwili zrobi\u0142o si\u0119 jej duszno i postanowi\u0142a wyj\u015b\u0107. By\u0142a ju\u017c blisko kas, gdy zas\u0142ab\u0142a. Upadaj\u0105c, chwyci\u0142a si\u0119 w\u00f3zka z wystawionymi na nim paletami z kwiatami, kt\u00f3ry by\u0142 zako\u0144czony ostrymi, niczym nieos\u0142oni\u0119tymi kraw\u0119dziami. Przeci\u0119\u0142a sobie na nich \u015bci\u0119gna i nerwy lewej d\u0142oni. Pogotowie zabra\u0142o j\u0105 do szpitala, gdzie j\u0105 zoperowano, a nast\u0119pnie uszkodzon\u0105 r\u0119k\u0119 wsadzono do szyny gipsowej. Do teraz chodzi na rehabilitacj\u0119, bo ma sta\u0142y przykurcz palc\u00f3w, a trzema w og\u00f3le nie mo\u017ce rusza\u0107. Z tego powody straci\u0142a te\u017c prac\u0119.<\/p>\n<p>&#8211; D\u0142ugi czas by\u0142am na bezrobotnym i tydzie\u0144 przed wypadkiem dosta\u0142am prac\u0119 w handlu. Kiedy jednak okaza\u0142o si\u0119, \u017ce mam niesprawn\u0105 d\u0142o\u0144, to podzi\u0119kowano mi za wsp\u00f3\u0142prac\u0119 &#8211; m\u00f3wi Niemczyk.<\/p>\n<p>C\u00f3rka kobiety zaraz po wypadku zdoby\u0142a pisemne o\u015bwiadczenia klient\u00f3w, kt\u00f3rzy byli \u015bwiadkami wypadku. Potwierdzaj\u0105, \u017ce rega\u0142 z kwiatami mia\u0142 ostre, niezabezpieczone ko\u0144c\u00f3wki. Dodatkowo kierownik b\u0119dzi\u0144skiej Biedronki potwierdzi\u0142 na pi\u015bmie, \u017ce &#8222;nasz sklep jest przed przebudow\u0105 i nie mamy zabezpiecze\u0144 na w\u00f3zki. Nikt nigdy ich nie zabezpiecza\u0142, jak przychodz\u0105 z kwiatami, tak s\u0105 wystawiane na sklep&#8221;. Jednak zaraz po wypadku w\u00f3zki z kwiatami zacz\u0119to zabezpiecza\u0107.<\/p>\n<p>Kilka miesi\u0119cy temu prawnik pani Barbary zwr\u00f3ci\u0142 si\u0119 do Jeronimo Martins, w\u0142a\u015bciciela sieci sklep\u00f3w Biedronka, z wezwaniem o wyp\u0142at\u0119 30 tys. z\u0142 zado\u015b\u0107uczynienia za doznane przez kobiet\u0119 krzywdy. W imieniu sp\u00f3\u0142ki odpowiedzia\u0142 PZU: wyp\u0142ata odszkodowania si\u0119 nie nale\u017cy, bo w\u00f3zek z kwiatami posiada\u0142 atest, nie by\u0142 uszkodzony, zosta\u0142 prawid\u0142owo ustawiony w sklepie, a ostre kraw\u0119dzie znajduj\u0105 si\u0119 w miejscach niedost\u0119pnych dla klienta w momencie dokonywania wyboru ro\u015blin.<\/p>\n<p>&#8211; To t\u0142umaczenie jest absurdalne, bo na zdj\u0119ciach z miejsca zdarzenia wida\u0107, \u017ce ostre kraw\u0119dzie by\u0142y od frontu i praktycznie ka\u017cdy przy odrobinie pecha lub nieuwagi m\u00f3g\u0142 sobie rozci\u0105\u0107 na nich r\u0119k\u0119 albo nawet twarz &#8211; m\u00f3wi Mariusz \u015acibich, radca prawny reprezentuj\u0105cy Barbar\u0119 Niemczyk.<\/p>\n<p>Jeronimo Martins odrzuci\u0142o te\u017c drugie wezwanie do zap\u0142aty zado\u015b\u0107uczynienia oraz pokrycia koszt\u00f3w leczenia klientki sklepu. &#8211; Nasz ubezpieczyciel, po przeprowadzeniu post\u0119powania wyja\u015bniaj\u0105cego stwierdzi\u0142 brak winy JMD w zwi\u0105zku z wypadkiem &#8211; wyja\u015bnili prawnicy w\u0142a\u015bciciela sieci Biedronka.<\/p>\n<p>Radca \u015acibich zapowiada, \u017ce w tej sytuacji spraw\u0105 zajmie si\u0119 s\u0105d. Przygotowuje pozew o wyp\u0142at\u0119 30 tys. z\u0142 zado\u015b\u0107uczynienia oraz zwrotu 3 tys. koszt\u00f3w leczenia. &#8211; Nie wykluczamy, \u017ce b\u0119dziemy tak\u017ce \u017c\u0105dali renty dla klientki &#8211; zapowiada radca prawny.<\/p>\n","protected":false},"excerpt":{"rendered":"<p>Barbara Niemczyk z B\u0119dzina zas\u0142ab\u0142a w sklepie i upadaj\u0105c, chwyci\u0142a si\u0119 w\u00f3zka z kwiatami. Jego ostra, nieos\u0142oni\u0119ta kraw\u0119d\u017a przeci\u0119\u0142a \u015bci\u0119gna oraz nerwy lewej d\u0142oni kobiety. Poniewa\u017c w\u0142a\u015bciciel sieci sklep\u00f3w odm\u00f3wi\u0142 wyp\u0142aty zado\u015b\u0107uczynienia, spraw\u0105 zajmie si\u0119 s\u0105d. &#8211; Nie s\u0105dzi\u0142am, \u017ce id\u0105c na zakupy, zostan\u0119 dziadem do ko\u0144ca \u017cycia. I jeszcze staraj\u0105 mi si\u0119 wm\u00f3wi\u0107, \u017ce [&hellip;]<\/p>\n","protected":false},"author":2,"featured_media":0,"comment_status":"open","ping_status":"open","sticky":false,"template":"","format":"standard","meta":{"footnotes":""},"categories":[8],"tags":[12,13],"class_list":["post-1047","post","type-post","status-publish","format-standard","hentry","category-aktualnosci","tag-odszkodowanie","tag-zadoscuczynienie"],"_links":{"self":[{"href":"https:\/\/www.odszkodowania.info.pl\/index.php?rest_route=\/wp\/v2\/posts\/1047","targetHints":{"allow":["GET"]}}],"collection":[{"href":"https:\/\/www.odszkodowania.info.pl\/index.php?rest_route=\/wp\/v2\/posts"}],"about":[{"href":"https:\/\/www.odszkodowania.info.pl\/index.php?rest_route=\/wp\/v2\/types\/post"}],"author":[{"embeddable":true,"href":"https:\/\/www.odszkodowania.info.pl\/index.php?rest_route=\/wp\/v2\/users\/2"}],"replies":[{"embeddable":true,"href":"https:\/\/www.odszkodowania.info.pl\/index.php?rest_route=%2Fwp%2Fv2%2Fcomments&post=1047"}],"version-history":[{"count":1,"href":"https:\/\/www.odszkodowania.info.pl\/index.php?rest_route=\/wp\/v2\/posts\/1047\/revisions"}],"predecessor-version":[{"id":1048,"href":"https:\/\/www.odszkodowania.info.pl\/index.php?rest_route=\/wp\/v2\/posts\/1047\/revisions\/1048"}],"wp:attachment":[{"href":"https:\/\/www.odszkodowania.info.pl\/index.php?rest_route=%2Fwp%2Fv2%2Fmedia&parent=1047"}],"wp:term":[{"taxonomy":"category","embeddable":true,"href":"https:\/\/www.odszkodowania.info.pl\/index.php?rest_route=%2Fwp%2Fv2%2Fcategories&post=1047"},{"taxonomy":"post_tag","embeddable":true,"href":"https:\/\/www.odszkodowania.info.pl\/index.php?rest_route=%2Fwp%2Fv2%2Ftags&post=1047"}],"curies":[{"name":"wp","href":"https:\/\/api.w.org\/{rel}","templated":true}]}}