{"id":1049,"date":"2011-01-11T23:27:04","date_gmt":"2011-01-11T22:27:04","guid":{"rendered":"http:\/\/www.odszkodowania.info.pl\/?p=1049"},"modified":"2011-01-11T23:27:04","modified_gmt":"2011-01-11T22:27:04","slug":"parafia-chce-odszkodowania-100-mln-zl","status":"publish","type":"post","link":"https:\/\/www.odszkodowania.info.pl\/?p=1049","title":{"rendered":"Parafia chce odszkodowania &#8211; 100 mln z\u0142"},"content":{"rendered":"<p>100 milion\u00f3w z\u0142otych &#8211; takiego odszkodowania za zabrane w PRL-u ziemie \u017c\u0105da pozna\u0144ska parafia \u015bw. Jana Jerozolimskiego za Murami. W Poznaniu to sp\u00f3r s\u0105dowy numer jeden. Reporterka &#8222;Czarno na Bia\u0142ym&#8221; Joanna Komolka sprawdzi\u0142a, dlaczego ko\u015bci\u00f3\u0142 chce tak gigantycznych pieni\u0119dzy i czemu przez lata nie dosz\u0142o do ugody w tej sprawie. Wyrok ma zapa\u015b\u0107 w \u015brod\u0119.<br \/>\n100 milion\u00f3w z\u0142otych to suma, kt\u00f3ra robi wra\u017cenie na wszystkich &#8211; nawet na parafianach najstarszego w Poznaniu ko\u015bcio\u0142a i na samym proboszczu. Na tyle wyceniono ziemie zabrane przez komunist\u00f3w. W\u0105tpliwo\u015bci maj\u0105 jednak nawet eksperci wyniku nieruchomo\u015bci.<\/p>\n<p>&#8211; Inwestor, kt\u00f3ry chcia\u0142by to kupi\u0107, na pewno nie zap\u0142aci\u0142by 100 milion\u00f3w &#8211; przekonuje dr Krzysztof Celka z Uniwersytetu Ekonomicznego w Poznaniu.<\/p>\n<p>Sk\u0105d tak astronomiczna suma? Dawne parafialne ziemie obejmuj\u0105 cz\u0119\u015b\u0107 osiedla z wie\u017cowcami, fragment sztucznego jeziora Malta oraz olbrzymi kompleks sportowy, gdzie odbywaj\u0105 si\u0119 najwa\u017cniejsze zawody wio\u015blarskie na \u015bwiecie.<\/p>\n<p>Dziesi\u0119\u0107 lat post\u0119powania bez rozwi\u0105zania<br \/>\n&#8222;Nie chcemy szkodzi\u0107 Ko\u015bcio\u0142owi, ale&#8230;&#8221;. Rz\u0105d zamkn\u0105\u0142 Komisj\u0119 Maj\u0105tkow\u0105<br \/>\n&#8211; Nie by\u0142a to \u0142atwa dyskusja, ale przyj\u0119li\u015bmy projekt ustawy, kt\u00f3ry ko\u0144czy&#8230; czytaj wi\u0119cej \u00bb<\/p>\n<p>W sprawie odszkodowania przez dziesi\u0119\u0107 lat toczy\u0142o si\u0119 post\u0119powanie przed Komisj\u0105 Maj\u0105tkow\u0105. Nie przynios\u0142o rezultatu &#8211; do ugody nie dosz\u0142o. Parafia zdecydowa\u0142a si\u0119 zatem walczy\u0107 o pieni\u0105dze przed s\u0105dem. &#8211; Ta konfiskata by\u0142a wbrew prawu, to by\u0142y odwieczne tereny ko\u015bcio\u0142a i dzisiaj nie mo\u017cna powiedzie\u0107, \u017ce to za du\u017co pieni\u0119dzy. Prawo musi by\u0107 przestrzegane &#8211; uwa\u017ca eurodeputowany Marek Libicki.<\/p>\n<p>Na razie jednak \u017caden wyrok nie zapad\u0142, chocia\u017c post\u0119powanie przed pozna\u0144skim s\u0105dem toczy si\u0119 ju\u017c ponad pi\u0119\u0107 lat. Og\u0142oszenie wyroku wielokrotnie by\u0142o odk\u0142adane. Spraw\u0119 komplikuje fakt, \u017ce poprzedni proboszcz parafii zdecydowa\u0142 si\u0119 zrezygnowa\u0107 z roszcze\u0144 w zamian za cz\u0119\u015b\u0107 parku. I to tej umowy trzyma si\u0119 teraz miasto. Jednak zdaniem radcy prawnego parafii, Tadeusza Kaliszewskiego, umowa jest niewa\u017cna, bo proboszcz musia\u0142by uzyska\u0107 zgod\u0119 Watykanu, \u017ceby zrzec si\u0119 odszkodowania.<\/p>\n<p>Pa\u0144stwo zap\u0142aci<br \/>\nKo\u015bci\u00f3\u0142: dostali\u015bmy tylko 107,5 mln odszkodowania<br \/>\n&#8211; Dochodzi do bezprzyk\u0142adnej nagonki na Ko\u015bci\u00f3\u0142 w zwi\u0105zku z Komisj\u0105&#8230; czytaj wi\u0119cej \u00bb<\/p>\n<p>Je\u015bli s\u0105d wyda wyrok na korzy\u015b\u0107 parafii, Ministerstwo Finans\u00f3w b\u0119dzie musia\u0142o zap\u0142aci\u0107 \u017c\u0105dan\u0105 sum\u0119 &#8211; z naszych wsp\u00f3lnych pieni\u0119dzy. &#8211; Pa\u0144stwo musi ponosi\u0107 te koszty, jest na to specjalna rezerwa &#8211; m\u00f3wi Magdalena Kobos resortu finans\u00f3w.<\/p>\n<p>Pieni\u0119dzy na razie nie ma, ale parafia ju\u017c cz\u0119\u015bciowo wie, co z nimi zrobi. Przede wszystkim p\u00f3jd\u0105 na utrzymanie zakonu malta\u0144skiego, kt\u00f3ry obok prowadzi dzia\u0142alno\u015b\u0107 charytatywn\u0105. &#8211; Sama parafia potrzebuje wiele &#8211; cho\u0107by na remont ko\u015bcio\u0142a &#8211; m\u00f3wi ks. Pawe\u0142 Deskur, proboszcz.<\/p>\n<p>tvn24.pl<\/p>\n","protected":false},"excerpt":{"rendered":"<p>100 milion\u00f3w z\u0142otych &#8211; takiego odszkodowania za zabrane w PRL-u ziemie \u017c\u0105da pozna\u0144ska parafia \u015bw. Jana Jerozolimskiego za Murami. W Poznaniu to sp\u00f3r s\u0105dowy numer jeden. Reporterka &#8222;Czarno na Bia\u0142ym&#8221; Joanna Komolka sprawdzi\u0142a, dlaczego ko\u015bci\u00f3\u0142 chce tak gigantycznych pieni\u0119dzy i czemu przez lata nie dosz\u0142o do ugody w tej sprawie. Wyrok ma zapa\u015b\u0107 w \u015brod\u0119. [&hellip;]<\/p>\n","protected":false},"author":2,"featured_media":0,"comment_status":"open","ping_status":"open","sticky":false,"template":"","format":"standard","meta":{"footnotes":""},"categories":[8],"tags":[12],"class_list":["post-1049","post","type-post","status-publish","format-standard","hentry","category-aktualnosci","tag-odszkodowanie"],"_links":{"self":[{"href":"https:\/\/www.odszkodowania.info.pl\/index.php?rest_route=\/wp\/v2\/posts\/1049","targetHints":{"allow":["GET"]}}],"collection":[{"href":"https:\/\/www.odszkodowania.info.pl\/index.php?rest_route=\/wp\/v2\/posts"}],"about":[{"href":"https:\/\/www.odszkodowania.info.pl\/index.php?rest_route=\/wp\/v2\/types\/post"}],"author":[{"embeddable":true,"href":"https:\/\/www.odszkodowania.info.pl\/index.php?rest_route=\/wp\/v2\/users\/2"}],"replies":[{"embeddable":true,"href":"https:\/\/www.odszkodowania.info.pl\/index.php?rest_route=%2Fwp%2Fv2%2Fcomments&post=1049"}],"version-history":[{"count":1,"href":"https:\/\/www.odszkodowania.info.pl\/index.php?rest_route=\/wp\/v2\/posts\/1049\/revisions"}],"predecessor-version":[{"id":1050,"href":"https:\/\/www.odszkodowania.info.pl\/index.php?rest_route=\/wp\/v2\/posts\/1049\/revisions\/1050"}],"wp:attachment":[{"href":"https:\/\/www.odszkodowania.info.pl\/index.php?rest_route=%2Fwp%2Fv2%2Fmedia&parent=1049"}],"wp:term":[{"taxonomy":"category","embeddable":true,"href":"https:\/\/www.odszkodowania.info.pl\/index.php?rest_route=%2Fwp%2Fv2%2Fcategories&post=1049"},{"taxonomy":"post_tag","embeddable":true,"href":"https:\/\/www.odszkodowania.info.pl\/index.php?rest_route=%2Fwp%2Fv2%2Ftags&post=1049"}],"curies":[{"name":"wp","href":"https:\/\/api.w.org\/{rel}","templated":true}]}}