{"id":1051,"date":"2011-01-18T10:17:20","date_gmt":"2011-01-18T09:17:20","guid":{"rendered":"http:\/\/www.odszkodowania.info.pl\/?p=1051"},"modified":"2011-01-18T10:17:20","modified_gmt":"2011-01-18T09:17:20","slug":"pasazerowie-tu-154-bez-ubezpieczenia","status":"publish","type":"post","link":"https:\/\/www.odszkodowania.info.pl\/?p=1051","title":{"rendered":"Pasa\u017cerowie Tu-154 bez ubezpieczenia"},"content":{"rendered":"<p>Skarb pa\u0144stwa przygotowuje ugody z rodzinami ofiar katastrofy smole\u0144skiej. Odszkodowania zap\u0142aci pa\u0144stwo, bo wi\u0119kszo\u015b\u0107 ofiar nie by\u0142a ubezpieczona <\/p>\n<p>&#8211; Z perspektywy czasu szkoda, \u017ce tak si\u0119 sta\u0142o &#8211; m\u00f3wi &#8222;Gazecie&#8221; mec. Rafa\u0142 Rogalski, pe\u0142nomocnik cz\u0119\u015bci rodzin ofiar katastrofy pod Smole\u0144skiem, m.in. Jaros\u0142awa Kaczy\u0144skiego i Przemys\u0142awa Gosiewskiego. Zastrzega, \u017ce sprawa odszkodowa\u0144 &#8222;nie jest aktualnie rozwa\u017cana przez osoby, kt\u00f3re reprezentuje&#8221;. Ale dodaje: &#8211; Nie wykluczam, \u017ce mo\u017cemy wyst\u0105pi\u0107 z pozwami o odszkodowanie, ale je\u015bli chodzi o prezesa Kaczy\u0144skiego, ta sprawa w og\u00f3le nie b\u0119dzie przedmiotem rozwa\u017ca\u0144.<\/p>\n<p>B\u0119d\u0105 ugody w sprawie odszkodowa\u0144<\/p>\n<p>Jak dowiedzia\u0142a si\u0119 &#8222;Gazeta&#8221;, cz\u0119\u015b\u0107 rodzin ju\u017c rozmawia o ugodzie w sprawie odszkodowa\u0144 z Prokuratori\u0105 Generaln\u0105 Skarbu Pa\u0144stwa. Krzysztof Jastrz\u0119bski, szef Biura Prezesa Prokuratorii, nie chce powiedzie\u0107, ilu os\u00f3b dotycz\u0105 te negocjacje. &#8211; Wkr\u00f3tce b\u0119dziemy mogli udzieli\u0107 informacji na ten temat &#8211; zapewnia. Nieoficjalnie wiadomo, \u017ce mog\u0105 one zosta\u0107 og\u0142oszone w pi\u0105tek.<\/p>\n<p>Rodziny i ich pe\u0142nomocnicy o negocjacjach m\u00f3wi\u0105 niech\u0119tnie. W wywiadzie dla &#8222;Newsweeka&#8221; Pawe\u0142 Deresz (m\u0105\u017c Joanny Szymanek-Deresz, jednej z ofiar katastrofy) stwierdzi\u0142, \u017ce &#8222;na razie nikt tego problemu oficjalnie nie porusza&#8221;. &#8211; Ale w kuluarowych rozmowach podczas spotka\u0144 u premiera cz\u0142onkowie rodzin ofiar wielokrotnie mnie pytali, czy co\u015b wiem na temat odszkodowa\u0144. Wiem, \u017ce prokuratura rozmawia o nich z przedstawicielami niekt\u00f3rych rodzin smole\u0144skich. Nie chc\u0105c dopu\u015bci\u0107 do sprawy s\u0105dowej, wol\u0105 ca\u0142\u0105 rzecz za\u0142atwi\u0107 na zasadzie ugody, w drodze indywidualnych negocjacji okre\u015blaj\u0105cych sum\u0119 zado\u015b\u0107uczynienia &#8211; doda\u0142 Pawe\u0142 Deresz.<\/p>\n<p>Rogalski pytany, o jakie sumy mog\u0105 ubiega\u0107 si\u0119 rodziny, twierdzi, \u017ce co najmniej o 500 tys. z\u0142. ka\u017cda. Ale drugi pe\u0142nomocnik rodzin (prosi o anonimowo\u015b\u0107) t\u0142umaczy nam: &#8211; S\u0105 dwa punkty odniesienia. Pierwszy to suma, na kt\u00f3r\u0105 ubezpieczona by\u0142a para prezydencka, czyli, jak s\u0142yszeli\u015bmy, 3 mln z\u0142. Drugi to kwota, jak\u0105 zwyczajowo wyp\u0142acaj\u0105 linie lotnicze za \u015bmier\u0107 w wypadku niezawinionym przez przewo\u017anika. Wed\u0142ug mojej wiedzy to 4 mln z\u0142 dla ka\u017cdej rodziny. A je\u015bli b\u0119d\u0105 rodziny, kt\u00f3re uznaj\u0105, \u017ce mo\u017cna obci\u0105\u017cy\u0107 kogo\u015b za ten wypadek, kwoty mog\u0105 by\u0107 jeszcze wi\u0119ksze.<\/p>\n<p>Ze \u017ar\u00f3de\u0142 w MON dowiedzieli\u015bmy si\u0119, \u017ce rodziny \u017co\u0142nierzy i oficer\u00f3w, kt\u00f3rzy zgin\u0119li w katastrofie (by\u0142o ich 20), b\u0119d\u0105 domaga\u0107 si\u0119 odszkodowa\u0144 po 1 mln z\u0142. Tyle samo \u017c\u0105daj\u0105 rodziny oficer\u00f3w, kt\u00f3rzy zgin\u0119li w katastrofie samolotu CASA w 2008 r.<\/p>\n<p>Na odszkodowania wyp\u0142acane w ramach ug\u00f3d z nimi stworzono specjaln\u0105 rezerw\u0119 bud\u017cetow\u0105.<\/p>\n<p>Dlaczego nie byli ubezpieczeni<\/p>\n<p>&#8211; Zgodnie z art. 2 prawa lotniczego pa\u0144stwowe statki powietrzne nie musz\u0105 by\u0107 ubezpieczane. Taki obowi\u0105zek maj\u0105 tylko samoloty cywilne &#8211; t\u0142umaczy jeden z ubezpieczycieli. Ile taka polisa kosztuje? &#8211; Ok. 300 tys. dol., ale wszystko zale\u017cy od warunk\u00f3w ubezpieczenia &#8211; dodaje specjalista od ubezpiecze\u0144 lotniczych.<\/p>\n<p>&#8211; Pasa\u017cer\u00f3w lot\u00f3w samolotami wojskowymi lataj\u0105cymi w barwach 36. pu\u0142ku ubezpiecza od nast\u0119pstw nieszcz\u0119\u015bliwych wypadk\u00f3w dysponent lotu. 10 kwietnia 2010 r. dysponentem by\u0142a Kancelaria Prezydenta RP &#8211; m\u00f3wi &#8222;Gazecie&#8221; rzecznik MON Janusz Sejmej. Czy ubezpieczy\u0142a pasa\u017cer\u00f3w samolotu, kt\u00f3ry rozbi\u0142 si\u0119 w Smole\u0144sku? Sejmej nie wie.<\/p>\n<p>Nieoficjalnie wiadomo, \u017ce nie. Potwierdza to pe\u0142nomocnik prawny kilku rodzin ofiar katastrofy. &#8211; Ten problem pojawi\u0142 si\u0119 zaraz po katastrofie, gdy okaza\u0142o si\u0119, \u017ce ubezpieczona by\u0142a tylko para prezydencka. Gdyby by\u0142y wykupione polisy dla pasa\u017cer\u00f3w, p\u0142aci\u0142by ubezpieczyciel, a tak roszczenia s\u0105 kierowane do skarbu pa\u0144stwa &#8211; m\u00f3wi.<\/p>\n<p>Dlaczego nie wykupiono polis? Biuro prasowe Kancelarii na razie nie odpowiada. Jacek Sasin, wiceszef Kancelarii Prezydenta Lecha Kaczy\u0144skiego, nie odpowiedzia\u0142 na pro\u015bb\u0119 o rozmow\u0119.<\/p>\n<p>A czy mieli wykupione polisy pasa\u017cerowie lotu z 7 kwietnia, organizowanego przez kancelari\u0119 premiera? Z dw\u00f3ch \u017ar\u00f3de\u0142 us\u0142yszeli\u015bmy, \u017ce te\u017c nie. &#8211; Takie ubezpieczenie wykupuje si\u0119 wybi\u00f3rczo, np. przy lotach do Iraku i Afganistanu zapewniamy polisy na 250 tys. z\u0142. Ale do Brukseli czy na Litw\u0119 pasa\u017cerowie lataj\u0105 bez ubezpieczenia, chyba \u017ce sami sobie je wykupi\u0105 &#8211; m\u00f3wi urz\u0119dnik MON.<\/p>\n<p>MAK: powinni mie\u0107 polisy<\/p>\n<p>W\u0105tek braku polis ubezpieczeniowych dla samolotu, cz\u0142onk\u00f3w za\u0142ogi i pasa\u017cer\u00f3w prezydenckiego tupolewa pojawia si\u0119 kilka razy w raporcie rosyjskiego MAK. &#8222;Polisy OC nie przedstawiono, nie przedstawiono danych o ubezpieczeniu pasa\u017cer\u00f3w, polisy ubezpieczeniowa dla cz\u0142onk\u00f3w za\u0142ogi, statku powietrznego i odpowiedzialno\u015bci cywilnej s\u0105 dokumentami obowi\u0105zkowymi i powinny znajdowa\u0107 si\u0119 na pok\u0142adzie&#8221; &#8211; pisz\u0105 autorzy raportu.<\/p>\n<p>Brak OC samolotu strona polska odpiera stwierdzeniem z uwag MSWiA do raportu MAK, \u017ce tupolew &#8222;by\u0142 statkiem pa\u0144stwowym i jako taki nie podlega\u0142 obowi\u0105zkowemu ubezpieczeniu&#8221;.<\/p>\n<p>A co z pasa\u017cerami? Wed\u0142ug MSWiA za &#8222;szkody os\u00f3b trzecich&#8221; tak samo jak za wszelkie straty spowodowane przez katastrof\u0119 samolotu odpowie skarb pa\u0144stwa.<\/p>\n<p>\u0179r\u00f3d\u0142o: Gazeta Wyborcza<\/p>\n","protected":false},"excerpt":{"rendered":"<p>Skarb pa\u0144stwa przygotowuje ugody z rodzinami ofiar katastrofy smole\u0144skiej. Odszkodowania zap\u0142aci pa\u0144stwo, bo wi\u0119kszo\u015b\u0107 ofiar nie by\u0142a ubezpieczona &#8211; Z perspektywy czasu szkoda, \u017ce tak si\u0119 sta\u0142o &#8211; m\u00f3wi &#8222;Gazecie&#8221; mec. Rafa\u0142 Rogalski, pe\u0142nomocnik cz\u0119\u015bci rodzin ofiar katastrofy pod Smole\u0144skiem, m.in. Jaros\u0142awa Kaczy\u0144skiego i Przemys\u0142awa Gosiewskiego. Zastrzega, \u017ce sprawa odszkodowa\u0144 &#8222;nie jest aktualnie rozwa\u017cana przez [&hellip;]<\/p>\n","protected":false},"author":2,"featured_media":0,"comment_status":"open","ping_status":"open","sticky":false,"template":"","format":"standard","meta":{"footnotes":""},"categories":[8],"tags":[11,12,13],"class_list":["post-1051","post","type-post","status-publish","format-standard","hentry","category-aktualnosci","tag-marshal","tag-odszkodowanie","tag-zadoscuczynienie"],"_links":{"self":[{"href":"https:\/\/www.odszkodowania.info.pl\/index.php?rest_route=\/wp\/v2\/posts\/1051","targetHints":{"allow":["GET"]}}],"collection":[{"href":"https:\/\/www.odszkodowania.info.pl\/index.php?rest_route=\/wp\/v2\/posts"}],"about":[{"href":"https:\/\/www.odszkodowania.info.pl\/index.php?rest_route=\/wp\/v2\/types\/post"}],"author":[{"embeddable":true,"href":"https:\/\/www.odszkodowania.info.pl\/index.php?rest_route=\/wp\/v2\/users\/2"}],"replies":[{"embeddable":true,"href":"https:\/\/www.odszkodowania.info.pl\/index.php?rest_route=%2Fwp%2Fv2%2Fcomments&post=1051"}],"version-history":[{"count":1,"href":"https:\/\/www.odszkodowania.info.pl\/index.php?rest_route=\/wp\/v2\/posts\/1051\/revisions"}],"predecessor-version":[{"id":1052,"href":"https:\/\/www.odszkodowania.info.pl\/index.php?rest_route=\/wp\/v2\/posts\/1051\/revisions\/1052"}],"wp:attachment":[{"href":"https:\/\/www.odszkodowania.info.pl\/index.php?rest_route=%2Fwp%2Fv2%2Fmedia&parent=1051"}],"wp:term":[{"taxonomy":"category","embeddable":true,"href":"https:\/\/www.odszkodowania.info.pl\/index.php?rest_route=%2Fwp%2Fv2%2Fcategories&post=1051"},{"taxonomy":"post_tag","embeddable":true,"href":"https:\/\/www.odszkodowania.info.pl\/index.php?rest_route=%2Fwp%2Fv2%2Ftags&post=1051"}],"curies":[{"name":"wp","href":"https:\/\/api.w.org\/{rel}","templated":true}]}}