{"id":1057,"date":"2011-01-22T12:03:15","date_gmt":"2011-01-22T11:03:15","guid":{"rendered":"http:\/\/www.odszkodowania.info.pl\/?p=1057"},"modified":"2011-01-22T12:03:15","modified_gmt":"2011-01-22T11:03:15","slug":"ile-za-smierc-najblizszych","status":"publish","type":"post","link":"https:\/\/www.odszkodowania.info.pl\/?p=1057","title":{"rendered":"Ile za \u015bmier\u0107 najbli\u017cszych"},"content":{"rendered":"<p>Rz\u0105d proponuje po 250 tys. z\u0142. dla wszystkich najbli\u017cszych ofiar katastrofy smole\u0144skiej. Na podobn\u0105 ugod\u0119 licz\u0105 bliscy ofiar katastrofy CAS-y<br \/>\nProkuratoria Generalna Skarbu Pa\u0144stwa w imieniu rz\u0105du rozmawia\u0142a ju\u017c z rodzinami 30 ofiar katastrofy prezydenckiego tupolewa. &#8211; Tyle rodzin lub ich pe\u0142nomocnik\u00f3w zg\u0142osi\u0142o si\u0119 do nas od czasu, gdy latem 2010 r. na jednym ze spotka\u0144 z rodzinami poinformowali\u015bmy, \u017ce przygotowujemy ugody z kwot\u0105 zado\u015b\u0107uczynienia. Wiele os\u00f3b, z kt\u00f3rymi rozmawiali\u015bmy, m\u00f3wi\u0142o, \u017ce nie chce si\u0119 w tej sprawie procesowa\u0107 z pa\u0144stwem polskim. Oczywi\u015bcie ca\u0142y czas czekamy na kolejne zg\u0142oszenia. Rozumiemy, \u017ce nie wszyscy mog\u0105 by\u0107 jeszcze gotowi do rozm\u00f3w &#8211; powiedzia\u0142 wczoraj &#8222;Gazecie&#8221; Marcin Dziurda, prezes Prokuratorii Generalnej.<\/p>\n<p>Pieni\u0105dze maj\u0105 dosta\u0107 ma\u0142\u017conkowie, dzieci i rodzice ofiar. &#8211; Je\u015bli z takim roszczeniem b\u0119d\u0105 wyst\u0119powa\u0142y inne osoby, np. rodze\u0144stwo, spraw\u0119 rozstrzygnie s\u0105d &#8211; dodaje szef Prokuratorii. Je\u017celi ofiara katastrofy mia\u0142a wi\u0119cej ni\u017c jedn\u0105 osob\u0119 najbli\u017csz\u0105 (np. \u017con\u0119 i kilkoro dzieci), ka\u017cda z tych os\u00f3b otrzyma 250 tys. z\u0142.<\/p>\n<p>Prokuratoria nie informuje, kt\u00f3re rodziny rozmawiaj\u0105 o ugodzie. Beata Gosiewska, wdowa po po\u015ble PiS Przemys\u0142awie Gosiewskim, powiedzia\u0142a &#8222;Gazecie&#8221;, \u017ce z ni\u0105 nikt o tym nie rozmawia\u0142. &#8211; Rz\u0105d polski nie ubezpieczy\u0142 samolotu i ma obowi\u0105zek wyp\u0142aci\u0107 odszkodowania, ale w jakiej wysoko\u015bci, nie wiem, nie zastanawia\u0142am si\u0119 nad tym.<\/p>\n<p>Pytana, czy by\u0142aby zainteresowana tak\u0105 ugoda, m\u00f3wi kr\u00f3tko: &#8211; Teraz nie jestem w stanie tego oceni\u0107.<\/p>\n<p>Ewa Kochanowska, wdowa po rzeczniku praw obywatelskich Januszu Kochanowskim, m\u00f3wi, \u017ce &#8222;j\u0105 ta kwestia nie zajmuje&#8221;. &#8211; Od pocz\u0105tku powtarzam, \u017ce mnie interesuje tylko wyja\u015bnienie, jak dosz\u0142o do katastrofy. Je\u015bli s\u0105 rodziny, kt\u00f3re chc\u0105 odszkodowania, to nie jest to moja sprawa i nie b\u0119d\u0119 tego komentowa\u0107 &#8211; m\u00f3wi &#8222;Gazecie&#8221; Ewa Kochanowska.<\/p>\n<p>Pawe\u0142 Deresz, kt\u00f3ry w katastrofie straci\u0142 \u017con\u0119 Jolant\u0119 Szymanek-Deresz (pos\u0142anka SLD), stwierdza: &#8211; Za wcze\u015bnie na komentarz, musz\u0119 si\u0119 skonsultowa\u0107 z rodzin\u0105.<\/p>\n<p>Mec. Pawe\u0142 Rogalski, pe\u0142nomocnik cz\u0119\u015bci rodzin ofiar katastrofy pod Smole\u0144skiem, m.in. Jaros\u0142awa Kaczy\u0144skiego i Beaty Gosiewskiej: &#8211; Dla wszystkich rodzin, kt\u00f3re reprezentuj\u0119, sprawa odszkodowania nigdy nie by\u0142a pierwszoplanowa i nie by\u0142a przedmiotem naszych rozwa\u017ca\u0144. Najwa\u017cniejsze jest dla nas, by dotrze\u0107 do prawdy w sprawie przyczyn tej katastrofy. Ale wobec deklaracji Prokuratorii Generalnej rodziny musz\u0105 si\u0119 na t\u0105 kwesti\u0105 pochyli\u0107.<\/p>\n<p>Mec. Aleksander Pociej, pe\u0142nomocnik rodziny pos\u0142a PO Arkadiusza Rybickiego: &#8211; Jestem zbudowany tym gestem. Prokuratoria wysz\u0142a z bardzo wysokiego poziomu odszkodowania i uzna\u0142a je za minimum, bo zawarcie ugody nie zamyka \u017cadnej innej mo\u017cliwo\u015bci ubiegania si\u0119 o zado\u015b\u0107uczynienie za t\u0119 katastrof\u0119. \u017byczy\u0142bym sobie, by normalnie obywatel tak w\u0142a\u015bnie by\u0142 traktowany przez pa\u0144stwo.<\/p>\n<p>Ale cz\u0119\u015b\u0107 pe\u0142nomocnik\u00f3w o projekcie ugody wyra\u017ca si\u0119 krytycznie. &#8211; To skandaliczne, \u017cenuj\u0105co niskie propozycje, pr\u00f3ba przykrycia raportu MAK -powiedzia\u0142 PAP mec. Bartosz Kownacki, reprezentuj\u0105cy sze\u015b\u0107 rodzin ofiar katastrofy: gen. Andrzeja B\u0142asika, S\u0142awomira Skrzypka, Tomasza Merty, Gra\u017cyny G\u0119sickiej, Bo\u017ceny Mamontowicz-\u0141ojek i Wojciecha Seweryna. Doda\u0142, \u017ce rodziny, kt\u00f3re reprezentuje, s\u0105 &#8222;oburzone upublicznieniem tej informacji&#8221;.<\/p>\n<p>Kownacki uzna\u0142 kwoty zaproponowane przez Prokuratori\u0119 za &#8222;\u017cenuj\u0105co niskie&#8221;. W por\u00f3wnaniu z odszkodowaniami wyp\u0142acanymi przez cywilne linie lotnicze. &#8211; Tam minimalne odszkodowanie to jest milion z\u0142otych &#8211; podkre\u015bli\u0142.<\/p>\n<p>W opinii pe\u0142nomocnika Marty Kaczy\u0144skiej, mec. Marcina Dubieneckiego, decyzja o propozycji odszkodowa\u0144 to kolejna &#8222;propagandowa zagrywka rz\u0105du&#8221;.-Kwota 250 tys. z\u0142 jest, wed\u0142ug mnie jako pe\u0142nomocnika, w og\u00f3le nie do przyj\u0119cie &#8211; doda\u0142 Dubieniecki.<\/p>\n<p>Skarb pa\u0144stwa wzi\u0105\u0142 na siebie obowi\u0105zek wyp\u0142aty odszkodowa\u0144, bo Tu-154 nie by\u0142 ubezpieczony.<\/p>\n<p>Rzecznik MON Janusz Sejmej m\u00f3wi\u0142 &#8222;Gazecie&#8221;, \u017ce pasa\u017cer\u00f3w lot\u00f3w samolotami wojskowymi lataj\u0105cymi w barwach 36. specpu\u0142ku ubezpiecza od nast\u0119pstw nieszcz\u0119\u015bliwych wypadk\u00f3w dysponent lotu. Ale ani kancelaria premiera, kt\u00f3ra korzysta\u0142a z samolotu 7 kwietnia, ani Kancelaria Prezydenta samolotu nie ubezpieczy\u0142y.<\/p>\n<p>Przyj\u0119cie rz\u0105dowej propozycji zado\u015b\u0107uczynienia nie zamyka rodzinom drogi do innych roszcze\u0144 takich jak renta po zmar\u0142ym czy odszkodowanie za znaczne pogorszenie sytuacji \u017cyciowej.<\/p>\n<p>&#8211; To, co proponujemy, to jest zado\u015b\u0107uczynienie za doznane cierpienia. Dla ka\u017cdego proponujemy t\u0119 sam\u0105 kwot\u0119, bo nie wyobra\u017cam sobie, \u017ceby mo\u017cna by\u0142o r\u00f3\u017cnicowa\u0107 cierpienie &#8211; podkre\u015bla prezes Dziurda. I dodaje: &#8211; Rozmowy z rodzinami by\u0142y \u0142atwiejsze, ni\u017c si\u0119 spodziewa\u0142em. By\u0142o z ich strony du\u017co dobrej woli. Podkre\u015blali, \u017ce nie chc\u0105 z t\u0105 spraw\u0105 i\u015b\u0107 do s\u0105du, bo osoba, kt\u00f3ra zgin\u0119\u0142a w katastrofie, s\u0142u\u017cy\u0142a pa\u0144stwu polskiemu. To by\u0142o buduj\u0105ce.<\/p>\n<p>Sk\u0105d kwota 250 tys. z\u0142? Prokuratoria przyj\u0119\u0142a j\u0105 na podstawie orzeczenia s\u0105du, kt\u00f3ry przyznawa\u0142 zado\u015b\u0107uczynienie \u017conie ofiary wypadku samochodowego.<\/p>\n<p>W komunikacie Prokuratorii czytamy, \u017ce &#8222;forma zawarcia ug\u00f3d zale\u017ce\u0107 b\u0119dzie od ustale\u0144 z poszczeg\u00f3lnymi uprawnionymi. Najbardziej prawdopodobne wydaje si\u0119 zawieranie ug\u00f3d przed s\u0105dami, nie jest jednak wykluczone podpisywanie ug\u00f3d pozas\u0105dowych&#8221;.<\/p>\n<p>CASA nieza\u0142atwiona<\/p>\n<p>Przepis o zado\u015b\u0107uczynieniach w polskim kodeksie cywilnym obowi\u0105zuje dopiero od sierpnia 2008 r. Rodziny ofiar katastrofy smole\u0144skiej jako pierwsze mog\u0105 skorzysta\u0107 z niego na tak\u0105 skal\u0119.<\/p>\n<p>W gorszej sytuacji s\u0105 osoby, kt\u00f3rych bliscy zgin\u0119li w katastrofie wojskowej CAS-y, kt\u00f3ra zdarzy\u0142a si\u0119 23 stycznia 2008 r., jeszcze przed wprowadzeniem tego przepisu.<\/p>\n<p>Wczoraj rozpocz\u0119\u0142y si\u0119 obchody trzeciej rocznicy tego wydarzenia. Pod pomnikiem postawionym w Miros\u0142awcu, gdzie zgin\u0119\u0142o 20 polskich lotnik\u00f3w, byli szef MON Bogdan Klich i najwy\u017csi polscy dow\u00f3dcy. Klich zapewnia\u0142, \u017ce MON ca\u0142y czas pomaga poszkodowanym rodzinom. Dziennikarzom t\u0142umaczy\u0142, \u017ce aby pom\u00f3c bliskim ofiar, resort &#8222;wycisn\u0105\u0142 soki z polskiego prawa jak z cytryny&#8221;. Innego zdania s\u0105 jednak rodziny zabitych w katastrofie oficer\u00f3w. Ka\u017cda z nich w po\u0142owie grudnia za\u017c\u0105da\u0142a od MON milionowego odszkodowania. Do resortu wp\u0142yn\u0119\u0142y przedprocesowe wezwania przygotowane przez kancelari\u0119 adwokack\u0105. Zado\u015b\u0107uczynienia domagaj\u0105 si\u0119 na podstawie &#8222;naruszenia ich d\u00f3br osobistych&#8221;. &#8211; Przez \u015bmier\u0107 najbli\u017cszych zosta\u0142y zerwane wi\u0119zy rodzinne &#8211; wyja\u015bnia mec. Sylwester Nowakowski, kt\u00f3ry reprezentuje rodziny ofiar CAS-y. &#8211; Nieprawd\u0105 jest, \u017ce rodziny dosta\u0142y od MON wszystko, co im si\u0119 nale\u017ca\u0142o. To jedynie \u015bwiadczenia wynikaj\u0105ce ze \u015bmierci ich najbli\u017cszych, a nie z tytu\u0142u katastrofy, do jakiej dosz\u0142o.<\/p>\n<p>Nowakowski podkre\u015bla, \u017ce skandalem by\u0142oby, gdyby okaza\u0142o si\u0119, \u017ce odszkodowania otrzymaj\u0105 rodziny ofiar katastrofy w Smole\u0144sku, a te po katastrofie samolotu CASA &#8211; nie.<\/p>\n<p>&#8211; Chcemy ugody. Niedawno podpisa\u0142em dokumenty w tej sprawie &#8211; m\u00f3wi Klich. Resort ma reprezentowa\u0107 Prokuratoria Generalna. &#8211; Ale ja takiej odpowiedzi MON nie mam &#8211; m\u00f3wi Nowakowski. &#8211; A wyobra\u017cam sobie, \u017ce najpierw musz\u0119 mie\u0107 oficjaln\u0105 deklaracj\u0119, by potem usi\u0105\u015b\u0107 i rozmawia\u0107 o ewentualnej kwocie zado\u015b\u0107uczynienia, i zawrze\u0107 ugod\u0119 pod s\u0105dem.<\/p>\n<p>I dlatego kilka dni temu Nowakowski z\u0142o\u017cy\u0142 w s\u0105dzie w Warszawie 48 wezwa\u0144 do pr\u00f3by ugodowego rozwi\u0105zania kwestii odszkodowa\u0144.<\/p>\n<p>Samolot transportowy CASA C-295 M rozbi\u0142 si\u0119 23 stycznia 2008 r., podchodz\u0105c do l\u0105dowania na lotnisku w Miros\u0142awcu. Lecia\u0142 z Warszawy z mi\u0119dzyl\u0105dowaniem w Powidzu i Krzesinach, gdzie zosta\u0142a cz\u0119\u015b\u0107 pasa\u017cer\u00f3w. Badaj\u0105ca przyczyny wypadk\u00f3w komisja stwierdzi\u0142a, \u017ce do tragedii dosz\u0142o m.in. na skutek niew\u0142a\u015bciwego doboru za\u0142ogi, znaczenie mia\u0142a jej z\u0142a wsp\u00f3\u0142praca w trakcie lotu, z\u0142a pogoda na lotnisku, brak obserwacji wskaza\u0144 radiowysoko\u015bciomierza podczas podchodzenia do l\u0105dowania, b\u0142\u0119dna interpretacja wskaza\u0144 wysoko\u015bciomierzy. <\/p>\n<p>gazeta.pl<\/p>\n","protected":false},"excerpt":{"rendered":"<p>Rz\u0105d proponuje po 250 tys. z\u0142. dla wszystkich najbli\u017cszych ofiar katastrofy smole\u0144skiej. Na podobn\u0105 ugod\u0119 licz\u0105 bliscy ofiar katastrofy CAS-y Prokuratoria Generalna Skarbu Pa\u0144stwa w imieniu rz\u0105du rozmawia\u0142a ju\u017c z rodzinami 30 ofiar katastrofy prezydenckiego tupolewa. &#8211; Tyle rodzin lub ich pe\u0142nomocnik\u00f3w zg\u0142osi\u0142o si\u0119 do nas od czasu, gdy latem 2010 r. na jednym ze [&hellip;]<\/p>\n","protected":false},"author":2,"featured_media":0,"comment_status":"open","ping_status":"open","sticky":false,"template":"","format":"standard","meta":{"footnotes":""},"categories":[8],"tags":[12,13],"class_list":["post-1057","post","type-post","status-publish","format-standard","hentry","category-aktualnosci","tag-odszkodowanie","tag-zadoscuczynienie"],"_links":{"self":[{"href":"https:\/\/www.odszkodowania.info.pl\/index.php?rest_route=\/wp\/v2\/posts\/1057","targetHints":{"allow":["GET"]}}],"collection":[{"href":"https:\/\/www.odszkodowania.info.pl\/index.php?rest_route=\/wp\/v2\/posts"}],"about":[{"href":"https:\/\/www.odszkodowania.info.pl\/index.php?rest_route=\/wp\/v2\/types\/post"}],"author":[{"embeddable":true,"href":"https:\/\/www.odszkodowania.info.pl\/index.php?rest_route=\/wp\/v2\/users\/2"}],"replies":[{"embeddable":true,"href":"https:\/\/www.odszkodowania.info.pl\/index.php?rest_route=%2Fwp%2Fv2%2Fcomments&post=1057"}],"version-history":[{"count":1,"href":"https:\/\/www.odszkodowania.info.pl\/index.php?rest_route=\/wp\/v2\/posts\/1057\/revisions"}],"predecessor-version":[{"id":1058,"href":"https:\/\/www.odszkodowania.info.pl\/index.php?rest_route=\/wp\/v2\/posts\/1057\/revisions\/1058"}],"wp:attachment":[{"href":"https:\/\/www.odszkodowania.info.pl\/index.php?rest_route=%2Fwp%2Fv2%2Fmedia&parent=1057"}],"wp:term":[{"taxonomy":"category","embeddable":true,"href":"https:\/\/www.odszkodowania.info.pl\/index.php?rest_route=%2Fwp%2Fv2%2Fcategories&post=1057"},{"taxonomy":"post_tag","embeddable":true,"href":"https:\/\/www.odszkodowania.info.pl\/index.php?rest_route=%2Fwp%2Fv2%2Ftags&post=1057"}],"curies":[{"name":"wp","href":"https:\/\/api.w.org\/{rel}","templated":true}]}}