{"id":1059,"date":"2011-01-22T13:16:17","date_gmt":"2011-01-22T12:16:17","guid":{"rendered":"http:\/\/www.odszkodowania.info.pl\/?p=1059"},"modified":"2011-01-22T13:16:17","modified_gmt":"2011-01-22T12:16:17","slug":"za-bledy-urzednik-odda-panstwu-nawet-swoja-roczna-pensje","status":"publish","type":"post","link":"https:\/\/www.odszkodowania.info.pl\/?p=1059","title":{"rendered":"Za b\u0142\u0119dy urz\u0119dnik odda pa\u0144stwu nawet swoj\u0105 roczn\u0105 pensj\u0119"},"content":{"rendered":"<p>Urz\u0119dnik zap\u0142aci z w\u0142asnej kieszeni nawet r\u00f3wnowarto\u015b\u0107 swojej rocznej pensji za zaniechanie lub za wydanie decyzji z ra\u017c\u0105cym naruszeniem prawa. W spraw\u0119 zostanie zaanga\u017cowany prokurator. Wczoraj pos\u0142owie zako\u0144czyli prace nad ustaw\u0105 o szczeg\u00f3lnych zasadach odpowiedzialno\u015bci funkcjonariuszy publicznych za ra\u017c\u0105ce naruszenie prawa. Umo\u017cliwi ona karanie urz\u0119dnik\u00f3w za ewidentne b\u0142\u0119dy.<\/p>\n<p>Pos\u0142owie doprecyzowali zakres spraw regulowanych przez ustaw\u0119. Przes\u0105dzili, \u017ce ustawa nie b\u0119dzie dawa\u0142a podstaw dochodzenia przez obywateli odszkodowa\u0144 od urz\u0119dnik\u00f3w, bo takie podstawy ju\u017c s\u0105. Wprowadzi natomiast odpowiedzialno\u015b\u0107 urz\u0119dnik\u00f3w wobec Skarbu Pa\u0144stwa lub jednostek samorz\u0105du terytorialnego, kt\u00f3re musia\u0142y wyp\u0142aci\u0107 odszkodowania na skutek b\u0142\u0119du urz\u0119dnika. Ustawa daje wi\u0119c podstawy do regresu wobec urz\u0119dnika.<\/p>\n<p>Przyj\u0119to tak\u017ce wa\u017cn\u0105 poprawk\u0119 Senatu o obligatoryjno\u015bci rozstrzygania przez s\u0105d na podstawie kodeksu post\u0119powania cywilnego czy prawa o post\u0119powaniu przed s\u0105dami administracyjnymi, czy dzia\u0142anie lub zaniechanie funkcjonariusza publicznego stanowi\u0142o ra\u017c\u0105ce naruszenie prawa.<\/p>\n<p>\u2013 Je\u017celi chcemy, aby ta ustawa by\u0142a szczelna i zawsze pozwala\u0142a ustali\u0107, czy nie ma podstawy do zwr\u00f3cenia si\u0119 z regresem do urz\u0119dnika, to musi by\u0107 obligatoryjne orzekanie przez s\u0105d o tym, czy naruszenie prawa by\u0142o ra\u017c\u0105ce \u2013 m\u00f3wi\u0142 podczas debaty Zbigniew Wrona, wiceminister sprawiedliwo\u015bci.<\/p>\n<p>Aby poci\u0105gn\u0105\u0107 urz\u0119dnika do odpowiedzialno\u015bci, konieczne b\u0119dzie przyznanie obywatelowi odszkodowania za szkod\u0119 wyrz\u0105dzon\u0105 z ra\u017c\u0105cym naruszeniem prawa. Jej \u017ar\u00f3d\u0142em musi by\u0107 zawinione dzia\u0142anie lub zaniechanie urz\u0119dnika. W\u00f3wczas szef urz\u0119du b\u0119dzie musia\u0142 przes\u0142a\u0107 prokuraturze odpis wyroku wraz z aktami sprawy i wnioskiem o wszcz\u0119cie post\u0119powania wyja\u015bniaj\u0105cego. Je\u015bli tego zaniecha, sam poniesie odpowiedzialno\u015b\u0107. Zadaniem prokuratora b\u0119dzie ustalenie, kt\u00f3ry urz\u0119dnik dopu\u015bci\u0142 si\u0119 ra\u017c\u0105cego naruszenia prawa. Je\u017celi stwierdzi, kt\u00f3ry funkcjonariusz pope\u0142ni\u0142 b\u0142\u0105d, wytoczy mu spraw\u0119. Przed z\u0142o\u017ceniem pozwu prokurator da urz\u0119dnikowi szans\u0119 dobrowolnej zap\u0142aty \u017c\u0105danej kwoty. Gdy \u015brodki w wyznaczonym terminie nie wp\u0142yn\u0105 na konto Skarbu Pa\u0144stwa, spraw\u0119 rozpozna s\u0105d.<\/p>\n<p>\u2013 Obawy nasze budzi to, \u017ce do procesu wprowadzono prokuratur\u0119 i post\u0119powanie mo\u017ce wyd\u0142u\u017cy\u0107 dochodzenie odszkodowa\u0144. Mo\u017ce si\u0119 to tak\u017ce wi\u0105za\u0107 z obawami pracownik\u00f3w dotycz\u0105cymi podejmowania decyzji i rozstrzygania trudnych kwestii \u2013 argumentowa\u0142a pose\u0142 Stanis\u0142awa Prz\u0105dka z SLD.<\/p>\n<p>Nowe przepisy trafi\u0142y do podpisu prezydenta. Wejd\u0105 w \u017cycie po up\u0142ywie 3 miesi\u0119cy od ich publikacji.<\/p>\n<p>\u0179r\u00f3d\u0142o: Dziennik Gazeta Prawna<\/p>\n","protected":false},"excerpt":{"rendered":"<p>Urz\u0119dnik zap\u0142aci z w\u0142asnej kieszeni nawet r\u00f3wnowarto\u015b\u0107 swojej rocznej pensji za zaniechanie lub za wydanie decyzji z ra\u017c\u0105cym naruszeniem prawa. W spraw\u0119 zostanie zaanga\u017cowany prokurator. Wczoraj pos\u0142owie zako\u0144czyli prace nad ustaw\u0105 o szczeg\u00f3lnych zasadach odpowiedzialno\u015bci funkcjonariuszy publicznych za ra\u017c\u0105ce naruszenie prawa. Umo\u017cliwi ona karanie urz\u0119dnik\u00f3w za ewidentne b\u0142\u0119dy. Pos\u0142owie doprecyzowali zakres spraw regulowanych przez ustaw\u0119. [&hellip;]<\/p>\n","protected":false},"author":2,"featured_media":0,"comment_status":"open","ping_status":"open","sticky":false,"template":"","format":"standard","meta":{"footnotes":""},"categories":[8],"tags":[12],"class_list":["post-1059","post","type-post","status-publish","format-standard","hentry","category-aktualnosci","tag-odszkodowanie"],"_links":{"self":[{"href":"https:\/\/www.odszkodowania.info.pl\/index.php?rest_route=\/wp\/v2\/posts\/1059","targetHints":{"allow":["GET"]}}],"collection":[{"href":"https:\/\/www.odszkodowania.info.pl\/index.php?rest_route=\/wp\/v2\/posts"}],"about":[{"href":"https:\/\/www.odszkodowania.info.pl\/index.php?rest_route=\/wp\/v2\/types\/post"}],"author":[{"embeddable":true,"href":"https:\/\/www.odszkodowania.info.pl\/index.php?rest_route=\/wp\/v2\/users\/2"}],"replies":[{"embeddable":true,"href":"https:\/\/www.odszkodowania.info.pl\/index.php?rest_route=%2Fwp%2Fv2%2Fcomments&post=1059"}],"version-history":[{"count":1,"href":"https:\/\/www.odszkodowania.info.pl\/index.php?rest_route=\/wp\/v2\/posts\/1059\/revisions"}],"predecessor-version":[{"id":1060,"href":"https:\/\/www.odszkodowania.info.pl\/index.php?rest_route=\/wp\/v2\/posts\/1059\/revisions\/1060"}],"wp:attachment":[{"href":"https:\/\/www.odszkodowania.info.pl\/index.php?rest_route=%2Fwp%2Fv2%2Fmedia&parent=1059"}],"wp:term":[{"taxonomy":"category","embeddable":true,"href":"https:\/\/www.odszkodowania.info.pl\/index.php?rest_route=%2Fwp%2Fv2%2Fcategories&post=1059"},{"taxonomy":"post_tag","embeddable":true,"href":"https:\/\/www.odszkodowania.info.pl\/index.php?rest_route=%2Fwp%2Fv2%2Ftags&post=1059"}],"curies":[{"name":"wp","href":"https:\/\/api.w.org\/{rel}","templated":true}]}}