{"id":1063,"date":"2011-01-30T22:09:28","date_gmt":"2011-01-30T21:09:28","guid":{"rendered":"http:\/\/www.odszkodowania.info.pl\/?p=1063"},"modified":"2011-01-30T22:09:28","modified_gmt":"2011-01-30T21:09:28","slug":"piu-zglasza-uwagi-do-zaliczkowego-projektu-ustawy","status":"publish","type":"post","link":"https:\/\/www.odszkodowania.info.pl\/?p=1063","title":{"rendered":"PIU zg\u0142asza uwagi do &#8222;zaliczkowego&#8221; projektu ustawy"},"content":{"rendered":"<p>Trwaj\u0105 konsultacje partner\u00f3w spo\u0142ecznych i uzgodnienia mi\u0119dzyresortowe dotycz\u0105ce opracowanego przez Ministerstwo Sprawiedliwo\u015bci projektu ustawy, kt\u00f3rego zapisy maj\u0105 stworzy\u0107 warunki umo\u017cliwiaj\u0105ce ofiarom wypadk\u00f3w drogowych szybszy powr\u00f3t do zdrowia. Niekt\u00f3re z zaproponowanych rozwi\u0105za\u0144 budz\u0105 jednak w\u0105tpliwo\u015bci Polskiej Izby Ubezpiecze\u0144.  <\/p>\n<p>Przygotowany przez resort sprawiedliwo\u015bci dokument, to projekt nowelizacji Kodeksu karnego, wprowadzaj\u0105cy do procedury karnej now\u0105 instytucj\u0119 &#8211; zabezpieczenie z tytu\u0142u obowi\u0105zkowego ubezpieczenia odpowiedzialno\u015bci cywilnej. Tworzy ona mechanizm maj\u0105cy poprawi\u0107 sytuacj\u0119 ofiar wypadk\u00f3w komunikacyjnych, poszkodowanych w wyniku czynu sprawcy, kt\u00f3rego skutki s\u0105 obj\u0119te lub obj\u0119te by\u0107 powinny obowi\u0105zkowym ubezpieczeniem OC.<\/p>\n<p>Polska Izba Ubezpiecze\u0144 nie ma zastrze\u017ce\u0144 do my\u015bli przewodniej projektu ustawy autorstwa MS. Potwierdzeniem s\u0105 s\u0142owa jej szefa. &#8211; PIU nie sprzeciwia si\u0119 idei zaliczek dla poszkodowanych w wypadkach komunikacyjnych. Jest to wa\u017cne w przypadku os\u00f3b, kt\u00f3re natychmiast po wypadku potrzebuj\u0105 \u015brodk\u00f3w na leczenie lub niezb\u0119dn\u0105 rehabilitacj\u0119, a w zwi\u0105zku z  tocz\u0105cym si\u0119 post\u0119powaniem karnym nie zosta\u0142a jeszcze rozstrzygni\u0119ta sprawa odpowiedzialno\u015bci sprawcy szkody. \u2013 deklaruje Jan Grzegorz Pr\u0105dzy\u0144ski, prezes zarz\u0105du PIU, cytowany w komunikacie Izby.<\/p>\n<p>Samorz\u0105d ubezpieczycieli ma jednak w\u0105tpliwo\u015bci co do cz\u0119\u015bci zapis\u00f3w projektu. &#8211; Trzeba zastanowi\u0107 si\u0119 nad niekt\u00f3rymi kwestiami, dotycz\u0105cymi rozwi\u0105za\u0144 proponowanych przez Ministerstwo Sprawiedliwo\u015bci. Dotyczy to przede wszystkim uprawnienia  prokuratora do  decydowania o obowi\u0105zku wyp\u0142aty zaliczki przez zak\u0142ad ubezpiecze\u0144 . W naszej opinii decyzj\u0119 powinien podejmowa\u0107  wy\u0142\u0105cznie s\u0105d, a nie prokurator. \u2013 podkre\u015bla Jan Grzegorz Pr\u0105dzy\u0144ski. Projekt zak\u0142ada bowiem, \u017ce je\u017celi zebrane w sprawie dowody wskazuj\u0105 na du\u017ce prawdopodobie\u0144stwo, \u017ce dana osoba pope\u0142ni\u0142a przest\u0119pstwo (wed\u0142ug okre\u015blonych zapis\u00f3w Kodeksu), s\u0105d na wniosek prokuratora, pokrzywdzonego lub osoby dla niego najbli\u017cszej (w post\u0119powaniu przygotowawczym prokurator na wniosek wspomnianych powy\u017cej os\u00f3b), mo\u017ce do czasu prawomocnego zako\u0144czenia post\u0119powania na\u0142o\u017cy\u0107 na ubezpieczyciela (lub w zale\u017cno\u015bci od sytuacji UFG czy te\u017c PBUK) obowi\u0105zek wyp\u0142aty \u015bwiadczenia na rzecz pokrzywdzonego z tytu\u0142u zaliczki na poczet odszkodowania, w celu udzielenia niezb\u0119dnej pomocy.<\/p>\n<p>Drug\u0105 budz\u0105c\u0105 w\u0105tpliwo\u015bci Izby kwesti\u0105 jest rozwi\u0105zanie dotycz\u0105ce egzekwowania zwrotu  wyp\u0142aconych zaliczek, w momencie gdy w wyniku post\u0119powania oka\u017ce si\u0119, \u017ce zak\u0142ad ubezpiecze\u0144 nie ponosi odpowiedzialno\u015bci.<\/p>\n<p>Projekt ustawy m\u00f3wi jedynie o tym, \u017ce podmiotowi zobowi\u0105zanemu do \u015bwiadczenia odszkodowawczego (czyli towarzystwu ubezpiecze\u0144, UFG lub PBUK) przys\u0142uguje roszczenie o zwrot spe\u0142nionych lub wyegzekwowanych \u015bwiadcze\u0144, w wypadku braku podstaw do ich wyp\u0142aty w ca\u0142o\u015bci lub w cz\u0119\u015bci. &#8211; W naszej opinii  Skarb Pa\u0144stwa  powinien gwarantowa\u0107 ubezpieczycielom odzyskanie kwot z tytu\u0142u zaliczek w takich przypadkach. \u2013 m\u00f3wi szef samorz\u0105du ubezpieczycieli.<br \/>\nArtur Makowiecki<br \/>\nnews@gu.com.pl<\/p>\n","protected":false},"excerpt":{"rendered":"<p>Trwaj\u0105 konsultacje partner\u00f3w spo\u0142ecznych i uzgodnienia mi\u0119dzyresortowe dotycz\u0105ce opracowanego przez Ministerstwo Sprawiedliwo\u015bci projektu ustawy, kt\u00f3rego zapisy maj\u0105 stworzy\u0107 warunki umo\u017cliwiaj\u0105ce ofiarom wypadk\u00f3w drogowych szybszy powr\u00f3t do zdrowia. Niekt\u00f3re z zaproponowanych rozwi\u0105za\u0144 budz\u0105 jednak w\u0105tpliwo\u015bci Polskiej Izby Ubezpiecze\u0144. Przygotowany przez resort sprawiedliwo\u015bci dokument, to projekt nowelizacji Kodeksu karnego, wprowadzaj\u0105cy do procedury karnej now\u0105 instytucj\u0119 &#8211; zabezpieczenie [&hellip;]<\/p>\n","protected":false},"author":2,"featured_media":0,"comment_status":"open","ping_status":"open","sticky":false,"template":"","format":"standard","meta":{"footnotes":""},"categories":[8],"tags":[12,13],"class_list":["post-1063","post","type-post","status-publish","format-standard","hentry","category-aktualnosci","tag-odszkodowanie","tag-zadoscuczynienie"],"_links":{"self":[{"href":"https:\/\/www.odszkodowania.info.pl\/index.php?rest_route=\/wp\/v2\/posts\/1063","targetHints":{"allow":["GET"]}}],"collection":[{"href":"https:\/\/www.odszkodowania.info.pl\/index.php?rest_route=\/wp\/v2\/posts"}],"about":[{"href":"https:\/\/www.odszkodowania.info.pl\/index.php?rest_route=\/wp\/v2\/types\/post"}],"author":[{"embeddable":true,"href":"https:\/\/www.odszkodowania.info.pl\/index.php?rest_route=\/wp\/v2\/users\/2"}],"replies":[{"embeddable":true,"href":"https:\/\/www.odszkodowania.info.pl\/index.php?rest_route=%2Fwp%2Fv2%2Fcomments&post=1063"}],"version-history":[{"count":1,"href":"https:\/\/www.odszkodowania.info.pl\/index.php?rest_route=\/wp\/v2\/posts\/1063\/revisions"}],"predecessor-version":[{"id":1064,"href":"https:\/\/www.odszkodowania.info.pl\/index.php?rest_route=\/wp\/v2\/posts\/1063\/revisions\/1064"}],"wp:attachment":[{"href":"https:\/\/www.odszkodowania.info.pl\/index.php?rest_route=%2Fwp%2Fv2%2Fmedia&parent=1063"}],"wp:term":[{"taxonomy":"category","embeddable":true,"href":"https:\/\/www.odszkodowania.info.pl\/index.php?rest_route=%2Fwp%2Fv2%2Fcategories&post=1063"},{"taxonomy":"post_tag","embeddable":true,"href":"https:\/\/www.odszkodowania.info.pl\/index.php?rest_route=%2Fwp%2Fv2%2Ftags&post=1063"}],"curies":[{"name":"wp","href":"https:\/\/api.w.org\/{rel}","templated":true}]}}