{"id":1065,"date":"2011-02-05T22:50:41","date_gmt":"2011-02-05T21:50:41","guid":{"rendered":"http:\/\/www.odszkodowania.info.pl\/?p=1065"},"modified":"2011-02-05T22:50:41","modified_gmt":"2011-02-05T21:50:41","slug":"uokik-kontra-ubezpieczyciele-walka-o-vat-w-odszkodowaniach","status":"publish","type":"post","link":"https:\/\/www.odszkodowania.info.pl\/?p=1065","title":{"rendered":"UOKiK kontra ubezpieczyciele &#8211; walka o VAT w odszkodowaniach"},"content":{"rendered":"<p>Nie wolno wyp\u0142aca\u0107 odszkodowa\u0144 AC bez VAT &#8211; twierdzi Urz\u0105d Ochrony Konkurencji i Konsument\u00f3w. Jednak firmy si\u0119 nie przejmuj\u0105, bo stoi za nimi &#8222;teoria prawa ubezpieczeniowego&#8221;. Pani Irena wykupi\u0142a polis\u0119 AC w PZU. Po st\u0142uczce wyst\u0105pi\u0142a o odszkodowanie z AC. Musia\u0142a dodatkowo o\u015bwiadczy\u0107, \u017ce samoch\u00f3d nie jest zarejestrowany na firm\u0119 i \u017ce nie jest p\u0142atnikiem VAT. Jak si\u0119 okaza\u0142o, odszkodowanie otrzyma\u0142a z odliczonym VAT.<\/p>\n<p>PZU oferuje dwa rodzaje ubezpiecze\u0144 AC. W wariancie &#8222;warsztat&#8221; klient p\u0142aci za napraw\u0119 i przedstawia faktur\u0119 z VAT, a PZU na jej podstawie wyp\u0142aca odszkodowanie. W drugim wariancie to PZU wycenia szkod\u0119 i wyp\u0142aca pieni\u0105dze, ale bez uwzgl\u0119dniania VAT.<\/p>\n<p>Pani Irena wybra\u0142a &#8222;warsztat&#8221;, ale nie przedstawi\u0142a rachunk\u00f3w. Poprosi\u0142a, \u017ceby koszty wyceni\u0107 wed\u0142ug wariantu &#8222;wycena&#8221;. PZU wyp\u0142aci\u0142 jej odszkodowanie, ale obni\u017cone o VAT. Pani Irena jest oburzona.<\/p>\n<p>Podobnych spraw wp\u0142ywa du\u017co do Biura Rzecznika Ubezpieczonych. &#8211; Opr\u00f3cz PZU konsumenci skar\u017cyli si\u0119 r\u00f3wnie\u017c na Allianz, Ergo Hesti\u0119, TUiR Wart\u0119, Compens\u0119 i incydentalnie na innych graczy z mniejszym udzia\u0142em w rynku &#8211; powiedzia\u0142 Aleksander Daszewski z Biura Rzecznika Ubezpieczonych. Co na to ubezpieczyciele? &#8211; Ze wszystkimi komentarzami w tej sprawie nale\u017cy wstrzyma\u0107 si\u0119 do prawomocnych orzecze\u0144 S\u0105du Ochrony Konkurencji i Konsument\u00f3w &#8211; m\u00f3wi Grzegorz Blachowski z Ergo Hestii.<\/p>\n<p>Czy klienci maj\u0105 racj\u0119? Problem wyp\u0142acania odszkodowania autocasco bez podatku VAT zosta\u0142 wpisany do rejestru klauzul zabronionych w 2006 r. Wtedy prezes Urz\u0119du Ochrony Konsument\u00f3w i Konkurencji wyda\u0142 decyzj\u0119 w tej sprawie dotycz\u0105c\u0105 Uniqi. Orzeczenie zosta\u0142o utrzymane wyrokiem s\u0105du apelacyjnego z dnia 23 maja 2007 r. Podobnie zapisy zosta\u0142y wpisane przez UOKiK do rejestru klauzul zabronionych w przypadku Compensy oraz Concordii. Jednak PZU odwo\u0142a\u0142o si\u0119 od decyzji prezesa UOKiK i teraz spraw\u0119 rozpatruje S\u0105d Ochrony Konkurencji i Konsument\u00f3w. P\u00f3\u017aniej PZU b\u0119dzie mog\u0142o z\u0142o\u017cy\u0107 apelacj\u0119 do s\u0105du apelacyjnego. Do czasu uprawomocnienia si\u0119 decyzji ubezpieczyciel nie musi stosowa\u0107 si\u0119 do decyzji prezesa UOKiK. &#8211; Poczekajmy, a\u017c s\u0105d utrzyma t\u0119 decyzj\u0119 &#8211; broni si\u0119 Micha\u0142 Witkowski, rzecznik PZU. W ocenie PZU zapisy s\u0105 zgodne z prawem i klientowi nale\u017cy si\u0119 odszkodowanie w kwocie netto. PZU powo\u0142uje si\u0119 na swobod\u0119 um\u00f3w. &#8211; Nasze stanowisko jest zgodne z obowi\u0105zuj\u0105cymi przepisami prawa &#8211; przekonuje Micha\u0142 Witkowski, rzecznik PZU.<\/p>\n<p>Identyczna sytuacja dotyczy sp\u00f3\u0142ki Generali, kt\u00f3ra tak\u017ce odwo\u0142a\u0142a si\u0119 od decyzji. &#8211; Je\u017celi klauzula znajduje si\u0119 w rejestrze klauzul niedozwolonych, to ubezpieczyciel nie mo\u017ce jej stosowa\u0107. Zdanie ubezpieczycieli jest jednak inne, ale pr\u0119dzej czy p\u00f3\u017aniej s\u0105d uzna decyzj\u0119 UOKiK za prawomocn\u0105. To kwestia czasu &#8211; powiedzia\u0142a Ma\u0142gorzata Cieloch z UOKiK.<\/p>\n<p>Nie podporz\u0105dkowa\u0142a si\u0119 nawet Compensa, kt\u00f3rej przypadek widnieje ju\u017c w rejestrze klauzul zabronionych. &#8211; Gdy klient, likwiduj\u0105c szkod\u0119, nie przedstawia faktur za napraw\u0119, w\u00f3wczas zgodnie z teori\u0105 prawa ubezpieczeniowego kwota odszkodowania nie uwzgl\u0119dnia podatku VAT &#8211; przekonuje Marek Go\u0142\u0119biewski z Compensy. Biuro Rzecznika Ubezpieczonych ostrzega, \u017ce w takim wypadku Compensa mo\u017ce si\u0119 wkr\u00f3tce spodziewa\u0107 ponownej kary.<\/p>\n<p>Czy zatem klienci s\u0105 bezsilni?<\/p>\n<p>&#8211; W naszej ocenie w s\u0105dzie cywilnym takie roszczenie b\u0119dzie zasadne. Znamy na razie jeden prawomocny wyrok s\u0105du rejonowego, potwierdzony przez s\u0105d okr\u0119gowy, gdzie zosta\u0142a zas\u0105dzona kwota podatku VAT na rzecz klienta od PZU &#8211; powiedzia\u0142 Bart\u0142omiej Chmielowiec z Biura Rzecznika Ubezpieczonych.<\/p>\n<p>gazeta.pl<\/p>\n","protected":false},"excerpt":{"rendered":"<p>Nie wolno wyp\u0142aca\u0107 odszkodowa\u0144 AC bez VAT &#8211; twierdzi Urz\u0105d Ochrony Konkurencji i Konsument\u00f3w. Jednak firmy si\u0119 nie przejmuj\u0105, bo stoi za nimi &#8222;teoria prawa ubezpieczeniowego&#8221;. Pani Irena wykupi\u0142a polis\u0119 AC w PZU. Po st\u0142uczce wyst\u0105pi\u0142a o odszkodowanie z AC. Musia\u0142a dodatkowo o\u015bwiadczy\u0107, \u017ce samoch\u00f3d nie jest zarejestrowany na firm\u0119 i \u017ce nie jest p\u0142atnikiem [&hellip;]<\/p>\n","protected":false},"author":2,"featured_media":0,"comment_status":"open","ping_status":"open","sticky":false,"template":"","format":"standard","meta":{"footnotes":""},"categories":[8],"tags":[12,36],"class_list":["post-1065","post","type-post","status-publish","format-standard","hentry","category-aktualnosci","tag-odszkodowanie","tag-vat"],"_links":{"self":[{"href":"https:\/\/www.odszkodowania.info.pl\/index.php?rest_route=\/wp\/v2\/posts\/1065","targetHints":{"allow":["GET"]}}],"collection":[{"href":"https:\/\/www.odszkodowania.info.pl\/index.php?rest_route=\/wp\/v2\/posts"}],"about":[{"href":"https:\/\/www.odszkodowania.info.pl\/index.php?rest_route=\/wp\/v2\/types\/post"}],"author":[{"embeddable":true,"href":"https:\/\/www.odszkodowania.info.pl\/index.php?rest_route=\/wp\/v2\/users\/2"}],"replies":[{"embeddable":true,"href":"https:\/\/www.odszkodowania.info.pl\/index.php?rest_route=%2Fwp%2Fv2%2Fcomments&post=1065"}],"version-history":[{"count":1,"href":"https:\/\/www.odszkodowania.info.pl\/index.php?rest_route=\/wp\/v2\/posts\/1065\/revisions"}],"predecessor-version":[{"id":1066,"href":"https:\/\/www.odszkodowania.info.pl\/index.php?rest_route=\/wp\/v2\/posts\/1065\/revisions\/1066"}],"wp:attachment":[{"href":"https:\/\/www.odszkodowania.info.pl\/index.php?rest_route=%2Fwp%2Fv2%2Fmedia&parent=1065"}],"wp:term":[{"taxonomy":"category","embeddable":true,"href":"https:\/\/www.odszkodowania.info.pl\/index.php?rest_route=%2Fwp%2Fv2%2Fcategories&post=1065"},{"taxonomy":"post_tag","embeddable":true,"href":"https:\/\/www.odszkodowania.info.pl\/index.php?rest_route=%2Fwp%2Fv2%2Ftags&post=1065"}],"curies":[{"name":"wp","href":"https:\/\/api.w.org\/{rel}","templated":true}]}}