{"id":1075,"date":"2011-02-15T16:13:44","date_gmt":"2011-02-15T15:13:44","guid":{"rendered":"http:\/\/www.odszkodowania.info.pl\/?p=1075"},"modified":"2011-02-15T16:13:44","modified_gmt":"2011-02-15T15:13:44","slug":"225-tys-zl-chca-rodzice-malej-wloszki-pogryzionej-przez-amstaffa","status":"publish","type":"post","link":"https:\/\/www.odszkodowania.info.pl\/?p=1075","title":{"rendered":"225 tys. z\u0142 chc\u0105 rodzice ma\u0142ej W\u0142oszki pogryzionej przez amstaffa"},"content":{"rendered":"<p>Rodzice dziewczynki, kt\u00f3r\u0105 latem 2009 roku w restauracji w Krakowie pogryz\u0142 amstaff domagaj\u0105 si\u0119 225 tys. z\u0142. odszkodowania. Prokuratura za nara\u017cenie dziewczynki na niebezpiecze\u0144stwo utraty \u017cycia \u017c\u0105da dla oskar\u017conej &#8211; w\u0142a\u015bcicielki pasa &#8211; dw\u00f3ch lat pozbawienia wolno\u015bci, w zawieszeniu na pi\u0119\u0107 lat. Ma\u0142a W\u0142oszka w sierpniu 2009 roku zosta\u0142a pogryziona w jednej z krakowskich restauracji przy ul. Grodzkiej przez psa w\u0142a\u015bcicielki, kt\u00f3ra pozostawi\u0142a go bez nadzoru. Noemi mia\u0142a wtedy cztery lata. Wraz z rodzicami przyjecha\u0142a do Polski na wakacje. Gdy dziewczynka posz\u0142a do toalety, dwa amstaffy zostawione bez dozoru przez Jolant\u0119 O., rzuci\u0142y si\u0119 na dziecko i zacz\u0119\u0142y j\u0105 gry\u017a\u0107 po g\u0142owie i twarzy. Noemi we W\u0142oszech uczestniczy\u0142a w sesji terapeutycznej i nadal znajduje si\u0119 pod opiek\u0105 psychologa. Przesz\u0142a te\u017c d\u0142ugotrwa\u0142e i skomplikowane leczenie, ale blizny na jej twarzy pozostan\u0105 prawdopodobnie do ko\u0144ca \u017cycia. &#8211; One s\u0105 widoczne przede wszystkim na czole, na skroni, na policzku, w okolicach ust &#8211; m\u00f3wi mecenas Beata Stec-Kolanko.<\/p>\n<p>Kwota, jakiej domagaj\u0105 si\u0119 rodzice dziewczynki obejmuje nie tylko koszty leczenia i pobytu w Polsce, jaki wymusi\u0142a na w\u0142oskiej rodzinie sytuacja. &#8211; To 200 tysi\u0119cy zado\u015b\u0107uczynienia ma zrekompensowa\u0107 b\u00f3l i krzywd\u0119, jakiej ta ma\u0142a dziewczynka dozna\u0142a &#8211; dodaje mecenas. Jej zdaniem pod uwag\u0119 wzi\u0105\u0107 nale\u017cy tak\u017ce to, \u017ce dziecko w przysz\u0142o\u015bci b\u0119dzie mia\u0142o ograniczon\u0105 mo\u017cliwo\u015b\u0107 wykonywania wielu zawod\u00f3w, w kt\u00f3rych wizerunek odgrywa pierwszorz\u0119dn\u0105 rol\u0119. Jednak wed\u0142ug obro\u0144cy oskar\u017conej kwota nie zosta\u0142a oszacowana zgodnie z procedurami. &#8211; Rol\u0105 post\u0119powania karnego jest ustalenie winy, a wysoko\u015b\u0107 odszkodowania to raczej domena post\u0119powania cywilnego &#8211; twierdzi mecenas Krystyna Kaleta-Wyroba.<\/p>\n<p>Wyrok w tej sprawie zapa\u015b\u0107 ma 22 lutego.<\/p>\n<p>gazeta.pl<\/p>\n","protected":false},"excerpt":{"rendered":"<p>Rodzice dziewczynki, kt\u00f3r\u0105 latem 2009 roku w restauracji w Krakowie pogryz\u0142 amstaff domagaj\u0105 si\u0119 225 tys. z\u0142. odszkodowania. Prokuratura za nara\u017cenie dziewczynki na niebezpiecze\u0144stwo utraty \u017cycia \u017c\u0105da dla oskar\u017conej &#8211; w\u0142a\u015bcicielki pasa &#8211; dw\u00f3ch lat pozbawienia wolno\u015bci, w zawieszeniu na pi\u0119\u0107 lat. Ma\u0142a W\u0142oszka w sierpniu 2009 roku zosta\u0142a pogryziona w jednej z krakowskich restauracji [&hellip;]<\/p>\n","protected":false},"author":2,"featured_media":0,"comment_status":"open","ping_status":"open","sticky":false,"template":"","format":"standard","meta":{"footnotes":""},"categories":[8],"tags":[12,13],"class_list":["post-1075","post","type-post","status-publish","format-standard","hentry","category-aktualnosci","tag-odszkodowanie","tag-zadoscuczynienie"],"_links":{"self":[{"href":"https:\/\/www.odszkodowania.info.pl\/index.php?rest_route=\/wp\/v2\/posts\/1075","targetHints":{"allow":["GET"]}}],"collection":[{"href":"https:\/\/www.odszkodowania.info.pl\/index.php?rest_route=\/wp\/v2\/posts"}],"about":[{"href":"https:\/\/www.odszkodowania.info.pl\/index.php?rest_route=\/wp\/v2\/types\/post"}],"author":[{"embeddable":true,"href":"https:\/\/www.odszkodowania.info.pl\/index.php?rest_route=\/wp\/v2\/users\/2"}],"replies":[{"embeddable":true,"href":"https:\/\/www.odszkodowania.info.pl\/index.php?rest_route=%2Fwp%2Fv2%2Fcomments&post=1075"}],"version-history":[{"count":1,"href":"https:\/\/www.odszkodowania.info.pl\/index.php?rest_route=\/wp\/v2\/posts\/1075\/revisions"}],"predecessor-version":[{"id":1076,"href":"https:\/\/www.odszkodowania.info.pl\/index.php?rest_route=\/wp\/v2\/posts\/1075\/revisions\/1076"}],"wp:attachment":[{"href":"https:\/\/www.odszkodowania.info.pl\/index.php?rest_route=%2Fwp%2Fv2%2Fmedia&parent=1075"}],"wp:term":[{"taxonomy":"category","embeddable":true,"href":"https:\/\/www.odszkodowania.info.pl\/index.php?rest_route=%2Fwp%2Fv2%2Fcategories&post=1075"},{"taxonomy":"post_tag","embeddable":true,"href":"https:\/\/www.odszkodowania.info.pl\/index.php?rest_route=%2Fwp%2Fv2%2Ftags&post=1075"}],"curies":[{"name":"wp","href":"https:\/\/api.w.org\/{rel}","templated":true}]}}