{"id":108,"date":"2009-02-18T23:32:01","date_gmt":"2009-02-18T22:32:01","guid":{"rendered":"http:\/\/www.odszkodowania.info.pl\/?p=108"},"modified":"2009-02-18T23:32:01","modified_gmt":"2009-02-18T22:32:01","slug":"pojawia-sie-pozwy-grupowe","status":"publish","type":"post","link":"https:\/\/www.odszkodowania.info.pl\/?p=108","title":{"rendered":"Pojawi\u0105 si\u0119 pozwy grupowe"},"content":{"rendered":"<p>Ministerstwo Sprawiedliwo\u015bci przygotowa\u0142o projekt ustawy o dochodzeniu roszcze\u0144 w post\u0119powaniu grupowym \u2013 informuje \u201eGazeta Prawna\u201d. Gdyby proponowane regulacje wesz\u0142y w \u017cycie, to grupa co najmniej dziesi\u0119ciu os\u00f3b, poszkodowanych np. przez du\u017c\u0105 korporacj\u0119 uzyska mo\u017cliwo\u015b\u0107 wniesienia jednego pozwu zbiorowego.<\/p>\n<p>\u201eGP\u201d podkre\u015bla, \u017ce prowadzenie post\u0119powania grupowego b\u0119dzie mo\u017cliwe, je\u017celi podstawa prawna roszczenia oraz stan faktyczny dla ka\u017cdego z powod\u00f3w b\u0119d\u0105 identyczne. Nowe prawo mo\u017ce by\u0107 tak\u017ce rozwi\u0105zaniem w sytuacji, gdy w przypadku wyrz\u0105dzonej przez firm\u0119 szkody o niskiej warto\u015bci poszkodowanemu nie op\u0142aca si\u0119 wnosi\u0107 sprawy do s\u0105du. Projekt resortu sprawiedliwo\u015bci w najbli\u017cszym czasie ma trafi\u0107 do Komitetu Rady Ministr\u00f3w.<\/p>\n<p>Gazeta zwraca uwag\u0119 na przyk\u0142adow\u0105 korzy\u015b\u0107 wyp\u0142ywaj\u0105c\u0105 z post\u0119powania grupowego: w jednym procesie kilku poszkodowanych b\u0119dzie mog\u0142o wykaza\u0107 w r\u00f3\u017cny spos\u00f3b negatywny wp\u0142yw na zdrowie. Adwokat <strong>Krzysztof H\u0142\u0105d <\/strong>z kancelarii w Cz\u0119stochowie m\u00f3wi, \u017ce dzi\u0119ki temu jest szansa wymuszenia na przedsi\u0119biorcach przestrzegania na przyk\u0142ad zasad ochrony \u015brodowiska.<\/p>\n<p>\u201eGP\u201d pisze, \u017ce w przypadku pozw\u00f3w zbiorowych s\u0105d wydaje jeden wyrok dla ca\u0142ej grupy os\u00f3b, za\u015b wysoko\u015b\u0107 zas\u0105dzonego odszkodowania b\u0119dzie identyczna dla ka\u017cdego powoda.<\/p>\n<p>S\u0119dzia <strong>Waldemar \u017burek<\/strong>, rzecznik prasowy Stowarzyszenia S\u0119dzi\u00f3w Polskich Iustitia m\u00f3wi, \u017ce prowadzenie kilkunastu r\u00f3\u017cnych proces\u00f3w, w kt\u00f3rych istnieje ryzyko r\u00f3\u017cnych rozstrzygni\u0119\u0107 s\u0105dowych, wzywania tych samych \u015bwiadk\u00f3w i bieg\u0142ych, przeczy ekonomice procesowej.<\/p>\n<p>W post\u0119powaniu grupowym powodem ma by\u0107 tzw. reprezentant grupy. Gazeta wyja\u015bnia, \u017ce mo\u017ce nim by\u0107 cz\u0142onek grupy lub powiatowy rzecznik konsument\u00f3w. Obowi\u0105zkiem, spe\u0142nienia kt\u00f3rego b\u0119dzie wymaga\u0142 pozew zbiorowy, b\u0119dzie tzw. przymus adwokacki. Oznacza on konieczno\u015b\u0107 zawarcia przez reprezentanta umowy z radc\u0105 prawnym lub adwokatem, na mocy kt\u00f3rej pe\u0142nomocnik sporz\u0105dzi pozew i b\u0119dzie reprezentowa\u0142 grup\u0119 podczas rozpraw. W ocenie Waldemara \u017burka jest to dobre uregulowanie, kt\u00f3re usprawni post\u0119powanie i pozwoli zebra\u0107 jeden wsp\u00f3lny materia\u0142 dowodowy.<\/p>\n<p>Przed rozpoznaniem sprawy s\u0105d bada dopuszczalno\u015b\u0107 z\u0142o\u017conego pozwu zbiorowego. \u201eGP\u201d podkre\u015bla, \u017ce poniewa\u017c po z\u0142o\u017ceniu pozwu wymagane jest zamieszczenie og\u0142oszenia w prasie, liczba powod\u00f3w mog\u0142a si\u0119 zwi\u0119kszy\u0107.<\/p>\n<p>\u201eGazeta Prawna\u201d pisze, \u017ce cz\u0119\u015b\u0107 zapis\u00f3w projektu autorstwa Ministerstwa Sprawiedliwo\u015bci spotka\u0142a si\u0119 z krytyk\u0105 prawnik\u00f3w. Nie podoba im si\u0119 np. artyku\u0142, w my\u015bl kt\u00f3rego pow\u00f3d nie b\u0119dzie musia\u0142 wykaza\u0107 swojego interesu prawnego w przyst\u0105pieniu do pozwu.<\/p>\n<p><strong>Jaros\u0142aw Cha\u0142as<\/strong>, radca prawny uwa\u017ca, \u017ce jest to zaprzeczenie ekonomiki procesowej, zdrowego rozs\u0105dku i mo\u017ce sprzyja\u0107 tworzeniu abstrakcyjnych grup, kt\u00f3re wykorzystaj\u0105 patologicznie nowy instrument. Wskazuje te\u017c na nieracjonalny, w jego opinii, zakaz modyfikacji grupy, a tak\u017ce pe\u0142nomocnictwa w przypadku zmiany reprezentanta grupy. Cha\u0142as zauwa\u017ca, \u017ce przepisy daj\u0105 przecie\u017c mo\u017cliwo\u015b\u0107 wypowiedzenia pe\u0142nomocnictwa w ka\u017cdym czasie &#8211; zauwa\u017ca radca prawny.<\/p>\n<p>\u201eGP\u201d pisze r\u00f3wnie\u017c o w\u0105tpliwo\u015bciach zwi\u0105zanych z rozwi\u0105zaniem przewiduj\u0105cym, \u017ce osoba, kt\u00f3ra wst\u0105pi\u0142a do grupy, nie b\u0119dzie mog\u0142a z niej wyst\u0105pi\u0107 a\u017c do ko\u0144ca post\u0119powania.<\/p>\n<p><strong>Tomasz Bia\u0142ek<\/strong>, radca prawny ze Zwi\u0105zku Bank\u00f3w Polskich t\u0142umaczy, \u017ce oznacza to, i\u017c cz\u0142onka grupy zmusza si\u0119 do uczestnictwa w post\u0119powaniu cywilnym prowadzonym przez grup\u0119.<br \/>\n<em>(\u017ar\u00f3d\u0142o: \u201eGazeta Prawna\u201d z 4.02.09, \u201eRewolucja w odszkodowaniach: dziesi\u0119\u0107 os\u00f3b z jednym pozwem\u201d, autor artyku\u0142u: Daria Stojak)<\/em><\/p>\n","protected":false},"excerpt":{"rendered":"<p>Ministerstwo Sprawiedliwo\u015bci przygotowa\u0142o projekt ustawy o dochodzeniu roszcze\u0144 w post\u0119powaniu grupowym \u2013 informuje \u201eGazeta Prawna\u201d. Gdyby proponowane regulacje wesz\u0142y w \u017cycie, to grupa co najmniej dziesi\u0119ciu os\u00f3b, poszkodowanych np. przez du\u017c\u0105 korporacj\u0119 uzyska mo\u017cliwo\u015b\u0107 wniesienia jednego pozwu zbiorowego.<\/p>\n","protected":false},"author":2,"featured_media":0,"comment_status":"open","ping_status":"open","sticky":false,"template":"","format":"standard","meta":{"footnotes":""},"categories":[43],"tags":[],"class_list":["post-108","post","type-post","status-publish","format-standard","hentry","category-prawo"],"_links":{"self":[{"href":"https:\/\/www.odszkodowania.info.pl\/index.php?rest_route=\/wp\/v2\/posts\/108","targetHints":{"allow":["GET"]}}],"collection":[{"href":"https:\/\/www.odszkodowania.info.pl\/index.php?rest_route=\/wp\/v2\/posts"}],"about":[{"href":"https:\/\/www.odszkodowania.info.pl\/index.php?rest_route=\/wp\/v2\/types\/post"}],"author":[{"embeddable":true,"href":"https:\/\/www.odszkodowania.info.pl\/index.php?rest_route=\/wp\/v2\/users\/2"}],"replies":[{"embeddable":true,"href":"https:\/\/www.odszkodowania.info.pl\/index.php?rest_route=%2Fwp%2Fv2%2Fcomments&post=108"}],"version-history":[{"count":2,"href":"https:\/\/www.odszkodowania.info.pl\/index.php?rest_route=\/wp\/v2\/posts\/108\/revisions"}],"predecessor-version":[{"id":110,"href":"https:\/\/www.odszkodowania.info.pl\/index.php?rest_route=\/wp\/v2\/posts\/108\/revisions\/110"}],"wp:attachment":[{"href":"https:\/\/www.odszkodowania.info.pl\/index.php?rest_route=%2Fwp%2Fv2%2Fmedia&parent=108"}],"wp:term":[{"taxonomy":"category","embeddable":true,"href":"https:\/\/www.odszkodowania.info.pl\/index.php?rest_route=%2Fwp%2Fv2%2Fcategories&post=108"},{"taxonomy":"post_tag","embeddable":true,"href":"https:\/\/www.odszkodowania.info.pl\/index.php?rest_route=%2Fwp%2Fv2%2Ftags&post=108"}],"curies":[{"name":"wp","href":"https:\/\/api.w.org\/{rel}","templated":true}]}}