{"id":1087,"date":"2011-02-28T10:22:31","date_gmt":"2011-02-28T09:22:31","guid":{"rendered":"http:\/\/www.odszkodowania.info.pl\/?p=1087"},"modified":"2011-02-28T10:22:31","modified_gmt":"2011-02-28T09:22:31","slug":"dzis-rozprawa-ws-odszkodowan-dla-rodzin-ofiar-casy-bedzie-ugoda","status":"publish","type":"post","link":"https:\/\/www.odszkodowania.info.pl\/?p=1087","title":{"rendered":"Dzi\u015b rozprawa ws. odszkodowa\u0144 dla rodzin ofiar CASY. B\u0119dzie ugoda?"},"content":{"rendered":"<p>Przed S\u0105dem Rejonowym w Warszawie o 14.00 odb\u0119dzie si\u0119 rozprawa ugodowa w sprawie odszkodowa\u0144 dla rodzin ofiar katastrofy samolotu CASA. Pe\u0142nomocnik poszkodowanych mecenas Sylwester Nowakowski liczy, \u017ce na tym posiedzeniu uda si\u0119 zawrze\u0107 ze Skarbem Pa\u0144stwa 23 ugody o wyp\u0142acenie zado\u015b\u0107uczynienia.<br \/>\nDzisiejsz\u0105 rozpraw\u0119 poprzedzi\u0142y negocjacje z MON na temat szczeg\u00f3\u0142\u00f3w ug\u00f3d. Mecenas Nowakowski powiedzia\u0142, \u017ce rozmowy by\u0142y potrzebne po to, \u017ceby dzi\u015b w s\u0105dzie zapisa\u0107 ju\u017c tylko tre\u015b\u0107 konkretnej ugody dla konkretnej osoby. Prawnik wyja\u015bni\u0142, \u017ce takie postanowienie jest jak wyrok i ko\u0144czy dan\u0105 spraw\u0119. Pe\u0142nomocnik rodzin nie chcia\u0142 jednak zdradzi\u0107, jakie to b\u0119d\u0105 dok\u0142adnie zado\u015b\u0107uczynienia. Wiadomo jednak, \u017ce rodziny ofiar katastrofy CASY domagaj\u0105 si\u0119 takiego samego potraktowania, jak rodziny tragedii smole\u0144skiej. Mecenas Nowakowski powiedzia\u0142 jedynie, \u017ce jest zadowolony z rozm\u00f3w z ministerstwem obrony.<\/p>\n<p>Przedstawiciele rodzin ofiar katastrofy samolotu CASA domagaj\u0105 si\u0119 wyp\u0142aty odszkodowa\u0144 od ministerstwa obrony od ubieg\u0142ego roku. W sumie wnioski z\u0142o\u017cy\u0142o oko\u0142o 50 os\u00f3b. Od pocz\u0105tku MON deklaruje ch\u0119\u0107 zawarcia ug\u00f3d. W ubieg\u0142y czwartek obie strony zako\u0144czy\u0142y negocjacje w tej sprawie &#8211; powiedzia\u0142 IAR wiceminister obrony Czes\u0142aw Pi\u0105tas. resort zaproponowa\u0142 ze swojej strony zado\u015b\u0107uczynienie podobne do tego, jakie zaproponowano rodzinom ofiar katastrofy smole\u0144skiej.<\/p>\n<p>Pod koniec ubieg\u0142ego tygodnia odby\u0142a si\u0119 pierwsza rozprawa ugodowa w tej sprawie. Przed s\u0105dem porozumienie zawar\u0142a jedna poszkodowana w katastrofie CASY osoba. Strony nie zdradzi\u0142y jednak opinii publicznej tre\u015bci porozumienia.<\/p>\n<p>Kolejne posiedzenie ugodowe w sprawie odszkodowa\u0144 za katastrof\u0119, dotycz\u0105ce oko\u0142o 20 os\u00f3b, wyznaczono na 1 kwietnia. Do katastrofy wojskowego samolotu CASA dosz\u0142o w styczniu 2008 roku. Maszyna rozbi\u0142a si\u0119 przy podchodzeniu do l\u0105dowania przez wojskowym lotniskiem w Miros\u0142awcu. Zgin\u0119\u0142o 20 os\u00f3b.<\/p>\n","protected":false},"excerpt":{"rendered":"<p>Przed S\u0105dem Rejonowym w Warszawie o 14.00 odb\u0119dzie si\u0119 rozprawa ugodowa w sprawie odszkodowa\u0144 dla rodzin ofiar katastrofy samolotu CASA. Pe\u0142nomocnik poszkodowanych mecenas Sylwester Nowakowski liczy, \u017ce na tym posiedzeniu uda si\u0119 zawrze\u0107 ze Skarbem Pa\u0144stwa 23 ugody o wyp\u0142acenie zado\u015b\u0107uczynienia. Dzisiejsz\u0105 rozpraw\u0119 poprzedzi\u0142y negocjacje z MON na temat szczeg\u00f3\u0142\u00f3w ug\u00f3d. Mecenas Nowakowski powiedzia\u0142, \u017ce [&hellip;]<\/p>\n","protected":false},"author":2,"featured_media":0,"comment_status":"open","ping_status":"open","sticky":false,"template":"","format":"standard","meta":{"footnotes":""},"categories":[8],"tags":[11,12,13],"class_list":["post-1087","post","type-post","status-publish","format-standard","hentry","category-aktualnosci","tag-marshal","tag-odszkodowanie","tag-zadoscuczynienie"],"_links":{"self":[{"href":"https:\/\/www.odszkodowania.info.pl\/index.php?rest_route=\/wp\/v2\/posts\/1087","targetHints":{"allow":["GET"]}}],"collection":[{"href":"https:\/\/www.odszkodowania.info.pl\/index.php?rest_route=\/wp\/v2\/posts"}],"about":[{"href":"https:\/\/www.odszkodowania.info.pl\/index.php?rest_route=\/wp\/v2\/types\/post"}],"author":[{"embeddable":true,"href":"https:\/\/www.odszkodowania.info.pl\/index.php?rest_route=\/wp\/v2\/users\/2"}],"replies":[{"embeddable":true,"href":"https:\/\/www.odszkodowania.info.pl\/index.php?rest_route=%2Fwp%2Fv2%2Fcomments&post=1087"}],"version-history":[{"count":1,"href":"https:\/\/www.odszkodowania.info.pl\/index.php?rest_route=\/wp\/v2\/posts\/1087\/revisions"}],"predecessor-version":[{"id":1088,"href":"https:\/\/www.odszkodowania.info.pl\/index.php?rest_route=\/wp\/v2\/posts\/1087\/revisions\/1088"}],"wp:attachment":[{"href":"https:\/\/www.odszkodowania.info.pl\/index.php?rest_route=%2Fwp%2Fv2%2Fmedia&parent=1087"}],"wp:term":[{"taxonomy":"category","embeddable":true,"href":"https:\/\/www.odszkodowania.info.pl\/index.php?rest_route=%2Fwp%2Fv2%2Fcategories&post=1087"},{"taxonomy":"post_tag","embeddable":true,"href":"https:\/\/www.odszkodowania.info.pl\/index.php?rest_route=%2Fwp%2Fv2%2Ftags&post=1087"}],"curies":[{"name":"wp","href":"https:\/\/api.w.org\/{rel}","templated":true}]}}