{"id":1111,"date":"2011-03-22T23:44:26","date_gmt":"2011-03-22T22:44:26","guid":{"rendered":"http:\/\/www.odszkodowania.info.pl\/?p=1111"},"modified":"2011-03-22T23:44:26","modified_gmt":"2011-03-22T22:44:26","slug":"henry-pikielny-wygra-w-strasburgu","status":"publish","type":"post","link":"https:\/\/www.odszkodowania.info.pl\/?p=1111","title":{"rendered":"Henry Pikielny wygra w Strasburgu?"},"content":{"rendered":"<p>Polska s\u0142ono zap\u0142aci za wstrzymanie przez rz\u0105d prac nad zwrotem maj\u0105tk\u00f3w \u2013 przewiduj\u0105 prawnicy. Z powodu zatrzymania prac nad ustaw\u0105 o odszkodowaniach za znacjonalizowane po wojnie mienie rekompensaty od pa\u0144stwa nie dostanie ok. 2 milion\u00f3w poszkodowanych.<\/p>\n<p><strong>Grabie\u017c sprzed lat<\/strong><\/p>\n<p>Przygotowywane od 2008 r. przepisy zak\u0142ada\u0142y, \u017ce Skarb Pa\u0144stwa znajdzie na rekompensaty 20 proc. wycenianej warto\u015bci zagrabionego maj\u0105tku. Szacowano, \u017ce b\u0119dzie to ok. 20 mld z\u0142. Ale rz\u0105d wstrzyma\u0142 prace nad ustaw\u0105, bo uzna\u0142, \u017ce wyp\u0142ata rekompensat grozi\u0142aby przekroczeniem 60-proc. progu d\u0142ugu publicznego w stosunku do PKB.<\/p>\n<p>\u2013 W dzisiejszej sytuacji na \u015bwiecie, w Europie, w Polsce proponowanie dodatkowego wydatku id\u0105cego w dziesi\u0105tki miliard\u00f3w z\u0142otych by\u0142oby uczciwe wobec roszcz\u0105cych i bardzo nieuczciwe wobec pozosta\u0142ych obywateli \u2013 m\u00f3wi\u0142 Donald Tusk.<\/p>\n<p>\u2013 Rz\u0105d akceptuje grabie\u017c sprzed lat \u2013 komentuje Miros\u0142aw Szypowski, prezydent Polskiej Unii W\u0142a\u015bcicieli Nieruchomo\u015bci. \u2013 Ale to si\u0119 nie rozejdzie po ko\u015bciach, bo spadkobiercy nie rezygnuj\u0105 z walki.<\/p>\n<p>Ich mienie znacjonalizowano na podstawie ustawy z 1946 r. o  przej\u0119ciu na w\u0142asno\u015b\u0107 pa\u0144stwa podstawowych ga\u0142\u0119zi gospodarki i przepis\u00f3w PKWN oraz Sejmu w latach 1944 \u2013 1962. By\u0142ym w\u0142a\u015bcicielom pozostaje droga s\u0105dowa. Bo pa\u0144stwo polskie nie wywi\u0105zuje si\u0119 z obowi\u0105zku wyp\u0142acenia odszkodowa\u0144 by\u0142ym w\u0142a\u015bcicielom i ich spadkobiercom, co przewidziano w przepisach nacjonalizacyjnych.<\/p>\n<p>Mog\u0105 liczy\u0107 na  wsparcie Europejskiego Trybuna\u0142u Praw Cz\u0142owieka w Strasburgu (art. 1 konwencji praw cz\u0142owieka chroni prawo w\u0142asno\u015bci).<\/p>\n<p><strong>Pomogli Zabu\u017canom<\/strong><\/p>\n<p>Ju\u017c od 2005 r. na rozstrzygni\u0119cie w Strasburgu czeka sprawa: Henry Pikielny i inni przeciwko Polsce.<\/p>\n<p>\u2013 Ze skarg\u0105 wyst\u0105pi\u0142 wnuk w\u0142a\u015bciciela znacjonalizowanej Fabryki Wyrob\u00f3w We\u0142nianych i Bawe\u0142nianych  M. i T. PIKIELNY w \u0141odzi, kt\u00f3ry przed polskimi s\u0105dami bezskutecznie walczy\u0142 o jej zwrot \u2013 m\u00f3wi dr Ireneusz Kami\u0144ski z Instytutu Nauk Prawnych PAN. T\u0142umaczy, \u017ce dot\u0105d Trybuna\u0142 wstrzymywa\u0142 si\u0119 z decyzj\u0105, bo z Polski p\u0142yn\u0119\u0142y sygna\u0142y, \u017ce przygotowywane s\u0105 przepisy o odszkodowaniach dla takich os\u00f3b. \u2013 Teraz sprawa zapewne zostanie \u201eodwieszona&#8221; i mo\u017cemy si\u0119 spodziewa\u0107 wyroku \u2013 przewiduje Kami\u0144ski.<\/p>\n<p>Do Trybuna\u0142u wyst\u0105pili te\u017c synowie Paw\u0142a Og\u00f3rka, by\u0142ego w\u0142a\u015bciciela Zak\u0142ad\u00f3w Wapiennych Og\u00f3rek i S-ka w Tarnowie Opolskim. Pa\u0144stwo przej\u0119\u0142o je w 1948 r. i nie wyp\u0142aci\u0142o przewidzianego w ustawie z 1946 r. odszkodowania. Skar\u017c\u0105cy domagaj\u0105 si\u0119 7 mln euro z odsetkami i 40 tys. euro zado\u015b\u0107uczynienia z odsetkami \u201eza doznane cierpienie&#8221;.<\/p>\n<p>Te sprawy mog\u0105 zosta\u0107 potraktowane jako tzw. pilota\u017cowe, a na ich podstawie szybko rozstrzygane b\u0119d\u0105 podobne skargi. A os\u00f3b sk\u0142onnych p\u00f3j\u015b\u0107 do Strasburga s\u0105 tysi\u0105ce, szacuj\u0105 organizacje by\u0142ych w\u0142a\u015bcicieli.<\/p>\n<p>\u2013 Polska mo\u017ce zosta\u0107 te\u017c zobowi\u0105zana do wprowadzenia przepis\u00f3w, kt\u00f3re problem wszystkich spadkobierc\u00f3w by\u0142ych w\u0142a\u015bcicieli rozwi\u0105\u017c\u0105 \u2013 podkre\u015bla Kami\u0144ski.<\/p>\n<p>Tak by\u0142o w sprawie zabu\u017can, kt\u00f3rym pa\u0144stwo nie wyp\u0142aca\u0142o odszkodowa\u0144. Dopiero gdy w  2004 r. Trybuna\u0142 w Strasburgu (w sprawie Broniowski przeciwko Polsce) orzek\u0142 naruszenie przez nasz kraj przepis\u00f3w konwencji gwarantuj\u0105cych poszanowanie w\u0142asno\u015bci, Polska wprowadzi\u0142a mechanizm wyp\u0142aty odszkodowa\u0144 dla nich.<\/p>\n<p><strong>Fundacja w grze<\/strong><\/p>\n<p>Roszcze\u0144 reprywatyzacyjnych nie mo\u017cna ignorowa\u0107 \u2013  wskazuje te\u017c Helsi\u0144ska Fundacja Praw Cz\u0142owieka, kt\u00f3ra wspar\u0142a przed Trybuna\u0142em skarg\u0119 Pikielnego. Jak dowiedzia\u0142a si\u0119 \u201eRz&#8221;, fundacja zamierza przypomnie\u0107 Trybuna\u0142owi o czekaj\u0105cych na rozstrzygni\u0119cie skargach w\u0142asno\u015bciowych.<\/p>\n<p>\u2013 Sprawa Pikielnego powinna zako\u0144czy\u0107 si\u0119 wyrokiem. To by\u0142by dla rz\u0105du impuls, by zaj\u0105\u0107 si\u0119 roszczeniami spadkobierc\u00f3w \u2013 m\u00f3wi Dorota Pudzianowska z fundacji.<\/p>\n<p>Ile mo\u017cemy zap\u0142aci\u0107 za decyzje Trybuna\u0142u, wskazuje np. wyrok z 2010 r. w sprawie Wojciech Sierpi\u0144ski przeciwko Polsce (chodzi\u0142o o tzw. mienie warszawskie \u2013 dzia\u0142k\u0119 odebran\u0105 na mocy dekretu Bieruta). Rz\u0105d zawar\u0142 w wyniku decyzji Strasburga ugod\u0119, przyznaj\u0105c skar\u017c\u0105cemu 700 tys. z\u0142 odszkodowania.<\/p>\n<p>Sam Henry Pikielny wyroku Trybuna\u0142u ju\u017c nie doczeka &#8211; zmar\u0142 po z\u0142o\u017ceniu skargi. B\u0119dzie ona jednak rozpatryuwana, bo z walki o odzyskanie fabryki lub odszkodowanie za ni\u0105 nie wycofuj\u0105 si\u0119 pozostali wnisokodawcy, kt\u00f3zy podpisali si\u0119 pod tym pozwem.<\/p>\n<p>Rzeczpospolita<\/p>\n","protected":false},"excerpt":{"rendered":"<p>Polska s\u0142ono zap\u0142aci za wstrzymanie przez rz\u0105d prac nad zwrotem maj\u0105tk\u00f3w \u2013 przewiduj\u0105 prawnicy. Z powodu zatrzymania prac nad ustaw\u0105 o odszkodowaniach za znacjonalizowane po wojnie mienie rekompensaty od pa\u0144stwa nie dostanie ok. 2 milion\u00f3w poszkodowanych. Grabie\u017c sprzed lat Przygotowywane od 2008 r. przepisy zak\u0142ada\u0142y, \u017ce Skarb Pa\u0144stwa znajdzie na rekompensaty 20 proc. wycenianej warto\u015bci [&hellip;]<\/p>\n","protected":false},"author":2,"featured_media":0,"comment_status":"open","ping_status":"open","sticky":false,"template":"","format":"standard","meta":{"footnotes":""},"categories":[8],"tags":[12],"class_list":["post-1111","post","type-post","status-publish","format-standard","hentry","category-aktualnosci","tag-odszkodowanie"],"_links":{"self":[{"href":"https:\/\/www.odszkodowania.info.pl\/index.php?rest_route=\/wp\/v2\/posts\/1111","targetHints":{"allow":["GET"]}}],"collection":[{"href":"https:\/\/www.odszkodowania.info.pl\/index.php?rest_route=\/wp\/v2\/posts"}],"about":[{"href":"https:\/\/www.odszkodowania.info.pl\/index.php?rest_route=\/wp\/v2\/types\/post"}],"author":[{"embeddable":true,"href":"https:\/\/www.odszkodowania.info.pl\/index.php?rest_route=\/wp\/v2\/users\/2"}],"replies":[{"embeddable":true,"href":"https:\/\/www.odszkodowania.info.pl\/index.php?rest_route=%2Fwp%2Fv2%2Fcomments&post=1111"}],"version-history":[{"count":1,"href":"https:\/\/www.odszkodowania.info.pl\/index.php?rest_route=\/wp\/v2\/posts\/1111\/revisions"}],"predecessor-version":[{"id":1112,"href":"https:\/\/www.odszkodowania.info.pl\/index.php?rest_route=\/wp\/v2\/posts\/1111\/revisions\/1112"}],"wp:attachment":[{"href":"https:\/\/www.odszkodowania.info.pl\/index.php?rest_route=%2Fwp%2Fv2%2Fmedia&parent=1111"}],"wp:term":[{"taxonomy":"category","embeddable":true,"href":"https:\/\/www.odszkodowania.info.pl\/index.php?rest_route=%2Fwp%2Fv2%2Fcategories&post=1111"},{"taxonomy":"post_tag","embeddable":true,"href":"https:\/\/www.odszkodowania.info.pl\/index.php?rest_route=%2Fwp%2Fv2%2Ftags&post=1111"}],"curies":[{"name":"wp","href":"https:\/\/api.w.org\/{rel}","templated":true}]}}