{"id":1137,"date":"2011-04-08T13:00:36","date_gmt":"2011-04-08T12:00:36","guid":{"rendered":"http:\/\/www.odszkodowania.info.pl\/?p=1137"},"modified":"2011-04-08T13:00:36","modified_gmt":"2011-04-08T12:00:36","slug":"sad-odrzucil-pozew-zbiorowy-w-sprawie-katastrofy-katowickiej-hali","status":"publish","type":"post","link":"https:\/\/www.odszkodowania.info.pl\/?p=1137","title":{"rendered":"S\u0105d odrzuci\u0142 pozew zbiorowy w sprawie katastrofy katowickiej hali"},"content":{"rendered":"<p>Warszawski s\u0105d okr\u0119gowy odrzuci\u0142 pozew zbiorowy z\u0142o\u017cony przez cz\u0119\u015b\u0107 poszkodowanych w katastrofie hali MTK w Katowicach w 2006 r. Pozew z\u0142o\u017cony przez grup\u0119 16 os\u00f3b &#8211; zdaniem s\u0105du &#8211; w \u015bwietle ustawy nie by\u0142 dopuszczalny.<br \/>\n&#8211; Dzisiejsze posiedzenie dotyczy\u0142o wy\u0142\u0105cznie przes\u0105dzenia, czy sprawa mo\u017ce by\u0107 rozpoznana w post\u0119powaniu grupowym, natomiast s\u0105d w \u017cadnym razie nie wypowiedzia\u0142 si\u0119 dzisiaj na temat zasadno\u015bci roszcze\u0144 zg\u0142aszanych przez cz\u0142onk\u00f3w grupy przeciwko Skarbowi Pa\u0144stwa i tego orzeczenia w \u017cadnym razie w ten spos\u00f3b odczytywa\u0107 nie nale\u017cy &#8211; zastrzeg\u0142 s\u0119dzia Tomasz Wojciechowski.<\/p>\n<p>Doda\u0142 jednak, \u017ce zgodnie z ustaw\u0105 w post\u0119powaniu grupowym nie mo\u017cna dochodzi\u0107 roszcze\u0144 o ochron\u0119 d\u00f3br osobistych, jak de facto &#8211; wed\u0142ug s\u0105du &#8211; by\u0142o w przypadku tego pozwu. Orzeczenie jest nieprawomocne, reprezentuj\u0105cy grup\u0119 poszkodowanych mec. Adam Car zapowiedzia\u0142 z\u0142o\u017cenie za\u017calenia do s\u0105du apelacyjnego.<\/p>\n","protected":false},"excerpt":{"rendered":"<p>Warszawski s\u0105d okr\u0119gowy odrzuci\u0142 pozew zbiorowy z\u0142o\u017cony przez cz\u0119\u015b\u0107 poszkodowanych w katastrofie hali MTK w Katowicach w 2006 r. Pozew z\u0142o\u017cony przez grup\u0119 16 os\u00f3b &#8211; zdaniem s\u0105du &#8211; w \u015bwietle ustawy nie by\u0142 dopuszczalny. &#8211; Dzisiejsze posiedzenie dotyczy\u0142o wy\u0142\u0105cznie przes\u0105dzenia, czy sprawa mo\u017ce by\u0107 rozpoznana w post\u0119powaniu grupowym, natomiast s\u0105d w \u017cadnym razie nie [&hellip;]<\/p>\n","protected":false},"author":2,"featured_media":0,"comment_status":"open","ping_status":"open","sticky":false,"template":"","format":"standard","meta":{"footnotes":""},"categories":[8],"tags":[12,109,13],"class_list":["post-1137","post","type-post","status-publish","format-standard","hentry","category-aktualnosci","tag-odszkodowanie","tag-pozew-zbiorowy","tag-zadoscuczynienie"],"_links":{"self":[{"href":"https:\/\/www.odszkodowania.info.pl\/index.php?rest_route=\/wp\/v2\/posts\/1137","targetHints":{"allow":["GET"]}}],"collection":[{"href":"https:\/\/www.odszkodowania.info.pl\/index.php?rest_route=\/wp\/v2\/posts"}],"about":[{"href":"https:\/\/www.odszkodowania.info.pl\/index.php?rest_route=\/wp\/v2\/types\/post"}],"author":[{"embeddable":true,"href":"https:\/\/www.odszkodowania.info.pl\/index.php?rest_route=\/wp\/v2\/users\/2"}],"replies":[{"embeddable":true,"href":"https:\/\/www.odszkodowania.info.pl\/index.php?rest_route=%2Fwp%2Fv2%2Fcomments&post=1137"}],"version-history":[{"count":1,"href":"https:\/\/www.odszkodowania.info.pl\/index.php?rest_route=\/wp\/v2\/posts\/1137\/revisions"}],"predecessor-version":[{"id":1138,"href":"https:\/\/www.odszkodowania.info.pl\/index.php?rest_route=\/wp\/v2\/posts\/1137\/revisions\/1138"}],"wp:attachment":[{"href":"https:\/\/www.odszkodowania.info.pl\/index.php?rest_route=%2Fwp%2Fv2%2Fmedia&parent=1137"}],"wp:term":[{"taxonomy":"category","embeddable":true,"href":"https:\/\/www.odszkodowania.info.pl\/index.php?rest_route=%2Fwp%2Fv2%2Fcategories&post=1137"},{"taxonomy":"post_tag","embeddable":true,"href":"https:\/\/www.odszkodowania.info.pl\/index.php?rest_route=%2Fwp%2Fv2%2Ftags&post=1137"}],"curies":[{"name":"wp","href":"https:\/\/api.w.org\/{rel}","templated":true}]}}