{"id":1145,"date":"2011-04-13T22:35:27","date_gmt":"2011-04-13T21:35:27","guid":{"rendered":"http:\/\/www.odszkodowania.info.pl\/?p=1145"},"modified":"2011-04-13T22:35:27","modified_gmt":"2011-04-13T21:35:27","slug":"ile-sa-warte-slowa-rzecznika-policji-20-tys-zlotych","status":"publish","type":"post","link":"https:\/\/www.odszkodowania.info.pl\/?p=1145","title":{"rendered":"Ile s\u0105 warte s\u0142owa rzecznika policji? 20 tys. z\u0142otych"},"content":{"rendered":"<p>W takiej wysoko\u015bci zado\u015b\u0107uczynienie musia\u0142 wyp\u0142aci\u0107 szef podkarpackiej policji by\u0142emu ju\u017c komendantowi tej formacji w Stalowej Woli Krzysztofowi Polakowi. Za co? Za wypowiedzi rzecznika policji, \u017ce Polaka odwo\u0142ano, bo nie potrafi\u0142 kierowa\u0107 lud\u017ami. Dzi\u015b Polak jest taks\u00f3wkarzem.<br \/>\nOd ponad dw\u00f3ch lat siedzi za k\u00f3\u0142kiem 9-osobowego busa. Ma i takich klient\u00f3w, kt\u00f3rych sam kiedy\u015b wsadza\u0142 do wi\u0119zienia. &#8211; Szanuj\u0105 mnie &#8211; m\u00f3wi dzi\u015b dumnie Krzysztof Polak.<\/p>\n<p>Chcia\u0142by ponownie za\u0142o\u017cy\u0107 policyjny mundur. Bo ma dopiero 53 lata, w policji przepracowa\u0142 22, na stanowisku komendanta stalowowolskiej policji by\u0142 przez 15 lat. &#8211; Na emerytur\u0119 jest za wcze\u015bnie &#8211; \u015bmieje si\u0119 Polak.<\/p>\n<p>Jego historia ma sw\u00f3j pocz\u0105tek 31 marca 2006 r. Na \u0142amach kieleckiego dziennika &#8222;Echo Dnia&#8221; ukazuje si\u0119 wtedy artyku\u0142 &#8222;Strza\u0142 w policyjne serce&#8221;. Tekst by\u0142 po\u015bwiecony odwo\u0142aniu Polaka ze stanowiska szefa policji w Stalowej Woli. Decyzj\u0119 podj\u0105\u0142 \u00f3wczesny komendant podkarpackiej policji gen. Dariusz Biel. W tek\u015bcie wypowiada si\u0119 m.in. Wies\u0142aw Dyba\u015b, wtedy rzecznik Biela, kt\u00f3ry t\u0142umaczy, dlaczego Polakowi podzi\u0119kowano za wsp\u00f3\u0142prac\u0119.<\/p>\n<p>Dyba\u015b m\u00f3wi\u0142, \u017ce Krzysztof Polak m\u00f3g\u0142by nadal pracowa\u0107 w policji, ale ju\u017c nie na kierowniczym stanowisku, bo &#8222;zachowuje si\u0119 kontrowersyjnie&#8221; i jest na niego &#8222;wiele skarg&#8221;. Rzecznik powiedzia\u0142 tak\u017ce, \u017ce powodem odwo\u0142ania Polaka by\u0142y r\u00f3wnie\u017c &#8222;w\u0105tki poufne&#8221;, kt\u00f3rych jednak nie zdradzi\u0142.<\/p>\n<p>&#8211; Najbardziej mnie zabola\u0142y te &#8222;w\u0105tki poufne&#8221;. Nie wiedzia\u0142em, czy za chwil\u0119 przyjd\u0105 po mnie i aresztuj\u0105 &#8211; wspomina b. szef stalowowolskiej policji.<\/p>\n<p>W decyzji o jego odwo\u0142aniu komendant Biel napisa\u0142, \u017ce straci\u0142 zaufanie do Polaka, a on sam &#8222;utraci\u0142 zdolno\u015b\u0107 kierowania jednostk\u0105&#8221;.<\/p>\n<p>Krzysztof Polak wypowiedzi rzecznika na \u0142amach prasy nie zapomnia\u0142. Skierowa\u0142 do s\u0105du przeciwko niemu i komendantowi podkarpackiej policji pozew za pom\u00f3wienie. &#8211; Chcia\u0142em udowodni\u0107, \u017ce ka\u017cdy, bez wzgl\u0119du na zajmowane stanowisko, powinien wa\u017cy\u0107 s\u0142owa i bra\u0107 za nie odpowiedzialno\u015b\u0107 &#8211; t\u0142umaczy Polak.<\/p>\n<p>Dwa lata p\u00f3\u017aniej Polak doszed\u0142 z Bielem i Dybasiem do ugody. &#8211; Podali\u015bmy sobie r\u0119ce, przeprosili\u015bmy pana Polaka w gazecie. Rzeczywi\u015bcie, m\u00f3j rzecznik w tym artykule powiedzia\u0142 dwa zdania za du\u017co &#8211; ocenia dzi\u015b gen. Biel, kt\u00f3ry teraz stoi na czele \u015bl\u0105skiej policji.<\/p>\n<p>Na podaniu r\u0105k i przeprosinach w prasie sprawa si\u0119 jednak nie sko\u0144czy\u0142a, bo Polak skierowa\u0142 kolejny pozew, tym razem cywilny, przeciwko Skarbowi Pa\u0144stwa, kt\u00f3rego w procesie reprezentowa\u0142 komendant podkarpackiej policji. Tym razem pozew by\u0142 za naruszenie d\u00f3br osobistych. Te\u017c za wspomniane s\u0142owa rzecznika.<\/p>\n<p>&#8211; Przez ten artyku\u0142, gdy odszed\u0142em z policji, nie dosta\u0142em pracy w szkole jako nauczyciel wychowania fizycznego &#8211; twierdzi Krzysztof Polak.<\/p>\n<p>I proces wygra\u0142. Pierwszy, nieprawomocny wyrok zapad\u0142 jeszcze w pa\u017adzierniku zesz\u0142ego roku w S\u0105dzie Okr\u0119gowym w Tarnobrzegu. S\u0105d nakaza\u0142 komendantowi opublikowa\u0107 na pierwszej stronie &#8222;Echa Dnia&#8221; przeprosiny dla Polaka. A ponadto wyp\u0142aci\u0107 mu 20 tys. z\u0142 zado\u015b\u0107uczynienia i zwr\u00f3ci\u0107 1,6 tys. z\u0142 koszt\u00f3w s\u0105dowych.<\/p>\n<p>Od wyroku komendant si\u0119 odwo\u0142a\u0142, ale zn\u00f3w przegra\u0142. Tym razem S\u0105d Apelacyjny w Rzeszowie uzna\u0142, \u017ce Polakowi wystarczy wyp\u0142aci\u0107 pieni\u0105dze, a przeprosiny w gazecie nie s\u0105 konieczne. &#8211; Bo ju\u017c jedne si\u0119 ukaza\u0142y w gazecie kilka lat temu &#8211; t\u0142umaczy s\u0119dzia Roman Skrzypek z rzeszowskiego S\u0105du Apelacyjnego.<\/p>\n<p>&#8211; \u017baden z tych zarzut\u00f3w, o kt\u00f3rych m\u00f3wi\u0142 rzecznik, nie zosta\u0142 potwierdzony &#8211; triumfuje Krzysztof Polak.<\/p>\n<p>Gen. Dariusz Biel nawet nie wie, \u017ce jego nast\u0119pca musia\u0142 Polakowi wyp\u0142aci\u0107 jeszcze 20 tys. z\u0142. &#8211; Wydawa\u0142o mi si\u0119, \u017ce sprawa zamkn\u0119\u0142a si\u0119 na ugodzie. O drugim pozwie nic nie wiedzia\u0142em, s\u0105d mnie nie wzywa\u0142 na \u017cadne rozprawy &#8211; gen. Biel nie kryje zaskoczenia.<\/p>\n<p>&#8211; Bo pozwanym by\u0142 Skarb Pa\u0144stwa. Obecno\u015b\u0107 pana Biela nie by\u0142a konieczna. Teraz my\u015bl\u0119 o powrocie do pracy w policji. Bo to moja pasja &#8211; ko\u0144czy Polak.<\/p>\n<p>gazeta.pl<\/p>\n","protected":false},"excerpt":{"rendered":"<p>W takiej wysoko\u015bci zado\u015b\u0107uczynienie musia\u0142 wyp\u0142aci\u0107 szef podkarpackiej policji by\u0142emu ju\u017c komendantowi tej formacji w Stalowej Woli Krzysztofowi Polakowi. Za co? Za wypowiedzi rzecznika policji, \u017ce Polaka odwo\u0142ano, bo nie potrafi\u0142 kierowa\u0107 lud\u017ami. Dzi\u015b Polak jest taks\u00f3wkarzem. Od ponad dw\u00f3ch lat siedzi za k\u00f3\u0142kiem 9-osobowego busa. Ma i takich klient\u00f3w, kt\u00f3rych sam kiedy\u015b wsadza\u0142 do [&hellip;]<\/p>\n","protected":false},"author":2,"featured_media":0,"comment_status":"open","ping_status":"open","sticky":false,"template":"","format":"standard","meta":{"footnotes":""},"categories":[8],"tags":[12,13],"class_list":["post-1145","post","type-post","status-publish","format-standard","hentry","category-aktualnosci","tag-odszkodowanie","tag-zadoscuczynienie"],"_links":{"self":[{"href":"https:\/\/www.odszkodowania.info.pl\/index.php?rest_route=\/wp\/v2\/posts\/1145","targetHints":{"allow":["GET"]}}],"collection":[{"href":"https:\/\/www.odszkodowania.info.pl\/index.php?rest_route=\/wp\/v2\/posts"}],"about":[{"href":"https:\/\/www.odszkodowania.info.pl\/index.php?rest_route=\/wp\/v2\/types\/post"}],"author":[{"embeddable":true,"href":"https:\/\/www.odszkodowania.info.pl\/index.php?rest_route=\/wp\/v2\/users\/2"}],"replies":[{"embeddable":true,"href":"https:\/\/www.odszkodowania.info.pl\/index.php?rest_route=%2Fwp%2Fv2%2Fcomments&post=1145"}],"version-history":[{"count":1,"href":"https:\/\/www.odszkodowania.info.pl\/index.php?rest_route=\/wp\/v2\/posts\/1145\/revisions"}],"predecessor-version":[{"id":1146,"href":"https:\/\/www.odszkodowania.info.pl\/index.php?rest_route=\/wp\/v2\/posts\/1145\/revisions\/1146"}],"wp:attachment":[{"href":"https:\/\/www.odszkodowania.info.pl\/index.php?rest_route=%2Fwp%2Fv2%2Fmedia&parent=1145"}],"wp:term":[{"taxonomy":"category","embeddable":true,"href":"https:\/\/www.odszkodowania.info.pl\/index.php?rest_route=%2Fwp%2Fv2%2Fcategories&post=1145"},{"taxonomy":"post_tag","embeddable":true,"href":"https:\/\/www.odszkodowania.info.pl\/index.php?rest_route=%2Fwp%2Fv2%2Ftags&post=1145"}],"curies":[{"name":"wp","href":"https:\/\/api.w.org\/{rel}","templated":true}]}}