{"id":1173,"date":"2011-05-23T18:44:13","date_gmt":"2011-05-23T17:44:13","guid":{"rendered":"http:\/\/www.odszkodowania.info.pl\/?p=1173"},"modified":"2011-05-23T18:44:13","modified_gmt":"2011-05-23T17:44:13","slug":"odszkodowanie-za-areszt-dla-bylego-naczelnika-strazy","status":"publish","type":"post","link":"https:\/\/www.odszkodowania.info.pl\/?p=1173","title":{"rendered":"Odszkodowanie za areszt dla by\u0142ego naczelnika stra\u017cy"},"content":{"rendered":"<p>Wroc\u0142awski s\u0105d okr\u0119gowy przyzna\u0142 odszkodowanie za nies\u0142uszne aresztowanie Jaros\u0142awowi Bartoszce, by\u0142emu naczelnikowi stra\u017cy miejskiej na Starym Mie\u015bcie. S\u0105d wyceni\u0142 jego straty materialne i psychiczne na 128 tys. z\u0142. Prawie pi\u0119\u0107 razy mniej ni\u017c domaga\u0142 si\u0119 by\u0142y stra\u017cnik. &#8211; To ja\u0142mu\u017cna &#8211; komentuje Bartoszko.<\/p>\n<p>S\u0105d uzna\u0142, \u017ce Bartoszce nale\u017cy si\u0119 40 tys. z\u0142 zado\u015b\u0107uczynienia za straty moralne i 88 tys. z\u0142 tytu\u0142em odszkodowania.<\/p>\n<p>&#8211; S\u0105d stwierdzi\u0142, \u017ce nale\u017cy mi si\u0119 odszkodowanie tylko za te miesi\u0105ce, kt\u00f3re sp\u0119dzi\u0142em w areszcie, nie wzi\u0105\u0142 pod uwag\u0119, ze przez to aresztowanie nie mog\u0142em i do dzi\u015b nie mog\u0119 znale\u017a\u0107 pracy. Pomin\u0105\u0142 tak\u017ce moj\u0105 chorob\u0119, cho\u0107 zeznaj\u0105cy w poniedzia\u0142ek bieg\u0142y potwierdzi\u0142, \u017ce m\u00f3j z\u0142y stan psychiczny jest spowodowany aresztowaniem i tamtymi prze\u017cyciami &#8211; m\u00f3wi Bartoszko, kt\u00f3ry tu\u017c po og\u0142oszeniu wyroku zapowiedzia\u0142, \u017ce b\u0119dzie si\u0119 od niego odwo\u0142ywa\u0142.<\/p>\n<p>Bartoszko ma 53 lata. Do wroc\u0142awskiej stra\u017cy miejskiej trafi\u0142 w 1991 roku. Dwa lata by\u0142 szeregowym stra\u017cnikiem, potem awansowa\u0142 na naczelnika oddzia\u0142u stra\u017cy na Starym Mie\u015bcie. W 2001 roku zosta\u0142 pom\u00f3wiony o to, \u017ce wzi\u0105\u0142 \u0142ap\u00f3wk\u0119 od dw\u00f3ch m\u0119\u017cczyzn prowadz\u0105cych interesy na Dworcu \u015awiebodzkim. W grudniu 2001 zosta\u0142 aresztowany &#8211; policjanci wyprowadzili go w kajdankach z komendy stra\u017cy. Przesiedzia\u0142 osiem miesi\u0119cy. Wyrzucono go z pracy. Prokurator przedstawi\u0142 mu sze\u015b\u0107 zarzut\u00f3w: pi\u0119\u0107 dotyczy\u0142o \u017c\u0105dania i przyj\u0119cia korzy\u015bci maj\u0105tkowych od trzech przedsi\u0119biorc\u00f3w prowadz\u0105cych interesy na \u015awiebodzkim. W\u015br\u00f3d \u0142ap\u00f3wek, kt\u00f3re mia\u0142 przyj\u0105\u0107, opr\u00f3cz got\u00f3wki by\u0142y m.in.: kaloryfer, u\u0142o\u017cenie kafli w \u0142azience jego mieszkania, a tak\u017ce darmowe posi\u0142ki dla stra\u017cnik\u00f3w. Bartoszko mia\u0142 te\u017c, zdaniem prokuratury, nak\u0142ania\u0107 do sk\u0142adania fa\u0142szywych zezna\u0144.<\/p>\n<p>S\u0105d pierwszej instancji uzna\u0142 go winnym i skaza\u0142 na dwa i p\u00f3\u0142 roku wi\u0119zienia, ale s\u0105d okr\u0119gowy wyrok uchyli\u0142. Po ponownym procesie, w czerwcu 2009 roku, s\u0105d rejonowy go uniewinni\u0142. S\u0119dziowie stwierdzili m.in., \u017ce pomawiaj\u0105cy go m\u0119\u017cczy\u017ani s\u0105 niewiarygodni, a wiarygodny jest \u015bwiadek, kt\u00f3ry s\u0142ysza\u0142, jak tamci rozmawiaj\u0105 o tym, by &#8222;za\u0142atwi\u0107 Bartoszk\u0119&#8221;. Prokuratura odwo\u0142a\u0142a si\u0119 od wyroku, ale w marcu zesz\u0142ego roku s\u0105d okr\u0119gowy podtrzyma\u0142 uniewinnienie.<\/p>\n<p>Zanim do tego dosz\u0142o, Bartoszko aby prze\u017cy\u0107 i utrzyma\u0107 rodzin\u0119, musia\u0142 sprzeda\u0107 sw\u00f3j dom po zani\u017conej cenie, w areszcie rozchorowa\u0142 si\u0119, prze\u017cy\u0142 za\u0142amanie psychiczne. Wci\u0105\u017c ma problem ze znalezieniem pracy. &#8211; W \u015bwiadectwie pracy jako pow\u00f3d rozwi\u0105zania umowy mam wpisane: &#8222;zwolnienie z powodu aresztowania&#8221; &#8211; m\u00f3wi Bartoszko. &#8211; I cho\u0107 opr\u00f3cz \u015bwiadectwa przedk\u0142adam tak\u017ce prawomocny wyrok uniewinniaj\u0105cy mnie ca\u0142kowicie, to ka\u017cdy pracodawca woli &#8222;dmucha\u0107 na zimne&#8221; i zatrudni\u0107 osob\u0119, kt\u00f3ra nie mia\u0142a takich problem\u00f3w. Dlatego nawet na rozmowy o pracy mnie nie zapraszaj\u0105.<\/p>\n<p>By\u0142y naczelnik zapowiada, \u017ce zwr\u00f3ci si\u0119 o pomoc do Helsi\u0144skiej Fundacji Praw Cz\u0142owieka: &#8211; Pomagali komendantowi z Lublina, kt\u00f3ry by\u0142 w podobnej sytuacji, jak ja. Tak samo zosta\u0142 pom\u00f3wiony przez przest\u0119pc\u00f3w o \u0142ap\u00f3wki, ale po pi\u0119ciu latach zosta\u0142 oczyszczony z zarzut\u00f3w. Przesiedzia\u0142 pi\u0119\u0107 miesi\u0119cy, czyli kr\u00f3cej ode mnie. S\u0105d pierwszej instancji przyzna\u0142 mu 200 tys. z\u0142 samego zado\u015b\u0107uczynienia (policja wyp\u0142aci\u0142a mu ca\u0142o\u015b\u0107 zarobk\u00f3w, kt\u00f3re zarobi\u0142by w ci\u0105gu tych lat), ale s\u0105d drugiej instancji kwot\u0119 t\u0119 podwoi\u0142. Dlaczego ja zosta\u0142em tak \u017ale potraktowany?<\/p>\n<p>\u0179r\u00f3d\u0142o: Gazeta Wyborcza Wroc\u0142aw<\/p>\n","protected":false},"excerpt":{"rendered":"<p>Wroc\u0142awski s\u0105d okr\u0119gowy przyzna\u0142 odszkodowanie za nies\u0142uszne aresztowanie Jaros\u0142awowi Bartoszce, by\u0142emu naczelnikowi stra\u017cy miejskiej na Starym Mie\u015bcie. S\u0105d wyceni\u0142 jego straty materialne i psychiczne na 128 tys. z\u0142. Prawie pi\u0119\u0107 razy mniej ni\u017c domaga\u0142 si\u0119 by\u0142y stra\u017cnik. &#8211; To ja\u0142mu\u017cna &#8211; komentuje Bartoszko. S\u0105d uzna\u0142, \u017ce Bartoszce nale\u017cy si\u0119 40 tys. z\u0142 zado\u015b\u0107uczynienia za straty [&hellip;]<\/p>\n","protected":false},"author":2,"featured_media":0,"comment_status":"open","ping_status":"open","sticky":false,"template":"","format":"standard","meta":{"footnotes":""},"categories":[8],"tags":[12],"class_list":["post-1173","post","type-post","status-publish","format-standard","hentry","category-aktualnosci","tag-odszkodowanie"],"_links":{"self":[{"href":"https:\/\/www.odszkodowania.info.pl\/index.php?rest_route=\/wp\/v2\/posts\/1173","targetHints":{"allow":["GET"]}}],"collection":[{"href":"https:\/\/www.odszkodowania.info.pl\/index.php?rest_route=\/wp\/v2\/posts"}],"about":[{"href":"https:\/\/www.odszkodowania.info.pl\/index.php?rest_route=\/wp\/v2\/types\/post"}],"author":[{"embeddable":true,"href":"https:\/\/www.odszkodowania.info.pl\/index.php?rest_route=\/wp\/v2\/users\/2"}],"replies":[{"embeddable":true,"href":"https:\/\/www.odszkodowania.info.pl\/index.php?rest_route=%2Fwp%2Fv2%2Fcomments&post=1173"}],"version-history":[{"count":1,"href":"https:\/\/www.odszkodowania.info.pl\/index.php?rest_route=\/wp\/v2\/posts\/1173\/revisions"}],"predecessor-version":[{"id":1174,"href":"https:\/\/www.odszkodowania.info.pl\/index.php?rest_route=\/wp\/v2\/posts\/1173\/revisions\/1174"}],"wp:attachment":[{"href":"https:\/\/www.odszkodowania.info.pl\/index.php?rest_route=%2Fwp%2Fv2%2Fmedia&parent=1173"}],"wp:term":[{"taxonomy":"category","embeddable":true,"href":"https:\/\/www.odszkodowania.info.pl\/index.php?rest_route=%2Fwp%2Fv2%2Fcategories&post=1173"},{"taxonomy":"post_tag","embeddable":true,"href":"https:\/\/www.odszkodowania.info.pl\/index.php?rest_route=%2Fwp%2Fv2%2Ftags&post=1173"}],"curies":[{"name":"wp","href":"https:\/\/api.w.org\/{rel}","templated":true}]}}