{"id":1176,"date":"2011-05-30T11:41:53","date_gmt":"2011-05-30T10:41:53","guid":{"rendered":"http:\/\/www.odszkodowania.info.pl\/?p=1176"},"modified":"2011-05-30T11:42:50","modified_gmt":"2011-05-30T10:42:50","slug":"prokuratura-przeprasza-sedziow-oskarzonych-przez-pis","status":"publish","type":"post","link":"https:\/\/www.odszkodowania.info.pl\/?p=1176","title":{"rendered":"Prokuratura przeprasza s\u0119dzi\u00f3w oskar\u017conych przez PiS"},"content":{"rendered":"<p>Trzej s\u0119dziowie z Bielska-Bia\u0142ej, kt\u00f3rych za rz\u0105d\u00f3w PiS-u usi\u0142owano wkr\u0119ci\u0107 w udzia\u0142 w zorganizowanej grupie przest\u0119pczej, wygrali procesy z prokuratur\u0105. Zostan\u0105 przez ni\u0105 przeproszeni i dostan\u0105 po 50 tys. z\u0142 zado\u015b\u0107uczynienia. <\/p>\n<p>&#8211; Skoro wyrok jest prawomocny, nie wyobra\u017cam sobie, \u017ce nie zostanie wykonany &#8211; m\u00f3wi prokurator Piotr Borgie\u0142 z Prokuratury Okr\u0119gowej w Bielsku-Bia\u0142ej. W zwi\u0105zku z tym w ci\u0105gu najbli\u017cszych dni na \u0142amach &#8222;Gazety Wyborczej&#8221;, &#8222;Dziennika Zachodniego&#8221; oraz &#8222;Kroniki Beskidzkiej&#8221; prokuratura wykupi og\u0142oszenia nast\u0119puj\u0105cej tre\u015bci: &#8222;Przepraszamy za naruszenie d\u00f3br osobistych s\u0119dzi\u00f3w (z podaniem ich danych personalnych) poprzez nieuzasadnione wyst\u0105pienie w pa\u017adzierniku 2007 z wnioskiem o uchylenie im immunitetu oraz przekazanie do prasy nieprawdziwych i naruszaj\u0105cych dobre imi\u0119 informacji o podejrzeniu udzia\u0142u w grupie przest\u0119pczej i pope\u0142nieniu przest\u0119pstwa korupcyjnego&#8221;. Dodatkowo \u015bledczy b\u0119d\u0105 musieli zap\u0142aci\u0107 trzem s\u0119dziom po 50 tys. z\u0142 zado\u015b\u0107uczynienia. Niewykluczone jednak, \u017ce prokuratura z\u0142o\u017cy skarg\u0119 kasacyjn\u0105 do S\u0105du Najwy\u017cszego. &#8211; Decyzj\u0119 w tej sprawie podejmie Prokuratoria Generalna, kt\u00f3rej przedstawiciele uczestniczyli w procesie &#8211; m\u00f3wi prokurator Borgie\u0142.<\/p>\n<p>Sprawa zacz\u0119\u0142a si\u0119 w pa\u017adzierniku 2006 roku od konferencji prasowej Jerzego Engelkinga, zast\u0119pcy Zbigniewa Ziobry, ministra sprawiedliwo\u015bci w rz\u0105dzie PiS-u, podczas kt\u00f3rej stwierdzi\u0142, \u017ce na Podbeskidziu dzia\u0142a\u0142a zorganizowana grupa przest\u0119pcza sk\u0142adaj\u0105ca si\u0119 z s\u0119dzi\u00f3w i prokurator\u00f3w. Engelking zapewnia\u0142, \u017ce ustalenia poczynione w tej sprawie s\u0105 pora\u017caj\u0105ce. &#8211; Osoby powo\u0142ane do egzekwowania prawa dopuszcza\u0142y si\u0119 bowiem zachowa\u0144, kt\u00f3re mia\u0142y \u015bciga\u0107 i pi\u0119tnowa\u0107 &#8211; grzmia\u0142. Twierdzi\u0142, \u017ce w gang zamieszanych jest kilkunastu prawnik\u00f3w.<\/p>\n<p>Motorem nap\u0119dowym prowadzonego przez prokuratur\u0119 \u015bledztwa by\u0142 s\u0119dzia Grzegorz W., kt\u00f3ry po zatrzymaniu przez CBA opowiedzia\u0142, kto, kiedy i za co mia\u0142 bra\u0107 w bielskim s\u0105dzie \u0142ap\u00f3wki. W zamian za zeznania otrzyma\u0142 status tzw. ma\u0142ego \u015bwiadka koronnego.<\/p>\n<p>Na tej podstawie prokuratura w Bielsku-Bia\u0142ej wyst\u0105pi\u0142a o uchylenie immunitetu chroni\u0105cego trzech s\u0119dzi\u00f3w. \u015aledczy chcieli im przedstawi\u0107 zarzuty udzia\u0142u w zorganizowanej grupie przest\u0119pczej oraz korupcji. Po wyborach wygranych przez Platform\u0119 Obywatelsk\u0105 sprawa zosta\u0142a umorzona. Okaza\u0142o si\u0119, \u017ce opr\u00f3cz s\u0142\u00f3w s\u0119dziego Grzegorza W. \u015bledczy nie dysponowali \u017cadnymi dowodami. \u015awiadek prokuratury zosta\u0142 za\u015b wydalony z zawodu, gdy si\u0119 okaza\u0142o, \u017ce utrzymywa\u0142 intymne kontakty z oskar\u017con\u0105, w sprawie kt\u00f3rej orzeka\u0142. Pom\u00f3wieni przez Grzegorza W. s\u0119dziowie pozwali wi\u0119c prokuratur\u0119 i wygrali swoje procesy.<\/p>\n<p>&#8211; To satysfakcja dla ca\u0142ego \u015brodowiska, bo podczas konferencji prasowej Engelking twierdzi\u0142, \u017ce w spraw\u0119 jest zamieszanych kilkana\u015bcie os\u00f3b &#8211; m\u00f3wi s\u0119dzia Jaros\u0142aw Sablik, rzecznik prasowy S\u0105du Okr\u0119gowego w Bielsku-Bia\u0142ej.<\/p>\n<p>Jerzy Engelking nie chcia\u0142 komentowa\u0107 wyroku s\u0105du. &#8211; Jestem jednak zdumiony, \u017ce w\u015br\u00f3d s\u0119dzi\u00f3w, kt\u00f3rych prokuratura musi przeprosi\u0107, jest tak\u017ce ten, kt\u00f3remu S\u0105d Najwy\u017cszy prawomocnie uchyli\u0142 immunitet w zwi\u0105zku z podejrzeniem pope\u0142nienia przest\u0119pstwa &#8211; m\u00f3wi.<\/p>\n<p>\u0179r\u00f3d\u0142o: Gazeta Wyborcza Katowice<\/p>\n<p><em>Komentarz redakcji odszkodowania.info.pl: A\u017c si\u0119 nie chce wierzy\u0107 jak sprawnie dzia\u0142a nasz wymiar sprawiedliwo\u015bci, je\u015bli chodzi o urz\u0119dnik\u00f3w wymiaru sprawiedliwo\u015bci. Z nies\u0142ychan\u0105 sprawno\u015bci\u0105 i rozrzutno\u015bci\u0105 s\u0119dziowie otrzymali po 50 tys. z\u0142 zado\u015b\u0107uczynienia. Zado\u015b\u0107uczynienia ale za co? Za to \u017ce prokuratura ich nies\u0142usznie oskar\u017cy\u0142a i wyst\u0105pi\u0142a z wnioskiem o uchylenie immunitetu? Tysi\u0105ce os\u00f3b w naszym kraju jest nies\u0142usznie oskar\u017canych, setki przebywa nies\u0142usznie w aresztach wydobywczych, nie do ko\u0144ca okre\u015blona liczba jest nies\u0142usznie i niesprawiedliwie skazywanych, &#8230;. A tu mamy trzech urz\u0119dnik\u00f3w wymiaru sprawiedliwo\u015bci, kt\u00f3rzy lekk\u0105 r\u0119k\u0105 otrzymuj\u0105 wysokie zado\u015b\u0107uczynienie. Oczywi\u015bcie by\u0107 mo\u017ce kwota 50 tys z\u0142 nie jest oszo\u0142amiaj\u0105ca, ale co powiedzie\u0107 kiedy ten sam wymiar sprawiedliwo\u015bci potrafi przyzna\u0107 rodzicom jedynego dziecka, kt\u00f3re zgin\u0119\u0142o w wypadku 30 tys. z\u0142 i powiedzie\u0107 to wystarczy!!!! Jak to si\u0119 ma w pa\u0144stwie prawa? A no dobrze si\u0119 ma, wida\u0107 jasno urz\u0119dnik zawsze dostanie swoje nawet jak mu si\u0119 nie nale\u017cy, ty obywatelu nie licz na wiele &#8230; na pewno mo\u017cesz liczy\u0107 na kaprys urz\u0119dnika. Polska to jednak dziki kraj.<\/em><\/p>\n","protected":false},"excerpt":{"rendered":"<p>Trzej s\u0119dziowie z Bielska-Bia\u0142ej, kt\u00f3rych za rz\u0105d\u00f3w PiS-u usi\u0142owano wkr\u0119ci\u0107 w udzia\u0142 w zorganizowanej grupie przest\u0119pczej, wygrali procesy z prokuratur\u0105. Zostan\u0105 przez ni\u0105 przeproszeni i dostan\u0105 po 50 tys. z\u0142 zado\u015b\u0107uczynienia. &#8211; Skoro wyrok jest prawomocny, nie wyobra\u017cam sobie, \u017ce nie zostanie wykonany &#8211; m\u00f3wi prokurator Piotr Borgie\u0142 z Prokuratury Okr\u0119gowej w Bielsku-Bia\u0142ej. W zwi\u0105zku [&hellip;]<\/p>\n","protected":false},"author":2,"featured_media":0,"comment_status":"open","ping_status":"open","sticky":false,"template":"","format":"standard","meta":{"footnotes":""},"categories":[8],"tags":[12,13],"class_list":["post-1176","post","type-post","status-publish","format-standard","hentry","category-aktualnosci","tag-odszkodowanie","tag-zadoscuczynienie"],"_links":{"self":[{"href":"https:\/\/www.odszkodowania.info.pl\/index.php?rest_route=\/wp\/v2\/posts\/1176","targetHints":{"allow":["GET"]}}],"collection":[{"href":"https:\/\/www.odszkodowania.info.pl\/index.php?rest_route=\/wp\/v2\/posts"}],"about":[{"href":"https:\/\/www.odszkodowania.info.pl\/index.php?rest_route=\/wp\/v2\/types\/post"}],"author":[{"embeddable":true,"href":"https:\/\/www.odszkodowania.info.pl\/index.php?rest_route=\/wp\/v2\/users\/2"}],"replies":[{"embeddable":true,"href":"https:\/\/www.odszkodowania.info.pl\/index.php?rest_route=%2Fwp%2Fv2%2Fcomments&post=1176"}],"version-history":[{"count":2,"href":"https:\/\/www.odszkodowania.info.pl\/index.php?rest_route=\/wp\/v2\/posts\/1176\/revisions"}],"predecessor-version":[{"id":1178,"href":"https:\/\/www.odszkodowania.info.pl\/index.php?rest_route=\/wp\/v2\/posts\/1176\/revisions\/1178"}],"wp:attachment":[{"href":"https:\/\/www.odszkodowania.info.pl\/index.php?rest_route=%2Fwp%2Fv2%2Fmedia&parent=1176"}],"wp:term":[{"taxonomy":"category","embeddable":true,"href":"https:\/\/www.odszkodowania.info.pl\/index.php?rest_route=%2Fwp%2Fv2%2Fcategories&post=1176"},{"taxonomy":"post_tag","embeddable":true,"href":"https:\/\/www.odszkodowania.info.pl\/index.php?rest_route=%2Fwp%2Fv2%2Ftags&post=1176"}],"curies":[{"name":"wp","href":"https:\/\/api.w.org\/{rel}","templated":true}]}}