{"id":1206,"date":"2011-06-17T12:51:43","date_gmt":"2011-06-17T11:51:43","guid":{"rendered":"http:\/\/www.odszkodowania.info.pl\/?p=1206"},"modified":"2011-06-17T12:51:43","modified_gmt":"2011-06-17T11:51:43","slug":"odszkodowania-moga-kosztowac-warszawe-15-mld-zlotych","status":"publish","type":"post","link":"https:\/\/www.odszkodowania.info.pl\/?p=1206","title":{"rendered":"Odszkodowania mog\u0105 kosztowa\u0107 Warszaw\u0119 15 mld z\u0142otych"},"content":{"rendered":"<p>To niekonstytucyjne, \u017ce w\u0142a\u015bciciele kamienic odebranych po wojnie dekretem Bieruta nie maj\u0105 szans na odszkodowanie &#8211; uzna\u0142 Trybuna\u0142 Konstytucyjny. Wyrok mo\u017ce kosztowa\u0107 Warszaw\u0119 ok. 15 mld z\u0142.<\/p>\n<p>&#8211; Nie mam w zwyczaju ocenia\u0107 decyzji Trybuna\u0142u, czy to dobrze, czy \u017ale &#8211; m\u00f3wi Andrzej Jakubiak, wiceprezydent Warszawy. &#8211; Nie dyskutuj\u0119 tak\u017ce z przes\u0142aniem orzeczenia, kt\u00f3re m\u00f3wi, \u017ce trzeba naprawi\u0107 krzywdy przesz\u0142o\u015bci. Do powiedzenia mam jedno &#8211; to dla miasta sytuacja nowa i zaskakuj\u0105ca.<\/p>\n<p>Jakubiak t\u0142umaczy, \u017ce przed szerszym komentowaniem wyroku chce przeczyta\u0107 pisemne uzasadnienie s\u0119dzi\u00f3w Trybuna\u0142u Konstytucyjnego.<\/p>\n<p><strong>Pula ograniczona<\/strong><\/p>\n<p>Dekret o w\u0142asno\u015bci i u\u017cytkowaniu grunt\u00f3w podpisany prezydenta Bieruta jesieni\u0105 w 1945 r., kt\u00f3ry likwidowa\u0142 prywatn\u0105 w\u0142asno\u015b\u0107 nieruchomo\u015bci obj\u0105\u0142 ok. 12 tys. ha miasta i 24 tys. maj\u0105tk\u00f3w, szacowanych dzi\u015b na kilkadziesi\u0105t miliard\u00f3w z\u0142otych.<\/p>\n<p>Powodem nacjonalizacji by\u0142a pilna potrzeba odbudowy miasta. W dekrecie s\u0105 zapisy, kt\u00f3re pozwala\u0142y odwr\u00f3ci\u0107 sytuacj\u0119: prywatni w\u0142a\u015bciciele mogli si\u0119 ubiega\u0107 o przywr\u00f3cenie dawnych praw, wsz\u0119dzie tam, gdzie korzystanie z nieruchomo\u015bci nie k\u0142\u00f3ci\u0142o si\u0119 z planem zagospodarowania lub ich przeznaczeniem.<\/p>\n<p>Na napisanie wniosku mieli p\u00f3\u0142 roku od odebrania maj\u0105tku przez pa\u0144stwo. Dekretowy termin by\u0142 nieprzekraczalny. Po wojnie takich wniosk\u00f3w by\u0142o ok. 17 tys. Wi\u0119kszo\u015b\u0107 w\u0142a\u015bcicieli dosta\u0142a odmowy albo nie doczeka\u0142a si\u0119 odpowiedzi.<\/p>\n<p>W drugiej po\u0142owie lat 90. sto\u0142eczny samorz\u0105d zacz\u0105\u0142 zwraca\u0107 przej\u0119te po wojnie nieruchomo\u015bci. Przy braku ustawy reprywatyzacyjnej ubiegaj\u0105cy si\u0119 o dawne maj\u0105tki korzystali ze \u015bcie\u017cki administracyjnej. Postaw\u0105 do uniewa\u017cnienia decyzji z 1945 r. jest stwierdzenie ra\u017c\u0105cego naruszenia prawa przy jej podejmowaniu na podstawie dekretu. Uzyskanie takiego dokumentu oznacza dla by\u0142ego w\u0142a\u015bciciela &#8222;stan zero&#8221;. Sytuacja nieruchomo\u015bci cofa si\u0119 bowiem do dnia, w kt\u00f3rym urz\u0119dnik wyda\u0142 niesprawiedliw\u0105 decyzj\u0119.<\/p>\n<p><strong>Do dzi\u015b w prywatne r\u0119ce wr\u00f3ci\u0142o ok. 2,5 tys. kamienic, dom\u00f3w, dzia\u0142ek. Kilkana\u015bcie tysi\u0119cy czeka w kolejce.<\/strong><\/p>\n<p>&#8222;Warszawska reprywatyzacja&#8221; ma jednak wady. Poza jej dobrodziejstwami s\u0105 ci, kt\u00f3rzy nie zdo\u0142ali z\u0142o\u017cy\u0107 dekretowego wniosku w p\u00f3\u0142 roku od przej\u0119cia maj\u0105tku, bo np. nie by\u0142o ich w kraju, bali si\u0119 ujawni\u0107 itd. Ich dawne kamienice stoj\u0105 do dzi\u015b, ale byli w\u0142a\u015bciciele nie mog\u0105 ani odzyska\u0107 maj\u0105tk\u00f3w, ani ubiega\u0107 si\u0119 o finansowe zado\u015b\u0107uczynienie. &#8211; Dotyczy to ok. 7 tys. warszawskich nieruchomo\u015bci &#8211; szacuje Marcin Bajko, dyrektor miejskiego biura gospodarki nieruchomo\u015bciami.<\/p>\n<p>Szans na odszkodowanie nie maj\u0105 tak\u017ce przedwojenni w\u0142a\u015bciciele grunt\u00f3w, na kt\u00f3rych sta\u0142y kamienice, a dzi\u015b w ich miejscu jest np. publiczna droga. To, jak m\u00f3wi dyrektor Bajko &#8211; kolejne tysi\u0105ce spraw.<\/p>\n<p>Inn\u0105 sytuacj\u0119 maj\u0105 ci, kt\u00f3rym dekretem odebrano domy jednorodzinne (b\u0105d\u017a dzia\u0142ki pod tego typu zabudow\u0119): nie obowi\u0105zywa\u0142 ich p\u00f3\u0142roczny termin na z\u0142o\u017cenie wniosk\u00f3w, dostali te\u017c prawo do odszkodowa\u0144. Na rekompensat\u0119 czeka ok. 2 tys. takich przypadk\u00f3w. Dot\u0105d sto\u0142eczny ratusz wyp\u0142aci\u0142 150 mln z\u0142. Jeszcze nieza\u0142atwione roszczenia si\u0119gaj\u0105 400 mln z\u0142.<\/p>\n<p><strong>Odszkodowania dla ka\u017cdego<\/strong><\/p>\n<p>&#8211; Obowi\u0105zuj\u0105ce dzi\u015b prawo dzieli by\u0142ych w\u0142a\u015bcicieli na lepszych, kt\u00f3rzy stracili niedu\u017ce domy, i gorszych, czyli tych, kt\u00f3rym odebrano kamienice &#8211; m\u00f3wi Miros\u0142aw Szypowski, prezes Polskiej Unii W\u0142a\u015bcicieli Nieruchomo\u015bci.<\/p>\n<p>Skarg\u0119 do Trybuna\u0142u z\u0142o\u017cyli w\u0142a\u015bnie byli w\u0142a\u015bciciele jednej z du\u017cych zabranych po wojnie nieruchomo\u015bci. Nie mogli ani odzyska\u0107 maj\u0105tku, ani dosta\u0107 odszkodowania.<\/p>\n<p>Trybuna\u0142 og\u0142osi\u0142 w poniedzia\u0142ek, \u017ce taka sytuacja \u0142amie konstytucj\u0119, bo r\u00f3\u017cnicuje w\u0142a\u015bcicieli w niezrozumia\u0142y spos\u00f3b. I zobowi\u0105za\u0142 Sejm do zmiany przepis\u00f3w. Otworzy\u0142 wi\u0119c drog\u0119 do odszkodowa\u0144 wszystkim pozbawionym w\u0142asno\u015bci &#8211; bez wzgl\u0119du na jej wielko\u015b\u0107.<\/p>\n<p>&#8211; S\u0119dziowie TK uznali, \u017ce moralnie mamy racj\u0119. Przepisy powinny by\u0107 jak najszybciej zmienione &#8211; m\u00f3wi Szypowski.<\/p>\n<p>&#8211; Chwa\u0142a s\u0119dziom Trybuna\u0142u &#8211; dodaje Tadeusz Koss, wiceprezes Warszawskiego Zrzeszenia W\u0142a\u015bcicieli Nieruchomo\u015bci.<\/p>\n<p><strong>Warszawa nie ma 15 mld<\/strong><\/p>\n<p>&#8211; Je\u015bli Sejm post\u0105pi wed\u0142ug wyroku Trybuna\u0142u &#8211; nie ma mo\u017cliwo\u015bci, aby miasto sprosta\u0142o ci\u0119\u017carowi odszkodowa\u0144. Kilka lat temu szacowali\u015bmy je na blisko 15 mld z\u0142 &#8211; m\u00f3wi Miros\u0142aw Bajko.<\/p>\n<p>To prawie 2 mld z\u0142 wi\u0119cej ni\u017c roczny bud\u017cet miasta.<\/p>\n<p>Jak m\u00f3wi dyrektor Bajko, jest jeszcze inna mo\u017cliwo\u015b\u0107: &#8211; Trybuna\u0142 nie wyznaczy\u0142 parlamentowi terminu zmiany w przepisach. Licz\u0119, \u017ce Sejm wykorzysta t\u0119 sytuacj\u0119 i zdecyduje si\u0119 rozwi\u0105za\u0107 kompleksowo spraw\u0119 grunt\u00f3w warszawskich, przyjmuj\u0105c ustaw\u0119 reprywatyzacyjn\u0105. Wprowadzenie ustawy b\u0119dzie wymaga\u0142o zapewnienia \u015brodk\u00f3w finansowych na jej realizacj\u0119 w bud\u017cecie pa\u0144stwa, nie obci\u0105\u017caj\u0105c tak jak dot\u0105d bud\u017cetu miasta.<\/p>\n<p>&#8211; Nic mnie to nie obchodzi, \u017ce Warszawa nie ma pieni\u0119dzy. 97 proc. jej powierzchni by\u0142o w r\u0119kach prywatnych. Dzi\u015b miasto zachowuje si\u0119 jak paser &#8211; m\u00f3wi Miros\u0142aw Szypowski.<\/p>\n<p>gazeta.pl<\/p>\n","protected":false},"excerpt":{"rendered":"<p>To niekonstytucyjne, \u017ce w\u0142a\u015bciciele kamienic odebranych po wojnie dekretem Bieruta nie maj\u0105 szans na odszkodowanie &#8211; uzna\u0142 Trybuna\u0142 Konstytucyjny. Wyrok mo\u017ce kosztowa\u0107 Warszaw\u0119 ok. 15 mld z\u0142. &#8211; Nie mam w zwyczaju ocenia\u0107 decyzji Trybuna\u0142u, czy to dobrze, czy \u017ale &#8211; m\u00f3wi Andrzej Jakubiak, wiceprezydent Warszawy. &#8211; Nie dyskutuj\u0119 tak\u017ce z przes\u0142aniem orzeczenia, kt\u00f3re m\u00f3wi, [&hellip;]<\/p>\n","protected":false},"author":2,"featured_media":0,"comment_status":"open","ping_status":"open","sticky":false,"template":"","format":"standard","meta":{"footnotes":""},"categories":[8],"tags":[12],"class_list":["post-1206","post","type-post","status-publish","format-standard","hentry","category-aktualnosci","tag-odszkodowanie"],"_links":{"self":[{"href":"https:\/\/www.odszkodowania.info.pl\/index.php?rest_route=\/wp\/v2\/posts\/1206","targetHints":{"allow":["GET"]}}],"collection":[{"href":"https:\/\/www.odszkodowania.info.pl\/index.php?rest_route=\/wp\/v2\/posts"}],"about":[{"href":"https:\/\/www.odszkodowania.info.pl\/index.php?rest_route=\/wp\/v2\/types\/post"}],"author":[{"embeddable":true,"href":"https:\/\/www.odszkodowania.info.pl\/index.php?rest_route=\/wp\/v2\/users\/2"}],"replies":[{"embeddable":true,"href":"https:\/\/www.odszkodowania.info.pl\/index.php?rest_route=%2Fwp%2Fv2%2Fcomments&post=1206"}],"version-history":[{"count":1,"href":"https:\/\/www.odszkodowania.info.pl\/index.php?rest_route=\/wp\/v2\/posts\/1206\/revisions"}],"predecessor-version":[{"id":1207,"href":"https:\/\/www.odszkodowania.info.pl\/index.php?rest_route=\/wp\/v2\/posts\/1206\/revisions\/1207"}],"wp:attachment":[{"href":"https:\/\/www.odszkodowania.info.pl\/index.php?rest_route=%2Fwp%2Fv2%2Fmedia&parent=1206"}],"wp:term":[{"taxonomy":"category","embeddable":true,"href":"https:\/\/www.odszkodowania.info.pl\/index.php?rest_route=%2Fwp%2Fv2%2Fcategories&post=1206"},{"taxonomy":"post_tag","embeddable":true,"href":"https:\/\/www.odszkodowania.info.pl\/index.php?rest_route=%2Fwp%2Fv2%2Ftags&post=1206"}],"curies":[{"name":"wp","href":"https:\/\/api.w.org\/{rel}","templated":true}]}}