{"id":1225,"date":"2011-07-05T21:44:17","date_gmt":"2011-07-05T20:44:17","guid":{"rendered":"http:\/\/www.odszkodowania.info.pl\/?p=1225"},"modified":"2011-07-05T21:44:17","modified_gmt":"2011-07-05T20:44:17","slug":"sad-holandia-odpowiedzialna-za-smierc-muzulmanow-w-srebrenicy-beda-odszkodowania","status":"publish","type":"post","link":"https:\/\/www.odszkodowania.info.pl\/?p=1225","title":{"rendered":"S\u0105d: Holandia odpowiedzialna za \u015bmier\u0107 Muzu\u0142man\u00f3w w Srebrenicy &#8211; b\u0119d\u0105 odszkodowania"},"content":{"rendered":"<p>Pa\u0144stwo holenderskie jest odpowiedzialne za \u015bmier\u0107 trzech Muzu\u0142man\u00f3w w masakrze dokonanej przez si\u0142y serbskie po upadku Srebrenicy podczas wojny bo\u015bniackiej (1992-95) &#8211; orzek\u0142 holenderski s\u0105d apelacyjny i nakaza\u0142 wyp\u0142acenie odszkodowa\u0144 ich krewnym. To precedensowy wyrok, kt\u00f3ry mo\u017ce otworzy\u0107 drog\u0119 do wyp\u0142aty odszkodowa\u0144 za masakr\u0119 ludzi, kt\u00f3rzy w Srebrenicy znajdowali si\u0119 pod ochron\u0105 holenderskich \u017co\u0142nierzy ONZ.<br \/>\n&#8211; S\u0105d orzek\u0142, \u017ce pa\u0144stwo holenderskie jest odpowiedzialne za \u015bmier\u0107 tych m\u0119\u017cczyzn, poniewa\u017c Dutchbat (holenderscy \u017co\u0142nierze si\u0142 pokojowych ONZ) nie powinien by\u0142 ich przekazywa\u0107 &#8211; wyja\u015bni\u0142a rzeczniczka s\u0105du w Hadze. Pozew z\u0142o\u017cyli: Hasan Nuhanowi\u0107, t\u0142umacz, kt\u00f3ry straci\u0142 brata i ojca w masakrze dokonanej przez Serb\u00f3w bo\u015bniackich w lipcu 1995 roku, oraz krewni Rizo Mustaficia, elektryka, kt\u00f3ry te\u017c zgin\u0105\u0142 w tej masakrze. Odwo\u0142ywali si\u0119 oni od wydanego 10 wrze\u015bnia 2008 roku wyroku s\u0105du okr\u0119gowego w Hadze, kt\u00f3ry uzna\u0142, \u017ce pa\u0144stwo holenderskie nie mo\u017ce ponosi\u0107 odpowiedzialno\u015bci za dzia\u0142ania holenderskich \u017co\u0142nierzy z si\u0142 pokojowych.<\/p>\n<p><strong>Otwarta droga do roszcze\u0144<\/strong><\/p>\n<p>Jak podkre\u015bla agencja AP, wtorkowe orzeczenie mo\u017ce otworzy\u0107 drog\u0119 do podobnych roszcze\u0144 ze strony rodzin innych ofiar Srebrenicy, kt\u00f3re twierdz\u0105, \u017ce \u017co\u0142nierze holenderskich si\u0142 pokojowych powinni byli zapewni\u0107 bezpiecze\u0144stwo ich bliskim. Holenderscy \u017co\u0142nierze si\u0142 pokojowych ONZ byli odpowiedzialni za po\u0142o\u017con\u0105 przy granicy z Serbi\u0105, Srebrenic\u0119, kt\u00f3ra by\u0142a muzu\u0142ma\u0144sk\u0105 enklaw\u0105, og\u0142oszon\u0105 przez ONZ &#8222;stref\u0105 bezpiecze\u0144stwa&#8221;, kiedy w lipcu 1995 roku si\u0142y Serb\u00f3w bo\u015bniackich zaj\u0119\u0142y miasto i wymordowa\u0142y blisko 8 tys. m\u0119\u017cczyzn i ch\u0142opc\u00f3w.<\/p>\n<p><strong>Bronili ich \u017co\u0142nierze uzbrojeni w lekka bro\u0144<\/strong><\/p>\n<p>Holenderski rz\u0105d, kt\u00f3ry przez ostatnie lata musia\u0142 stawi\u0107 czo\u0142o kilku pozwom zwi\u0105zanym z masakr\u0105 w Srebrenicy, zawsze utrzymywa\u0142, \u017ce jego \u017co\u0142nierze zostali porzuceni przez si\u0142y ONZ, kt\u00f3re nie zapewni\u0142y im wsparcia powietrznego. Si\u0142y Serb\u00f3w bo\u015bniackich zdoby\u0142y Srebrenic\u0119 11 lipca 1995 roku, na kilka miesi\u0119cy przed zako\u0144czeniem wojny. Zgromadzi\u0142o si\u0119 tam 30 tys. ludzi, w tym tysi\u0105ce uchod\u017ac\u00f3w, szukaj\u0105cych schronienia przed nacieraj\u0105cymi wojskami serbskimi. Broni\u0107 ich mieli holenderscy \u017co\u0142nierze z si\u0142 ONZ, uzbrojeni tylko w lekk\u0105 bro\u0144.<\/p>\n<p><strong>Wycofali si\u0119 bez walki<\/strong><\/p>\n<p>Holendrzy wycofali si\u0119 bez walki, nie maj\u0105c szans, gdy dow\u00f3dztwo misji wojskowej ONZ odm\u00f3wi\u0142o wsparcia i zbombardowania Serb\u00f3w z powietrza. Batalion ONZ przygl\u0105da\u0142 si\u0119 biernie oddzielaniu muzu\u0142ma\u0144skich m\u0119\u017cczyzn od kobiet. Holendrzy wydali nawet 5 tys. Muzu\u0142man\u00f3w, kt\u00f3rzy schronili si\u0119 przed wyw\u00f3zk\u0105 w ich bazie w Potoczari &#8211; w przekonaniu, \u017ce wyjazd stamt\u0105d jest dla nich jedynym wyj\u015bciem. Raport ujawniaj\u0105cy te fakty doprowadzi\u0142 w kwietniu 2002 r. do dymisji rz\u0105du holenderskiego. ONZ w 1999 r. przyzna\u0142a, \u017ce pope\u0142ni\u0142a b\u0142\u0105d w ocenie sytuacji w Srebrenicy.<\/p>\n<p><strong>Ludob\u00f3jstwo<\/strong><\/p>\n<p>Zbrodnia w Srebrenicy przyspieszy\u0142a koniec wojny w Bo\u015bni i Hercegowinie. Po masakrze lotnictwo NATO dokona\u0142o ci\u0119\u017ckich nalot\u00f3w na pozycje Serb\u00f3w bo\u015bniackich, a po ich zako\u0144czeniu do BiH wkroczy\u0142a armia chorwacka, kt\u00f3ra wraz z si\u0142ami muzu\u0142ma\u0144skimi i wojskiem bo\u015bniackich Chorwat\u00f3w rozbi\u0142a Serb\u00f3w. ONZ-owski trybuna\u0142 ds. zbrodni wojennych na obszarze dawnej Jugos\u0142awii oraz najwy\u017cszy organ s\u0105dowy ONZ Mi\u0119dzynarodowy Trybuna\u0142 Sprawiedliwo\u015bci uzna\u0142y masakr\u0119 muzu\u0142ma\u0144skich m\u0119\u017cczyzn i ch\u0142opc\u00f3w za ludob\u00f3jstwo.<\/p>\n<p>gazeta.pl<\/p>\n","protected":false},"excerpt":{"rendered":"<p>Pa\u0144stwo holenderskie jest odpowiedzialne za \u015bmier\u0107 trzech Muzu\u0142man\u00f3w w masakrze dokonanej przez si\u0142y serbskie po upadku Srebrenicy podczas wojny bo\u015bniackiej (1992-95) &#8211; orzek\u0142 holenderski s\u0105d apelacyjny i nakaza\u0142 wyp\u0142acenie odszkodowa\u0144 ich krewnym. To precedensowy wyrok, kt\u00f3ry mo\u017ce otworzy\u0107 drog\u0119 do wyp\u0142aty odszkodowa\u0144 za masakr\u0119 ludzi, kt\u00f3rzy w Srebrenicy znajdowali si\u0119 pod ochron\u0105 holenderskich \u017co\u0142nierzy ONZ. [&hellip;]<\/p>\n","protected":false},"author":2,"featured_media":0,"comment_status":"open","ping_status":"open","sticky":false,"template":"","format":"standard","meta":{"footnotes":""},"categories":[8],"tags":[12,13],"class_list":["post-1225","post","type-post","status-publish","format-standard","hentry","category-aktualnosci","tag-odszkodowanie","tag-zadoscuczynienie"],"_links":{"self":[{"href":"https:\/\/www.odszkodowania.info.pl\/index.php?rest_route=\/wp\/v2\/posts\/1225","targetHints":{"allow":["GET"]}}],"collection":[{"href":"https:\/\/www.odszkodowania.info.pl\/index.php?rest_route=\/wp\/v2\/posts"}],"about":[{"href":"https:\/\/www.odszkodowania.info.pl\/index.php?rest_route=\/wp\/v2\/types\/post"}],"author":[{"embeddable":true,"href":"https:\/\/www.odszkodowania.info.pl\/index.php?rest_route=\/wp\/v2\/users\/2"}],"replies":[{"embeddable":true,"href":"https:\/\/www.odszkodowania.info.pl\/index.php?rest_route=%2Fwp%2Fv2%2Fcomments&post=1225"}],"version-history":[{"count":1,"href":"https:\/\/www.odszkodowania.info.pl\/index.php?rest_route=\/wp\/v2\/posts\/1225\/revisions"}],"predecessor-version":[{"id":1226,"href":"https:\/\/www.odszkodowania.info.pl\/index.php?rest_route=\/wp\/v2\/posts\/1225\/revisions\/1226"}],"wp:attachment":[{"href":"https:\/\/www.odszkodowania.info.pl\/index.php?rest_route=%2Fwp%2Fv2%2Fmedia&parent=1225"}],"wp:term":[{"taxonomy":"category","embeddable":true,"href":"https:\/\/www.odszkodowania.info.pl\/index.php?rest_route=%2Fwp%2Fv2%2Fcategories&post=1225"},{"taxonomy":"post_tag","embeddable":true,"href":"https:\/\/www.odszkodowania.info.pl\/index.php?rest_route=%2Fwp%2Fv2%2Ftags&post=1225"}],"curies":[{"name":"wp","href":"https:\/\/api.w.org\/{rel}","templated":true}]}}