{"id":1265,"date":"2011-08-12T11:52:14","date_gmt":"2011-08-12T10:52:14","guid":{"rendered":"http:\/\/www.odszkodowania.info.pl\/?p=1265"},"modified":"2011-08-12T11:54:25","modified_gmt":"2011-08-12T10:54:25","slug":"nie-bedzie-ugody-ws-pomylki-antyterrorystow","status":"publish","type":"post","link":"https:\/\/www.odszkodowania.info.pl\/?p=1265","title":{"rendered":"Nie b\u0119dzie ugody ws. pomy\u0142ki antyterroryst\u00f3w"},"content":{"rendered":"<p>Przed \u0142\u00f3dzkim s\u0105dem wznowiono proces ws. pomy\u0142ki antyterroryst\u00f3w. Dwie mieszkanki \u0141odzi (reprezentowane przez sp\u00f3\u0142k\u0119 &#8222;<a href=\"http:\/\/www.odszkodowania.marshal.pl\" target=\"_blank\">MARSHAL<\/a>&#8222;) domagaj\u0105 si\u0119 od Komendy Sto\u0142ecznej Policji 20 tys. z\u0142 za szkody poniesione wskutek b\u0142\u0119du funkcjonariuszy. Stronom nie uda\u0142o si\u0119 zawrze\u0107 ugody. Dzi\u015b zamkni\u0119to przew\u00f3d s\u0105dowy w tej sprawie. Wyrok ma zapa\u015b\u0107 za dwa tygodnie.<\/p>\n<p><strong>Wywa\u017cone drzwi i wrzucony granat<\/strong><\/p>\n<p>Na pocz\u0105tku marca 2010 roku grupa policyjnych antyterroryst\u00f3w z Wo\u0142omina wtargn\u0119\u0142a do mieszkania przy ul. Legion\u00f3w w \u0141odzi. Policjanci wywa\u017cyli drzwi i wrzucili granat og\u0142uszaj\u0105cy. W mieszkaniu by\u0142y matka i nieletnia c\u00f3rka. Okaza\u0142o si\u0119, \u017ce funkcjonariusze pomylili numery mieszka\u0144. Z relacji kobiet wynika, \u017ce antyterrory\u015bci weszli do mieszkania krzycz\u0105c, by pad\u0142y na pod\u0142og\u0119. Zniszczyli m.in. wyk\u0142adzin\u0119 w kuchni oraz uszkodzili drzwi.<\/p>\n<p>Wed\u0142ug kobiet dzia\u0142ania policji doprowadzi\u0142y do tego, \u017ce musz\u0105 nadal korzysta\u0107 z pomocy psychologa. Poszkodowane skierowa\u0142y pozew do s\u0105du, w kt\u00f3rym domagaj\u0105 si\u0119 zap\u0142aty za bezprawne dzia\u0142ania policji &#8211; w sumie 20 tys. z\u0142.<\/p>\n<p><strong>Prokuratura: dzia\u0142ania antyterroryst\u00f3w prawid\u0142owe<\/strong><\/p>\n<p>W lipcu ub. roku \u0142\u00f3dzka prokuratura umorzy\u0142a \u015bledztwo w sprawie interwencji antyterroryst\u00f3w, uznaj\u0105c, \u017ce podj\u0119te przez nich dzia\u0142ania by\u0142y prawid\u0142owe. Zdaniem prokuratury, akcj\u0119 przeprowadzono na podstawie informacji, kt\u00f3rymi policjanci w tym czasie dysponowali.<\/p>\n<p>Proces w tej sprawie mia\u0142 si\u0119 rozpocz\u0105\u0107 wiosn\u0105, ale wtedy obie strony wyrazi\u0142y gotowo\u015b\u0107 zawarcia ugody. Ostatecznie do niej nie dosz\u0142o. W maju tego roku jeszcze raz odroczono rozpraw\u0119, poniewa\u017c na sali nie pojawi\u0142 si\u0119 pe\u0142nomocnik policji.<\/p>\n<p>tvn24.pl<\/p>\n<p><a href=\"http:\/\/wiadomosci.gazeta.pl\/Wiadomosci\/1,80273,10104731,Antyterrorysci_pomylili_mieszkania__Zaplaca_20_tys__.html\" target=\"_blank\">Czytaj tak\u017ce o procesie w na gazeta.pl<\/a><\/p>\n","protected":false},"excerpt":{"rendered":"<p>Przed \u0142\u00f3dzkim s\u0105dem wznowiono proces ws. pomy\u0142ki antyterroryst\u00f3w. Dwie mieszkanki \u0141odzi (reprezentowane przez sp\u00f3\u0142k\u0119 &#8222;MARSHAL&#8222;) domagaj\u0105 si\u0119 od Komendy Sto\u0142ecznej Policji 20 tys. z\u0142 za szkody poniesione wskutek b\u0142\u0119du funkcjonariuszy. Stronom nie uda\u0142o si\u0119 zawrze\u0107 ugody. Dzi\u015b zamkni\u0119to przew\u00f3d s\u0105dowy w tej sprawie. Wyrok ma zapa\u015b\u0107 za dwa tygodnie. Wywa\u017cone drzwi i wrzucony granat Na [&hellip;]<\/p>\n","protected":false},"author":2,"featured_media":0,"comment_status":"open","ping_status":"open","sticky":false,"template":"","format":"standard","meta":{"footnotes":""},"categories":[8],"tags":[11,12,13],"class_list":["post-1265","post","type-post","status-publish","format-standard","hentry","category-aktualnosci","tag-marshal","tag-odszkodowanie","tag-zadoscuczynienie"],"_links":{"self":[{"href":"https:\/\/www.odszkodowania.info.pl\/index.php?rest_route=\/wp\/v2\/posts\/1265","targetHints":{"allow":["GET"]}}],"collection":[{"href":"https:\/\/www.odszkodowania.info.pl\/index.php?rest_route=\/wp\/v2\/posts"}],"about":[{"href":"https:\/\/www.odszkodowania.info.pl\/index.php?rest_route=\/wp\/v2\/types\/post"}],"author":[{"embeddable":true,"href":"https:\/\/www.odszkodowania.info.pl\/index.php?rest_route=\/wp\/v2\/users\/2"}],"replies":[{"embeddable":true,"href":"https:\/\/www.odszkodowania.info.pl\/index.php?rest_route=%2Fwp%2Fv2%2Fcomments&post=1265"}],"version-history":[{"count":3,"href":"https:\/\/www.odszkodowania.info.pl\/index.php?rest_route=\/wp\/v2\/posts\/1265\/revisions"}],"predecessor-version":[{"id":1268,"href":"https:\/\/www.odszkodowania.info.pl\/index.php?rest_route=\/wp\/v2\/posts\/1265\/revisions\/1268"}],"wp:attachment":[{"href":"https:\/\/www.odszkodowania.info.pl\/index.php?rest_route=%2Fwp%2Fv2%2Fmedia&parent=1265"}],"wp:term":[{"taxonomy":"category","embeddable":true,"href":"https:\/\/www.odszkodowania.info.pl\/index.php?rest_route=%2Fwp%2Fv2%2Fcategories&post=1265"},{"taxonomy":"post_tag","embeddable":true,"href":"https:\/\/www.odszkodowania.info.pl\/index.php?rest_route=%2Fwp%2Fv2%2Ftags&post=1265"}],"curies":[{"name":"wp","href":"https:\/\/api.w.org\/{rel}","templated":true}]}}