{"id":1281,"date":"2011-08-25T21:00:22","date_gmt":"2011-08-25T20:00:22","guid":{"rendered":"http:\/\/www.odszkodowania.info.pl\/?p=1281"},"modified":"2011-08-25T21:00:22","modified_gmt":"2011-08-25T20:00:22","slug":"rekompensata-za-%e2%80%9epobudke%e2%80%9d-antyterrorystow","status":"publish","type":"post","link":"https:\/\/www.odszkodowania.info.pl\/?p=1281","title":{"rendered":"Rekompensata za \u201epobudk\u0119\u201d antyterroryst\u00f3w"},"content":{"rendered":"<p>9 tys. z\u0142otych b\u0119dzie musia\u0142a zap\u0142aci\u0107 Komenda Sto\u0142eczna Policji dw\u00f3m \u0142odziankom, do mieszkania kt\u00f3rych, wskutek pomy\u0142ki, wtargn\u0119li antyterrory\u015bci \u2013 zdecydowa\u0142 w czwartek \u0142\u00f3dzki s\u0105d rejonowy. Proces w tej sprawie zako\u0144czy\u0142 si\u0119 dwa tygodnie temu po jednej rozprawie. W czwartek zapad\u0142 wyrok.<\/p>\n<p>Na pocz\u0105tku marca ubieg\u0142ego roku grupa policyjnych antyterroryst\u00f3w z Wo\u0142omina wtargn\u0119\u0142a do mieszkania przy ul. Legion\u00f3w w \u0141odzi. Policjanci wywa\u017cyli drzwi i wrzucili granat og\u0142uszaj\u0105cy. W mieszkaniu by\u0142y matka i nieletnia c\u00f3rka.<\/p>\n<p>Okaza\u0142o si\u0119, \u017ce funkcjonariusze pomylili numery mieszka\u0144. Z relacji poszkodowanych wynika, \u017ce antyterrory\u015bci weszli do mieszkania krzycz\u0105c, by pad\u0142y na pod\u0142og\u0119. Zniszczyli m.in. wyk\u0142adzin\u0119 w kuchni oraz uszkodzili drzwi.<\/p>\n<p>Poszkodowane (reprezentowane przez sp\u00f3\u0142k\u0119 &#8222;MARSHAL&#8221;) skierowa\u0142y pozew do s\u0105du, w kt\u00f3rym domaga\u0142y si\u0119 zap\u0142aty za bezprawne dzia\u0142ania policji \u2013 po 10 tys. z\u0142 dla ka\u017cdej z nich. W trakcie procesu starsza z nich przyzna\u0142a, \u017ce od tamtego zdarzenia nadal pozostaje pod opiek\u0105 psychologa, boi si\u0119 policji, ha\u0142asu, ma stany l\u0119kowe. Nie potrafi\u0105 \u2013 wraz z c\u00f3rk\u0105 \u2013 zapomnie\u0107 o tamtym zdarzeniu. Uwa\u017ca\u0142y r\u00f3wnie\u017c, \u017ce naruszono ich godno\u015b\u0107 osobist\u0105.<\/p>\n<p>W lipcu ubieg\u0142ego roku \u0142\u00f3dzka prokuratura umorzy\u0142a \u015bledztwo w sprawie interwencji antyterroryst\u00f3w, uznaj\u0105c, \u017ce podj\u0119te przez nich dzia\u0142ania by\u0142y prawid\u0142owe. Zdaniem prokuratury, akcj\u0119 przeprowadzono na podstawie informacji, kt\u00f3rymi policjanci w tym czasie dysponowali.<\/p>\n<p>W czwartek s\u0105d rejonowy w \u0141odzi zdecydowa\u0142, \u017ce kobiety dostan\u0105 w sumie 9 tys. z\u0142 zado\u015b\u0107uczynienia. Matce s\u0105d przyzna\u0142 4 tys., c\u00f3rce \u2013 5 tys. z\u0142. Zdaniem s\u0105du, policjanci dzia\u0142ali na podstawie informacji, kt\u00f3r\u0105 posiadali. Ich dzia\u0142ania by\u0142y zgodne z prawem, bo mieli zatrzyma\u0107 cz\u0142onka z grupy narkotykowej. Nie oznacza to jednak, \u017ce policja nie ponosi odpowiedzialno\u015bci za skutki przeprowadzonej akcji \u2013 naruszono m.in. mir domowy, akcja spowodowa\u0142a lekki uszczerbek na zdrowiu u kobiet.<\/p>\n<p>Jednak wed\u0142ug s\u0105du, \u017c\u0105danie po 10 tys. z\u0142 zado\u015b\u0107uczynienia by\u0142a wyg\u00f3rowana. Przyznaj\u0105c niepe\u0142noletniej c\u00f3rce 5 tys. z\u0142, s\u0105d uzna\u0142, \u017ce ona bardziej prze\u017cy\u0142a to zdarzenie.<\/p>\n<p>tvp.info<\/p>\n","protected":false},"excerpt":{"rendered":"<p>9 tys. z\u0142otych b\u0119dzie musia\u0142a zap\u0142aci\u0107 Komenda Sto\u0142eczna Policji dw\u00f3m \u0142odziankom, do mieszkania kt\u00f3rych, wskutek pomy\u0142ki, wtargn\u0119li antyterrory\u015bci \u2013 zdecydowa\u0142 w czwartek \u0142\u00f3dzki s\u0105d rejonowy. Proces w tej sprawie zako\u0144czy\u0142 si\u0119 dwa tygodnie temu po jednej rozprawie. W czwartek zapad\u0142 wyrok. Na pocz\u0105tku marca ubieg\u0142ego roku grupa policyjnych antyterroryst\u00f3w z Wo\u0142omina wtargn\u0119\u0142a do mieszkania przy [&hellip;]<\/p>\n","protected":false},"author":2,"featured_media":0,"comment_status":"open","ping_status":"open","sticky":false,"template":"","format":"standard","meta":{"footnotes":""},"categories":[8],"tags":[11,12,13],"class_list":["post-1281","post","type-post","status-publish","format-standard","hentry","category-aktualnosci","tag-marshal","tag-odszkodowanie","tag-zadoscuczynienie"],"_links":{"self":[{"href":"https:\/\/www.odszkodowania.info.pl\/index.php?rest_route=\/wp\/v2\/posts\/1281","targetHints":{"allow":["GET"]}}],"collection":[{"href":"https:\/\/www.odszkodowania.info.pl\/index.php?rest_route=\/wp\/v2\/posts"}],"about":[{"href":"https:\/\/www.odszkodowania.info.pl\/index.php?rest_route=\/wp\/v2\/types\/post"}],"author":[{"embeddable":true,"href":"https:\/\/www.odszkodowania.info.pl\/index.php?rest_route=\/wp\/v2\/users\/2"}],"replies":[{"embeddable":true,"href":"https:\/\/www.odszkodowania.info.pl\/index.php?rest_route=%2Fwp%2Fv2%2Fcomments&post=1281"}],"version-history":[{"count":1,"href":"https:\/\/www.odszkodowania.info.pl\/index.php?rest_route=\/wp\/v2\/posts\/1281\/revisions"}],"predecessor-version":[{"id":1282,"href":"https:\/\/www.odszkodowania.info.pl\/index.php?rest_route=\/wp\/v2\/posts\/1281\/revisions\/1282"}],"wp:attachment":[{"href":"https:\/\/www.odszkodowania.info.pl\/index.php?rest_route=%2Fwp%2Fv2%2Fmedia&parent=1281"}],"wp:term":[{"taxonomy":"category","embeddable":true,"href":"https:\/\/www.odszkodowania.info.pl\/index.php?rest_route=%2Fwp%2Fv2%2Fcategories&post=1281"},{"taxonomy":"post_tag","embeddable":true,"href":"https:\/\/www.odszkodowania.info.pl\/index.php?rest_route=%2Fwp%2Fv2%2Ftags&post=1281"}],"curies":[{"name":"wp","href":"https:\/\/api.w.org\/{rel}","templated":true}]}}