{"id":1283,"date":"2011-08-25T21:25:31","date_gmt":"2011-08-25T20:25:31","guid":{"rendered":"http:\/\/www.odszkodowania.info.pl\/?p=1283"},"modified":"2011-08-25T21:25:31","modified_gmt":"2011-08-25T20:25:31","slug":"ruszyl-proces-ws-pozaru-w-kamieniu-pomorskim","status":"publish","type":"post","link":"https:\/\/www.odszkodowania.info.pl\/?p=1283","title":{"rendered":"Ruszy\u0142 proces ws. po\u017caru w Kamieniu Pomorskim"},"content":{"rendered":"<p>Przed S\u0105dem Okr\u0119gowym w Szczecinie ruszy\u0142 proces dwojga urz\u0119dnik\u00f3w z Kamienia Pomorskiego oskar\u017conych w sprawie tragicznego po\u017caru, w kt\u00f3rym zgin\u0119\u0142y 23 osoby. Oskar\u017ceni to dyrektor tamtejszego Zak\u0142adu Gospodarki Mieszkaniowej Krzysztof G. oraz zatrudniona na stanowisku starszego inspektora do spraw administracyjno \u2013 budowlanych Barbara K. Zarzuty to m.in. niedope\u0142nienie obowi\u0105zk\u00f3w, kt\u00f3re doprowadzi\u0142o do po\u017caru. Grozi im do 10 lat wi\u0119zienia. Dyrektor jako funkcjonariuszowi publicznemu zarzucono ponadto niedope\u0142nienie obowi\u0105zk\u00f3w s\u0142u\u017cbowych i dzia\u0142anie na szkod\u0119 interesu publicznego i prywatnego.<\/p>\n<p>\u2013 <em>Prokurator twierdzi, \u017ce te osoby ponosz\u0105 odpowiedzialno\u015b\u0107 za stan techniczny budynku. Natomiast instalacja elektryczna, kt\u00f3rej zwarcie spowodowa\u0142o ten po\u017car, r\u00f3wnie\u017c podlega\u0142a kontroli. Gdyby by\u0142a prawid\u0142owo kontrolowana, by\u0107 mo\u017ce nie spowodowa\u0142aby po\u017caru i dzisiaj by\u015bmy si\u0119 tu nie spotykali<\/em> \u2013 m\u00f3wi <strong>Maciej Kwiecie\u0144<\/strong> z firmy MARSHAL, pe\u0142nomocnik cz\u0119\u015bci rodzin ofiar po\u017caru.<\/p>\n<p>Oskar\u017ceni nie przyznali si\u0119 do winy, b\u0119d\u0105 odpowiada\u0107 z wolnej stopy. Obro\u0144cy wnie\u015bli o umorzenie sprawy, ewentualnie o ponowne rozpatrzenie w celu uzupe\u0142nienia dokumentacji i ponownego zapoznania si\u0119 z ni\u0105.<\/p>\n<p><strong>Ogromna tragedia<\/strong><\/p>\n<p>Po\u017car wybuch\u0142 w poniedzia\u0142ek wielkanocny 2009 roku, w hotelu socjalnym w Kamieniu Pomorskim. Ogie\u0144 w b\u0142yskawicznym tempie ogarn\u0105\u0142 ca\u0142y budynek, co prokuratura przypisa\u0142a zaniedbaniom urz\u0119dnik\u00f3w. W bloku nie by\u0142y przeprowadzane okresowe przegl\u0105dy i kontrole techniczne i przeciwpo\u017carowe. Nie by\u0142o te\u017c dr\u00f3g ewakuacji.<\/p>\n<p>Podczas tragedii w bloku by\u0142o 80 os\u00f3b, 23 z nich zgin\u0119\u0142y, w tym a\u017c 13 dzieci. By\u0142 to jeden z najtragiczniejszych po\u017car\u00f3w ostatnich kilkudziesi\u0119ciu lat.<\/p>\n<p><a href=\"http:\/\/tvp.info\/informacje\/polska\/ruszyl-proces-ws-pozaru-w-kamieniu-pomorskim\/5158782\" target=\"_blank\">tvp.info<\/a> <\/p>\n","protected":false},"excerpt":{"rendered":"<p>Przed S\u0105dem Okr\u0119gowym w Szczecinie ruszy\u0142 proces dwojga urz\u0119dnik\u00f3w z Kamienia Pomorskiego oskar\u017conych w sprawie tragicznego po\u017caru, w kt\u00f3rym zgin\u0119\u0142y 23 osoby. Oskar\u017ceni to dyrektor tamtejszego Zak\u0142adu Gospodarki Mieszkaniowej Krzysztof G. oraz zatrudniona na stanowisku starszego inspektora do spraw administracyjno \u2013 budowlanych Barbara K. Zarzuty to m.in. niedope\u0142nienie obowi\u0105zk\u00f3w, kt\u00f3re doprowadzi\u0142o do po\u017caru. Grozi im [&hellip;]<\/p>\n","protected":false},"author":2,"featured_media":0,"comment_status":"open","ping_status":"open","sticky":false,"template":"","format":"standard","meta":{"footnotes":""},"categories":[8],"tags":[11,12,13],"class_list":["post-1283","post","type-post","status-publish","format-standard","hentry","category-aktualnosci","tag-marshal","tag-odszkodowanie","tag-zadoscuczynienie"],"_links":{"self":[{"href":"https:\/\/www.odszkodowania.info.pl\/index.php?rest_route=\/wp\/v2\/posts\/1283","targetHints":{"allow":["GET"]}}],"collection":[{"href":"https:\/\/www.odszkodowania.info.pl\/index.php?rest_route=\/wp\/v2\/posts"}],"about":[{"href":"https:\/\/www.odszkodowania.info.pl\/index.php?rest_route=\/wp\/v2\/types\/post"}],"author":[{"embeddable":true,"href":"https:\/\/www.odszkodowania.info.pl\/index.php?rest_route=\/wp\/v2\/users\/2"}],"replies":[{"embeddable":true,"href":"https:\/\/www.odszkodowania.info.pl\/index.php?rest_route=%2Fwp%2Fv2%2Fcomments&post=1283"}],"version-history":[{"count":1,"href":"https:\/\/www.odszkodowania.info.pl\/index.php?rest_route=\/wp\/v2\/posts\/1283\/revisions"}],"predecessor-version":[{"id":1284,"href":"https:\/\/www.odszkodowania.info.pl\/index.php?rest_route=\/wp\/v2\/posts\/1283\/revisions\/1284"}],"wp:attachment":[{"href":"https:\/\/www.odszkodowania.info.pl\/index.php?rest_route=%2Fwp%2Fv2%2Fmedia&parent=1283"}],"wp:term":[{"taxonomy":"category","embeddable":true,"href":"https:\/\/www.odszkodowania.info.pl\/index.php?rest_route=%2Fwp%2Fv2%2Fcategories&post=1283"},{"taxonomy":"post_tag","embeddable":true,"href":"https:\/\/www.odszkodowania.info.pl\/index.php?rest_route=%2Fwp%2Fv2%2Ftags&post=1283"}],"curies":[{"name":"wp","href":"https:\/\/api.w.org\/{rel}","templated":true}]}}