{"id":1291,"date":"2011-09-06T21:23:23","date_gmt":"2011-09-06T20:23:23","guid":{"rendered":"http:\/\/www.odszkodowania.info.pl\/?p=1291"},"modified":"2011-09-06T21:23:23","modified_gmt":"2011-09-06T20:23:23","slug":"byly-opozycjonista-chce-dwoch-milionow-za-stan-wojenny","status":"publish","type":"post","link":"https:\/\/www.odszkodowania.info.pl\/?p=1291","title":{"rendered":"By\u0142y opozycjonista chce dw\u00f3ch milion\u00f3w za stan wojenny"},"content":{"rendered":"<p>By\u0142y dzia\u0142acz opozycji internowany w stanie wojennym chce od Skarbu Pa\u0144stwa ponad dw\u00f3ch milion\u00f3w z\u0142otych. Po wyroku Trybuna\u0142u Konstytucyjnego nie ma ju\u017c g\u00f3rnej granicy kwoty, o kt\u00f3r\u0105 mo\u017cna si\u0119 ubiega\u0107. Wcze\u015bniej wynosi\u0142a 25 tysi\u0119cy. Wielu by\u0142ych dzia\u0142aczy opozycji wnosi teraz o wy\u017csze odszkodowania. Krzysztof Grejbus by\u0142 mistrzem w Kombinacie Budowlanym &#8222;Podlasie&#8221; w Siedlcach. Jak wynika z akt sprawy, organizowa\u0142 robotnicze protesty, zak\u0142ada\u0142 Solidarno\u015b\u0107. 14 grudnia 1981 roku, jak wielu dzia\u0142aczy Solidarno\u015bci, zosta\u0142 internowany. W odosobnieniu przebywa\u0142 do lipca 1982 roku.<\/p>\n<p>Wsp\u00f3lnie z \u017con\u0105 podj\u0105\u0142 decyzj\u0119 o wyje\u017adzie z Polski. Sprzeda\u0142 niemal wszystko co mia\u0142, w tym meble i samoch\u00f3d. Zostawi\u0142 mieszkanie kwaterunkowe i pojecha\u0142 w nieznane. Dzi\u015b mieszka w Belgii.<\/p>\n<p><strong>Grejbus dosta\u0142 30 tys. Ale prawo si\u0119 zmieni\u0142o<\/strong><\/p>\n<p>S\u0105d Okr\u0119gowy przyzna\u0142 mu 30 tysi\u0119cy z\u0142otych zado\u015b\u0107uczynienia. Wcze\u015bniej s\u0105dy orzeka\u0142y maksymalnie do 25 tysi\u0119cy z\u0142otych za internowanie czy wi\u0119zienie w stanie wojennym, bo tak\u0105 g\u00f3rn\u0105 granic\u0119 ustala\u0142y przepisy. Ten swoisty &#8222;limit&#8221; zosta\u0142 zniesiony dopiero Trybuna\u0142 Konstytucyjnego.<\/p>\n<p>Pan Krzysztof wywalczy\u0142 30 tysi\u0119cy, ale z\u0142o\u017cy\u0142 apelacj\u0119. &#8211; Kwestionuje wysoko\u015b\u0107 przyznanego mu przez s\u0105d odszkodowania i zado\u015b\u0107uczynienia za okres internowania. W apelacji domaga si\u0119 podwy\u017cszenia tej kwoty do ponad dw\u00f3ch milion\u00f3w z\u0142otych &#8211; m\u00f3wi s\u0119dzia Cezary W\u00f3jcik.<\/p>\n<p>Ale nie tylko, ma te\u017c inne roszczenie. &#8211; Wnosi tak\u017ce o przyznanie mu odszkodowania w kwocie 80 tysi\u0119cy z\u0142otych za wyposa\u017cenie mieszkania, meble oraz samoch\u00f3d, kt\u00f3re sprzeda\u0142 w momencie wyjazdu zagranic\u0119, co nast\u0105pi\u0142o zaraz po wyj\u015bciu z o\u015brodka odosobnienia &#8211; dodaje W\u00f3jcik. Rozprawa w S\u0105dzie Apelacyjnym 11 pa\u017adziernika.<br \/>\n<strong><br \/>\nSpraw o odszkodowanie za stan wojenny coraz wi\u0119cej<\/strong><\/p>\n<p>Do S\u0105du Apelacyjnego w Lublinie, po wyroku Trybuna\u0142u Konstytucyjnego, wp\u0142yn\u0119\u0142o ju\u017c kilkana\u015bcie spraw o wznowienie proces\u00f3w za stan wojenny. W dziewi\u0119ciu przypadkach s\u0105d ju\u017c wyrazi\u0142 na to zgod\u0119.<\/p>\n<p>&#8211; Poprzednie, prawomocne wyroki o przyznaniu odszkodowania i zado\u015b\u0107uczynienia zosta\u0142y uchylone, a sprawy przekazano do ponownego rozpoznania s\u0105dom okr\u0119gowym &#8211; m\u00f3wi s\u0119dzia Cezary W\u00f3jcik, rzecznik S\u0105du Apelacyjnego w Lublinie.<\/p>\n<p>W zdecydowanej wi\u0119kszo\u015bci przypadk\u00f3w byli dzia\u0142acze opozycji wcze\u015bniej za internowanie czy pozbawienie wolno\u015bci wywalczyli po 25 tysi\u0119cy z\u0142otych, teraz zamierzaj\u0105 si\u0119 ubiega\u0107 o wi\u0119ksze kwoty.<\/p>\n<p><strong>S\u0105 pierwsze wygrane<\/strong><\/p>\n<p>Jedn\u0105 z os\u00f3b, kt\u00f3re walczy\u0142y o wy\u017csze odszkodowanie i zado\u015b\u0107uczynienie za stan wojenny, by\u0142a Halina Komsta z Pu\u0142aw. S\u0105d przyzna\u0142 jej wcze\u015bniej 25 tysi\u0119cy, ale z\u0142o\u017cy\u0142a apelacj\u0119, kt\u00f3ra zosta\u0142a uwzgl\u0119dniona. Po rozpatrzeniu sprawy po raz kolejny, by\u0142ej dzia\u0142aczce przyznano dodatkowo ponad 13 tysi\u0119cy z\u0142otych zado\u015b\u0107uczynienia i 40 tysi\u0119cy z\u0142otych odszkodowania. &#8211; Moja klientka jest bardzo zadowolona z orzeczenia, wyrok si\u0119 uprawomocni\u0142, a pieni\u0105dze trafi\u0142y ju\u017c na jej konto &#8211; m\u00f3wi mec. Zbigniew Pikuli\u0144ski.<\/p>\n<p>Halina Komsta przed stanem wojennym pracowa\u0142a w pu\u0142awskich Zak\u0142adach Azotowych, by\u0142a laborantk\u0105. Po wyj\u015bciu z wi\u0119zienia nikt nie chcia\u0142 przyj\u0105\u0107 jej do pracy, mia\u0142a tzw. &#8222;wilczy bilet&#8221;. Szuka\u0142a zatrudnienia w ponad 20 instytucjach; ma na to dowody. Po wyj\u015bciu zza krat musia\u0142a po\u017cycza\u0107 pieni\u0105dze na \u017cycie i popad\u0142a w d\u0142ugi; dzi\u015b ma przez to o ok. 500 z\u0142 zani\u017con\u0105 emerytur\u0119. W celi straci\u0142a te\u017c zdrowie.<\/p>\n<p>gazeta.pl<\/p>\n","protected":false},"excerpt":{"rendered":"<p>By\u0142y dzia\u0142acz opozycji internowany w stanie wojennym chce od Skarbu Pa\u0144stwa ponad dw\u00f3ch milion\u00f3w z\u0142otych. Po wyroku Trybuna\u0142u Konstytucyjnego nie ma ju\u017c g\u00f3rnej granicy kwoty, o kt\u00f3r\u0105 mo\u017cna si\u0119 ubiega\u0107. Wcze\u015bniej wynosi\u0142a 25 tysi\u0119cy. Wielu by\u0142ych dzia\u0142aczy opozycji wnosi teraz o wy\u017csze odszkodowania. Krzysztof Grejbus by\u0142 mistrzem w Kombinacie Budowlanym &#8222;Podlasie&#8221; w Siedlcach. Jak wynika [&hellip;]<\/p>\n","protected":false},"author":2,"featured_media":0,"comment_status":"open","ping_status":"open","sticky":false,"template":"","format":"standard","meta":{"footnotes":""},"categories":[8],"tags":[12,111,13],"class_list":["post-1291","post","type-post","status-publish","format-standard","hentry","category-aktualnosci","tag-odszkodowanie","tag-stan-wojenny","tag-zadoscuczynienie"],"_links":{"self":[{"href":"https:\/\/www.odszkodowania.info.pl\/index.php?rest_route=\/wp\/v2\/posts\/1291","targetHints":{"allow":["GET"]}}],"collection":[{"href":"https:\/\/www.odszkodowania.info.pl\/index.php?rest_route=\/wp\/v2\/posts"}],"about":[{"href":"https:\/\/www.odszkodowania.info.pl\/index.php?rest_route=\/wp\/v2\/types\/post"}],"author":[{"embeddable":true,"href":"https:\/\/www.odszkodowania.info.pl\/index.php?rest_route=\/wp\/v2\/users\/2"}],"replies":[{"embeddable":true,"href":"https:\/\/www.odszkodowania.info.pl\/index.php?rest_route=%2Fwp%2Fv2%2Fcomments&post=1291"}],"version-history":[{"count":1,"href":"https:\/\/www.odszkodowania.info.pl\/index.php?rest_route=\/wp\/v2\/posts\/1291\/revisions"}],"predecessor-version":[{"id":1292,"href":"https:\/\/www.odszkodowania.info.pl\/index.php?rest_route=\/wp\/v2\/posts\/1291\/revisions\/1292"}],"wp:attachment":[{"href":"https:\/\/www.odszkodowania.info.pl\/index.php?rest_route=%2Fwp%2Fv2%2Fmedia&parent=1291"}],"wp:term":[{"taxonomy":"category","embeddable":true,"href":"https:\/\/www.odszkodowania.info.pl\/index.php?rest_route=%2Fwp%2Fv2%2Fcategories&post=1291"},{"taxonomy":"post_tag","embeddable":true,"href":"https:\/\/www.odszkodowania.info.pl\/index.php?rest_route=%2Fwp%2Fv2%2Ftags&post=1291"}],"curies":[{"name":"wp","href":"https:\/\/api.w.org\/{rel}","templated":true}]}}