{"id":1293,"date":"2011-09-06T21:47:59","date_gmt":"2011-09-06T20:47:59","guid":{"rendered":"http:\/\/www.odszkodowania.info.pl\/?p=1293"},"modified":"2011-09-06T21:48:43","modified_gmt":"2011-09-06T20:48:43","slug":"za-bryze-zaplacimy-jak-za-smolensk-i-case","status":"publish","type":"post","link":"https:\/\/www.odszkodowania.info.pl\/?p=1293","title":{"rendered":"Za Bryz\u0119 zap\u0142acimy jak za Smole\u0144sk i CAS\u0118"},"content":{"rendered":"<p>Zado\u015b\u0107uczynienia od MON dostan\u0105 rodziny ofiar katastrofy wojskowego samolotu Bryza, kt\u00f3ry rozbi\u0142 si\u0119 w Gdyni w 2009 r. Na takie \u015bwiadczenia nie mog\u0105 jednak liczy\u0107 bliscy poleg\u0142ych w Iraku i Afganistanie. Zdaniem ministerstwa r\u00f3\u017cna jest sytuacja prawna obu grup. Zesp\u00f3\u0142 MON zajmuj\u0105cy si\u0119 sprawami zado\u015b\u0107uczynie\u0144 spotka\u0142 si\u0119 z pe\u0142nomocnikami rodzin \u017co\u0142nierzy. Ta sama tr\u00f3jmiejska kancelaria reprezentuje bowiem rodziny 27 \u017co\u0142nierzy, kt\u00f3rzy stracili \u017cycie na misjach w Iraku i Afganistanie oraz bliskich dw\u00f3ch lotnik\u00f3w, kt\u00f3rzy zgin\u0119li w katastrofie Bryzy. Rzecznik MON Jacek So\u0144ta i prawnicy reprezentuj\u0105cy rodziny \u2013 Sylwester Nowakowski i Piotr S\u0142awek \u2013 poinformowali, \u017ce w sprawie katastrofy Bryzy dojdzie do zawarcia ug\u00f3d z siedmioma osobami, bliskimi dw\u00f3ch z czterech pilot\u00f3w, kt\u00f3rzy stracili w\u00f3wczas \u017cycie (rodziny pozosta\u0142ych dw\u00f3ch dotychczas nie wyst\u0105pi\u0142y z roszczeniami wobec MON).<\/p>\n<p><strong>Jak za Smole\u0144sk<\/strong><\/p>\n<p>Wed\u0142ug nieoficjalnych informacji PAP ze \u017ar\u00f3de\u0142 zbli\u017conych do sprawy kwota zaproponowana rodzinom przez MON wynosi 250 tys. z\u0142 dla ka\u017cdego z bliskich \u2013 czyli jest taka sama, jak ta, na kt\u00f3r\u0105 zawierane s\u0105 ugody po katastrofie wojskowego samolotu CASA pod Miros\u0142awcem; odpowiada te\u017c propozycji ugodowej Skarbu Pa\u0144stwa dla rodzin, kt\u00f3re straci\u0142y bliskich w katastrofie smole\u0144skiej.<\/p>\n<p><strong>Rodziny misyjnych nie dostan\u0105<\/strong><\/p>\n<p>Odno\u015bnie roszcze\u0144, jakie zg\u0142osi\u0142y rodziny poleg\u0142ych w Iraku i Afganistanie, w ubieg\u0142ym tygodniu wiceminister obrony Czes\u0142aw Mroczek poinformowa\u0142 \u017ce spraw\u0119 b\u0119dzie musia\u0142 rozstrzygn\u0105\u0107 s\u0105d, bowiem &#8222;na gruncie przepis\u00f3w prawa nie ma tutaj odpowiedzialno\u015bci resortu&#8221;.  MON podtrzyma\u0142 to stanowisko. &#8211; Na razie te przypadki, kt\u00f3re rozpatrzono, rozpatrzono negatywnie, uwa\u017caj\u0105c, \u017ce skoro sprawcami s\u0105 terrory\u015bci, nie mo\u017ce doj\u015b\u0107 do wyp\u0142aty zado\u015b\u0107uczynienia od pa\u0144stwa polskiego, mimo \u017ce ci \u017co\u0142nierze znale\u017ali si\u0119 w tym obszarze, skierowani przez pa\u0144stwo polskie \u2013 powiedzia\u0142 Nowakowski. Resort obrony podkre\u015bla, \u017ce \u2013 w przeciwie\u0144stwie do lotnik\u00f3w \u2013 \u017co\u0142nierzom wyje\u017cd\u017caj\u0105cym na misje MON wykupi\u0142 polisy ubezpieczeniowe i dlatego nie ma podstaw prawnych, by wyp\u0142aci\u0107 zado\u015b\u0107uczynienie.<\/p>\n<p><strong>&#8222;Zaliczalno\u015b\u0107 w prawie nie istnieje&#8221;<\/strong><\/p>\n<p>Z kolei prawnicy reprezentuj\u0105cy rodziny argumentuj\u0105, \u017ce w polskim prawie cywilnym nie ma tzw. zaliczalno\u015bci \u015bwiadcze\u0144 \u2013 pieni\u0105dze wyp\u0142acone na podstawie polisy ubezpieczeniowej nie mog\u0105 by\u0107 zaliczone na poczet zado\u015b\u0107uczynienia. Nowakowski powiedzia\u0142, \u017ce spraw\u0119 powinien jeszcze raz rozwa\u017cy\u0107 premier Donald Tusk jako prze\u0142o\u017cony szefa MON.<\/p>\n<p>Tusk zadeklarowa\u0142, \u017ce jak najszybciej b\u0119dzie chcia\u0142 ustali\u0107 przebieg spotkania w MON, pozna\u0107 argumenty obu stron oraz &#8211; &#8222;jak b\u0119dzie trzeba &#8211; tak\u017ce wp\u0142yn\u0105\u0107 na dzia\u0142ania ministerstwa&#8221;. &#8211; Niezale\u017cnie od kontekstu prawnego i finansowego ofiarom i ich rodzinom, pe\u0142nomocnikom zawsze nale\u017cy si\u0119 najwy\u017cszy szacunek i respekt &#8211; m\u00f3wi\u0142 Tusk.<\/p>\n<p><strong>Ka\u017cde wezwanie na 1 mln z\u0142<\/strong><\/p>\n<p>Jak poinformowa\u0142 rzecznik MON, dotychczas wezwania do ugody skierowa\u0142o do MON 69 os\u00f3b \u2013 wdowy, dzieci i rodzice 27 \u017co\u0142nierzy i jednego cywila, kt\u00f3rzy zgin\u0119li na misjach. Z tej liczby Nowakowski i S\u0142awek reprezentuj\u0105 66 os\u00f3b \u2013 bliskich 14 \u017co\u0142nierzy poleg\u0142ych w Iraku i 13 w Afganistanie. Ka\u017cde ze z\u0142o\u017conych przez nich w S\u0105dzie Rejonowym dla Warszawy-\u015ar\u00f3dmie\u015bcia wezwa\u0144 do ugody opiewa na kwot\u0119 1 mln z\u0142.<\/p>\n<p>W sprawie poleg\u0142ych w Iraku i Afganistanie pierwszy z serii termin\u00f3w posiedze\u0144 ugodowych S\u0105d Rejonowy dla Warszawy-\u015ar\u00f3dmie\u015bcia wyznaczy\u0142 na 15 wrze\u015bnia. Je\u015bli &#8211; jak wszystko wskazuje &#8211; strony nie dojd\u0105 do porozumienia, proces, ze wzgl\u0119du na warto\u015b\u0107 przedmiotu sporu, b\u0119dzie si\u0119 toczy\u0142 przed s\u0105dem okr\u0119gowym. W sprawie katastrofy Bryzy pierwsze posiedzenie ugodowe odb\u0119dzie si\u0119 8 wrze\u015bnia.<\/p>\n<p><strong>Katastrofa Bryzy<\/strong><\/p>\n<p>Nale\u017c\u0105cy do Brygady Lotnictwa Marynarki Wojennej samolot An-28 Bryza rozbi\u0142 si\u0119 przy podchodzeniu do l\u0105dowania na lotnisku Gdynia-Babie Do\u0142y 31 marca 2009 r. maszyna run\u0119\u0142a na ziemi\u0119, gdy piloci \u0107wiczyli awaryjne l\u0105dowanie na jednym silniku; zgin\u0119\u0142a ca\u0142a czteroosobowa za\u0142oga. Zar\u00f3wno prokuratura, jak i komisja badaj\u0105ca katastrof\u0119 uzna\u0142y, \u017ce wypadek by\u0142 wynikiem b\u0142\u0119du pilot\u00f3w.<\/p>\n<p>W Iraku w latach 2003-2007 poleg\u0142o 22 polskich \u017co\u0142nierzy i jeden funkcjonariusz BOR (ponadto: trzech by\u0142ych wojskowych zatrudnionych przez zagraniczne firmy ochroniarskie i dw\u00f3ch dziennikarzy). W Afganistanie do po\u0142owy sierpnia 2011 r. zgin\u0119\u0142o na s\u0142u\u017cbie 28 \u017co\u0142nierzy i jeden cywil &#8211; ratownik medyczny.<\/p>\n<p>zew, PAP<\/p>\n","protected":false},"excerpt":{"rendered":"<p>Zado\u015b\u0107uczynienia od MON dostan\u0105 rodziny ofiar katastrofy wojskowego samolotu Bryza, kt\u00f3ry rozbi\u0142 si\u0119 w Gdyni w 2009 r. Na takie \u015bwiadczenia nie mog\u0105 jednak liczy\u0107 bliscy poleg\u0142ych w Iraku i Afganistanie. Zdaniem ministerstwa r\u00f3\u017cna jest sytuacja prawna obu grup. Zesp\u00f3\u0142 MON zajmuj\u0105cy si\u0119 sprawami zado\u015b\u0107uczynie\u0144 spotka\u0142 si\u0119 z pe\u0142nomocnikami rodzin \u017co\u0142nierzy. Ta sama tr\u00f3jmiejska kancelaria [&hellip;]<\/p>\n","protected":false},"author":2,"featured_media":0,"comment_status":"open","ping_status":"open","sticky":false,"template":"","format":"standard","meta":{"footnotes":""},"categories":[8],"tags":[12,13],"class_list":["post-1293","post","type-post","status-publish","format-standard","hentry","category-aktualnosci","tag-odszkodowanie","tag-zadoscuczynienie"],"_links":{"self":[{"href":"https:\/\/www.odszkodowania.info.pl\/index.php?rest_route=\/wp\/v2\/posts\/1293","targetHints":{"allow":["GET"]}}],"collection":[{"href":"https:\/\/www.odszkodowania.info.pl\/index.php?rest_route=\/wp\/v2\/posts"}],"about":[{"href":"https:\/\/www.odszkodowania.info.pl\/index.php?rest_route=\/wp\/v2\/types\/post"}],"author":[{"embeddable":true,"href":"https:\/\/www.odszkodowania.info.pl\/index.php?rest_route=\/wp\/v2\/users\/2"}],"replies":[{"embeddable":true,"href":"https:\/\/www.odszkodowania.info.pl\/index.php?rest_route=%2Fwp%2Fv2%2Fcomments&post=1293"}],"version-history":[{"count":2,"href":"https:\/\/www.odszkodowania.info.pl\/index.php?rest_route=\/wp\/v2\/posts\/1293\/revisions"}],"predecessor-version":[{"id":1295,"href":"https:\/\/www.odszkodowania.info.pl\/index.php?rest_route=\/wp\/v2\/posts\/1293\/revisions\/1295"}],"wp:attachment":[{"href":"https:\/\/www.odszkodowania.info.pl\/index.php?rest_route=%2Fwp%2Fv2%2Fmedia&parent=1293"}],"wp:term":[{"taxonomy":"category","embeddable":true,"href":"https:\/\/www.odszkodowania.info.pl\/index.php?rest_route=%2Fwp%2Fv2%2Fcategories&post=1293"},{"taxonomy":"post_tag","embeddable":true,"href":"https:\/\/www.odszkodowania.info.pl\/index.php?rest_route=%2Fwp%2Fv2%2Ftags&post=1293"}],"curies":[{"name":"wp","href":"https:\/\/api.w.org\/{rel}","templated":true}]}}