{"id":1299,"date":"2011-09-09T22:30:41","date_gmt":"2011-09-09T21:30:41","guid":{"rendered":"http:\/\/www.odszkodowania.info.pl\/?p=1299"},"modified":"2011-09-09T22:30:41","modified_gmt":"2011-09-09T21:30:41","slug":"naczelnik-skarbowki-dostanie-odszkodowanie-za-areszt","status":"publish","type":"post","link":"https:\/\/www.odszkodowania.info.pl\/?p=1299","title":{"rendered":"Naczelnik skarb\u00f3wki dostanie odszkodowanie za areszt"},"content":{"rendered":"<p>368 tys. z\u0142 zap\u0142aci skarb pa\u0144stwa naczelnikowi Trzeciego Urz\u0119du Skarbowego w Szczecinie, kt\u00f3ry przesiedzia\u0142 w areszcie dziewi\u0119\u0107 miesi\u0119cy.Orzeczenie o wysoko\u015bci odszkodowania zapad\u0142o w czwartek przed szczeci\u0144skim s\u0105dem.<\/p>\n<p>&#8211; To samo pa\u0144stwo, kt\u00f3re stworzy\u0142o wybitnego i oddanego swojej pracy urz\u0119dnika skarbowego, potem go zniszczy\u0142o. Kwota zado\u015b\u0107uczynienia musia\u0142a wi\u0119c by\u0107 du\u017ca &#8211; m\u00f3wi mec. Marek Miko\u0142ajczyk reprezentuj\u0105cy naczelnika.<\/p>\n<p>Aby zrozumie\u0107 t\u0119 spraw\u0119, musimy cofn\u0105\u0107 si\u0119 w czasie do lata 2005 r. \u015aledczy, pod wodz\u0105 prokuratora generalnego Zbigniewa Ziobry, szukaj\u0105 uk\u0142adu. Znajduj\u0105 go m.in. w Trzecim Urz\u0119dzie Skarbowym w Szczecinie. To tam podatki rozlicza kilka firm paliwowych, kt\u00f3rych w\u0142a\u015bciciele maj\u0105 k\u0142opoty z prokuratorami tropi\u0105cymi mafi\u0119 paliwow\u0105, w tym s\u0142ynna sp\u00f3\u0142ka BGM.<\/p>\n<p>Owe firmy wyj\u0105tkowo cz\u0119sto korzysta\u0142y z odrocze\u0144 wp\u0142aty podatk\u00f3w. Prokuratura (krakowska prokuratura apelacyjna, a p\u00f3\u017aniej szczeci\u0144ska prokuratura okr\u0119gowa) podejrzewa, \u017ce naczelnik Trzeciego Urz\u0119du Skarbowego w Szczecinie Jaros\u0142aw J. bierze \u0142ap\u00f3wki od baron\u00f3w paliwowych. Kilku podejrzanych w aferze zezna\u0142o bowiem, \u017ce za odroczenia p\u0142aci\u0142o Stanis\u0142awowi B. &#8211; wsp\u00f3\u0142w\u0142a\u015bcicielowi biura doradztwa podatkowego. Ten w rozmowach z nimi powo\u0142ywa\u0142 si\u0119 na naczelnika J. We wrze\u015bniu 2005 r. naczelnik trafia do aresztu pod zarzutem przyj\u0119cia 2,5 mln z\u0142 \u0142ap\u00f3wek. Siedzi ju\u017c za kratami dziewi\u0119\u0107 miesi\u0119cy, kiedy okazuje si\u0119, \u017ce B. jest samotnie dzia\u0142aj\u0105cym oszustem, wykorzystuj\u0105cym swe rozleg\u0142e znajomo\u015bci i wiedz\u0119.<\/p>\n<p>Zarzut korupcji upada, ale latem 2006 r. prokuratura stawia kolejne zarzuty naczelnikowi J., a tak\u017ce dyrektorowi Izby Skarbowej w Szczecinie Antoniemu G. i tr\u00f3jce innych urz\u0119dnik\u00f3w skarbowych: nadu\u017cycie uprawnie\u0144 i niedope\u0142nienie obowi\u0105zk\u00f3w w celu osi\u0105gni\u0119cia korzy\u015bci maj\u0105tkowej. Sprawa jest sensacyjna &#8211; prokuratura twierdzi, \u017ce urz\u0119dnicy odraczali podatki, by&#8230; otrzymywa\u0107 premie. Za odroczone p\u0142atno\u015bci firmy musia\u0142y bowiem wnosi\u0107 op\u0142aty prolongacyjne, kt\u00f3re trafia\u0142y na fundusz specjalny. Zgodnie z obowi\u0105zuj\u0105cymi wtedy przepisami, 20 proc. tego funduszu sz\u0142o na premie urz\u0119dnik\u00f3w.<\/p>\n<p>Przez kolejne dwa lata prokuratura nie zdoby\u0142a jednak \u017cadnych dowod\u00f3w potwierdzaj\u0105cych win\u0119 podejrzanych. Zwi\u0105zek pomi\u0119dzy odroczeniami podatk\u00f3w a premiami okaza\u0142 si\u0119 niemo\u017cliwy do udowodnienia. W dodatku bieg\u0142a z zakresu rachunkowo\u015bci i finans\u00f3w stwierdzi\u0142a, \u017ce odraczanie wp\u0142aty podatk\u00f3w nie powodowa\u0142o strat skarbu pa\u0144stwa. Wr\u0119cz przeciwnie &#8211; firmy rozwija\u0142y si\u0119, przez co odprowadza\u0142y do pa\u0144stwowej kasy wi\u0119ksze podatki.<\/p>\n<p>W grudniu 2008 r. prokurator El\u017cbieta Adamiak-Sylwanowicz, kt\u00f3ra przej\u0119\u0142a to \u015bledztwo, umarza je poniewa\u017c &#8222;czyny zarzucane podejrzanym nie zawieraj\u0105 znamion czynu zabronionego&#8221;. Obro\u0144ca Jaros\u0142awa J. wyst\u0119puje o odszkodowanie i zado\u015b\u0107uczynienie za nies\u0142uszne aresztowanie.<\/p>\n<p>&#8211; S\u0105d przyzna\u0142 Jaros\u0142awowi J. 200 tys. z\u0142 zado\u015b\u0107uczynienia (za z\u0142amanie kariery \u017cyciowej i roz\u0142\u0105k\u0119 z rodzin\u0105) i 168 tys. z\u0142 odszkodowania (za utracone zarobki) &#8211; m\u00f3wi s\u0119dzia Micha\u0142 Tomala.<\/p>\n<p>To rekordowa kwota (standardowa kwota za miesi\u0105c nies\u0142usznego aresztowania to w Polsce 3,5 tys. z\u0142).<\/p>\n<p>Po wyj\u015bciu z aresztu Jaros\u0142aw J. rozpocz\u0105\u0142 karier\u0119 jako szeregowy urz\u0119dnik. Teraz jest naczelnikiem Drugiego Urz\u0119du Skarbowego w Szczecinie.<\/p>\n<p>gazeta.pl<\/p>\n","protected":false},"excerpt":{"rendered":"<p>368 tys. z\u0142 zap\u0142aci skarb pa\u0144stwa naczelnikowi Trzeciego Urz\u0119du Skarbowego w Szczecinie, kt\u00f3ry przesiedzia\u0142 w areszcie dziewi\u0119\u0107 miesi\u0119cy.Orzeczenie o wysoko\u015bci odszkodowania zapad\u0142o w czwartek przed szczeci\u0144skim s\u0105dem. &#8211; To samo pa\u0144stwo, kt\u00f3re stworzy\u0142o wybitnego i oddanego swojej pracy urz\u0119dnika skarbowego, potem go zniszczy\u0142o. Kwota zado\u015b\u0107uczynienia musia\u0142a wi\u0119c by\u0107 du\u017ca &#8211; m\u00f3wi mec. Marek Miko\u0142ajczyk reprezentuj\u0105cy [&hellip;]<\/p>\n","protected":false},"author":2,"featured_media":0,"comment_status":"open","ping_status":"open","sticky":false,"template":"","format":"standard","meta":{"footnotes":""},"categories":[8],"tags":[12,13],"class_list":["post-1299","post","type-post","status-publish","format-standard","hentry","category-aktualnosci","tag-odszkodowanie","tag-zadoscuczynienie"],"_links":{"self":[{"href":"https:\/\/www.odszkodowania.info.pl\/index.php?rest_route=\/wp\/v2\/posts\/1299","targetHints":{"allow":["GET"]}}],"collection":[{"href":"https:\/\/www.odszkodowania.info.pl\/index.php?rest_route=\/wp\/v2\/posts"}],"about":[{"href":"https:\/\/www.odszkodowania.info.pl\/index.php?rest_route=\/wp\/v2\/types\/post"}],"author":[{"embeddable":true,"href":"https:\/\/www.odszkodowania.info.pl\/index.php?rest_route=\/wp\/v2\/users\/2"}],"replies":[{"embeddable":true,"href":"https:\/\/www.odszkodowania.info.pl\/index.php?rest_route=%2Fwp%2Fv2%2Fcomments&post=1299"}],"version-history":[{"count":1,"href":"https:\/\/www.odszkodowania.info.pl\/index.php?rest_route=\/wp\/v2\/posts\/1299\/revisions"}],"predecessor-version":[{"id":1300,"href":"https:\/\/www.odszkodowania.info.pl\/index.php?rest_route=\/wp\/v2\/posts\/1299\/revisions\/1300"}],"wp:attachment":[{"href":"https:\/\/www.odszkodowania.info.pl\/index.php?rest_route=%2Fwp%2Fv2%2Fmedia&parent=1299"}],"wp:term":[{"taxonomy":"category","embeddable":true,"href":"https:\/\/www.odszkodowania.info.pl\/index.php?rest_route=%2Fwp%2Fv2%2Fcategories&post=1299"},{"taxonomy":"post_tag","embeddable":true,"href":"https:\/\/www.odszkodowania.info.pl\/index.php?rest_route=%2Fwp%2Fv2%2Ftags&post=1299"}],"curies":[{"name":"wp","href":"https:\/\/api.w.org\/{rel}","templated":true}]}}