{"id":1303,"date":"2011-09-12T07:50:48","date_gmt":"2011-09-12T06:50:48","guid":{"rendered":"http:\/\/www.odszkodowania.info.pl\/?p=1303"},"modified":"2011-09-12T07:50:48","modified_gmt":"2011-09-12T06:50:48","slug":"rzecznik-ubezpieczonych-chce-pojazdu-zastepczego-dla-kazdego-poszkodowanego-kierowcy","status":"publish","type":"post","link":"https:\/\/www.odszkodowania.info.pl\/?p=1303","title":{"rendered":"Rzecznik Ubezpieczonych chce pojazdu zast\u0119pczego dla ka\u017cdego poszkodowanego kierowcy"},"content":{"rendered":"<p>Ka\u017cdy poszkodowany kierowca ma po wypadku prawo do pojazdu zast\u0119pczego. Jego wynajem powinien by\u0107 op\u0142acany z OC sprawcy &#8211; uwa\u017ca Rzecznik Ubezpieczonych, na kt\u00f3rego powo\u0142uje si\u0119 \u201eRzeczpospolita\u201d.<\/p>\n<p>Zdaniem gazety praktyka pokazuje, \u017ce ubezpieczyciele bezprawnie utrudniaj\u0105 \u017cycie osobom, kt\u00f3re po wypadku nie ze swojej winy zosta\u0142y bez samochodu.<\/p>\n<p>Ze skarg nap\u0142ywaj\u0105cych do rzecznika wynika, \u017ce wielu kierowc\u00f3w spotka\u0142o si\u0119 w zesz\u0142ym roku z odmow\u0105 zwrotu koszt\u00f3w wynajmu czy zani\u017ceniem ich wysoko\u015bci. &#8211; Tymczasem z orzecznictwa S\u0105du Najwy\u017cszego wynika, \u017ce utrata mo\u017cliwo\u015bci korzystania z auta stanowi szkod\u0119 maj\u0105tkow\u0105 &#8211; m\u00f3wi Halina Olendzka, rzecznik ubezpieczonych. \u2013 Je\u015bli wi\u0119c poszkodowany poni\u00f3s\u0142 koszty wynajmu samochodu zast\u0119pczego, to firma ubezpieczeniowa powinna je zwr\u00f3ci\u0107.<\/p>\n<p>Problem jest r\u00f3\u017cnie rozstrzygany przez s\u0105dy powszechne, dlatego rzecznik skierowa\u0142a w tej sprawie wniosek do S\u0105du Najwy\u017cszego. Chce potwierdzenia, \u017ce samoch\u00f3d zast\u0119pczy jest prawem kierowcy, a to firma ubezpieczeniowa musi wykaza\u0107, \u017ce si\u0119 mu z jakiego\u015b powodu nie nale\u017cy.<\/p>\n<p>\u2013 Spe\u0142nienie postulat\u00f3w rzecznika oznacza wydatki rz\u0119du miliarda z\u0142otych rocznie &#8211; t\u0142umaczy Marcin Tarczy\u0144ski z Polskiej Izby Ubezpiecze\u0144 i ostrzega, \u017ce te koszty mog\u0105 si\u0119 odbi\u0107 na cenie ubezpiecze\u0144 komunikacyjnych.<br \/>\n(AM, \u017ar\u00f3d\u0142o: Onte.pl, PAP) <\/p>\n","protected":false},"excerpt":{"rendered":"<p>Ka\u017cdy poszkodowany kierowca ma po wypadku prawo do pojazdu zast\u0119pczego. Jego wynajem powinien by\u0107 op\u0142acany z OC sprawcy &#8211; uwa\u017ca Rzecznik Ubezpieczonych, na kt\u00f3rego powo\u0142uje si\u0119 \u201eRzeczpospolita\u201d. Zdaniem gazety praktyka pokazuje, \u017ce ubezpieczyciele bezprawnie utrudniaj\u0105 \u017cycie osobom, kt\u00f3re po wypadku nie ze swojej winy zosta\u0142y bez samochodu. Ze skarg nap\u0142ywaj\u0105cych do rzecznika wynika, \u017ce wielu [&hellip;]<\/p>\n","protected":false},"author":2,"featured_media":0,"comment_status":"open","ping_status":"open","sticky":false,"template":"","format":"standard","meta":{"footnotes":""},"categories":[8],"tags":[12],"class_list":["post-1303","post","type-post","status-publish","format-standard","hentry","category-aktualnosci","tag-odszkodowanie"],"_links":{"self":[{"href":"https:\/\/www.odszkodowania.info.pl\/index.php?rest_route=\/wp\/v2\/posts\/1303","targetHints":{"allow":["GET"]}}],"collection":[{"href":"https:\/\/www.odszkodowania.info.pl\/index.php?rest_route=\/wp\/v2\/posts"}],"about":[{"href":"https:\/\/www.odszkodowania.info.pl\/index.php?rest_route=\/wp\/v2\/types\/post"}],"author":[{"embeddable":true,"href":"https:\/\/www.odszkodowania.info.pl\/index.php?rest_route=\/wp\/v2\/users\/2"}],"replies":[{"embeddable":true,"href":"https:\/\/www.odszkodowania.info.pl\/index.php?rest_route=%2Fwp%2Fv2%2Fcomments&post=1303"}],"version-history":[{"count":1,"href":"https:\/\/www.odszkodowania.info.pl\/index.php?rest_route=\/wp\/v2\/posts\/1303\/revisions"}],"predecessor-version":[{"id":1304,"href":"https:\/\/www.odszkodowania.info.pl\/index.php?rest_route=\/wp\/v2\/posts\/1303\/revisions\/1304"}],"wp:attachment":[{"href":"https:\/\/www.odszkodowania.info.pl\/index.php?rest_route=%2Fwp%2Fv2%2Fmedia&parent=1303"}],"wp:term":[{"taxonomy":"category","embeddable":true,"href":"https:\/\/www.odszkodowania.info.pl\/index.php?rest_route=%2Fwp%2Fv2%2Fcategories&post=1303"},{"taxonomy":"post_tag","embeddable":true,"href":"https:\/\/www.odszkodowania.info.pl\/index.php?rest_route=%2Fwp%2Fv2%2Ftags&post=1303"}],"curies":[{"name":"wp","href":"https:\/\/api.w.org\/{rel}","templated":true}]}}