{"id":133,"date":"2009-02-19T12:16:39","date_gmt":"2009-02-19T11:16:39","guid":{"rendered":"http:\/\/www.odszkodowania.info.pl\/?p=133"},"modified":"2009-02-19T12:19:52","modified_gmt":"2009-02-19T11:19:52","slug":"ofiary-mtk-nie-chcemy-odszkodowan","status":"publish","type":"post","link":"https:\/\/www.odszkodowania.info.pl\/?p=133","title":{"rendered":"Ofiary MTK: Nie chcemy odszkodowa\u0144"},"content":{"rendered":"<div class=\"articleContent\"><span class=\"bbtext\"><a href=\"http:\/\/www.dziennik.pl\/foto\/article306197\/KATASTROFA_BUDOWLANA_W_KATOWICACH.html\"> <\/a><\/p>\n<p><\/span><\/p>\n<p class=\"articleIntro\">&#8222;Jak wyceni\u0107 \u015bmier\u0107 dzieci i wnuczka? Jak wyceni\u0107 ogrom tragedii, kt\u00f3ra nas dotkn\u0119\u0142a?&#8221; &#8211; pytaj\u0105 Urszula i Helmut Sopa, kt\u00f3rzy pod gruzami hali Mi\u0119dzynarodowych Targ\u00f3w Katowickich stracili troje bliskich. Pa\u0144stwo Sopa nie b\u0119d\u0105 si\u0119 domaga\u0107 odszkodowania od Skarbu Pa\u0144stwa. &#8222;Chcemy tylko zapomnie\u0107&#8221; &#8211; m\u00f3wi\u0105.<\/p>\n<p><span class=\"bbtext\"><strong><\/p>\n<figure style=\"width: 290px\" class=\"wp-caption alignleft\"><strong><img fetchpriority=\"high\" decoding=\"async\" title=\"MTK\" src=\"http:\/\/www.dziennik.pl\/files\/archive\/00157\/KATASTROFA_BUDOWLAN_157969e.jpg\" alt=\"MTK\" width=\"290\" height=\"214\" \/><\/strong><figcaption class=\"wp-caption-text\">MTK<\/figcaption><\/figure>\n<p>S\u0141AWOMIR CICHY: Pojawi\u0142a si\u0119 szansa na uzyskanie odszkodowania od Skarbu Pa\u0144stwa za \u015bmier\u0107 pa\u0144stwa bliskich. Z\u0142o\u017cyli\u015bcie stosowne dokumenty w s\u0105dzie albo kancelarii prawnej? <\/strong><br \/>\n<strong>URSZULA i HELMUT SOPA*: <\/strong>Nie. I nie zamierzamy tego robi\u0107. Chcemy tylko zapomnie\u0107 o tym, co si\u0119 sta\u0142o trzy lata temu. Stracili\u015bmy pod gruzami hali troje bliskich: c\u00f3rk\u0119, zi\u0119cia i wnuczka.<\/span><\/p>\n<p><strong>Wi\u0119kszo\u015b\u0107 os\u00f3b jednak sk\u0142ada pozwy. <\/strong><br \/>\nMy stracili\u015bmy na kompletowanie papier\u00f3w p\u00f3\u0142tora roku. Zadawano nam tysi\u0105ce pyta\u0144. Mieli\u015bmy wyliczy\u0107 straty. Jak to zrobi\u0107? Jak wyceni\u0107 \u015bmier\u0107 dzieci i wnuczka? Jak wyceni\u0107 ogrom tragedii, kt\u00f3ra nas dotkn\u0119\u0142a? Przecie\u017c pozosta\u0142emu przy \u017cyciu drugiemu wnukowi musieli\u015bmy po stracie rodzicow na nowo zorganizowa\u0107 \u017cycie i dom. Nie chcemy jeszcze raz przechodzi\u0107 procedury s\u0105dowej.<\/p>\n<p><strong>B\u0119d\u0105 mieli rent\u0119 dop\u00f3ki chodz\u0105 do szko\u0142y. A co potem? <\/strong><br \/>\nDamy sobie rad\u0119. Nie chcemy us\u0142ysze\u0107 w s\u0105dzie tego co jedna z wd\u00f3w, \u017ce jej sytuacja materialna po zawaleniu si\u0119 hali i \u015bmierci m\u0119\u017ca si\u0119 polepszy\u0142a i odszkodowanie jej si\u0119 nie nale\u017cy. S\u0119dzia wyliczy\u0142a jej dochody po uwzgl\u0119dnieniu renty i wysz\u0142o, \u017ce w sumie ma o 600 z\u0142 wi\u0119cej ni\u017c wtedy, kiedy m\u0105\u017c \u017cy\u0142.<\/p>\n<p><strong>B\u0119dziecie Pa\u0144stwo w \u015brod\u0119 w Chorzowie przy obelisku upami\u0119tniaj\u0105cycm    ofiary katastrofy? <\/strong><br \/>\nNie. My prze\u017cywamy codziennie to wydarzenie. Spotkamy si\u0119 z innymi rodzinami &#8211; tu na miejscu, w Nowej Wsi. S\u0105siedzi stracili pi\u0119ciu cz\u0142onk\u00f3w rodziny. Ale ciesz\u0119 si\u0119, \u017ce cho\u0107 od tragedii min\u0119\u0142y trzy lata, to przynajmniej dziennikarze nie zapomnieli o rocznicy.<\/p>\n<p>*Urszula i Helmut Sopa mieszkaj\u0105 w Nowej Wsi pod Opolem. Z katastrofy ocala\u0142 tylko ich o\u015bmioletni wnuczek Marek. Jego rodzicom i bratu nie uda\u0142o si\u0119 pom\u00f3c. Zgin\u0119li na miejscu.<\/p><\/div>\n<p class=\"articleAuthor\">S\u0142awomir Cichy<\/p>\n","protected":false},"excerpt":{"rendered":"<p>&#8222;Jak wyceni\u0107 \u015bmier\u0107 dzieci i wnuczka? Jak wyceni\u0107 ogrom tragedii, kt\u00f3ra nas dotkn\u0119\u0142a?&#8221; &#8211; pytaj\u0105 Urszula i Helmut Sopa, kt\u00f3rzy pod gruzami hali Mi\u0119dzynarodowych Targ\u00f3w Katowickich stracili troje bliskich. Pa\u0144stwo Sopa nie b\u0119d\u0105 si\u0119 domaga\u0107 odszkodowania od Skarbu Pa\u0144stwa. &#8222;Chcemy tylko zapomnie\u0107&#8221; &#8211; m\u00f3wi\u0105.<\/p>\n","protected":false},"author":2,"featured_media":0,"comment_status":"open","ping_status":"open","sticky":false,"template":"","format":"standard","meta":{"footnotes":""},"categories":[8],"tags":[50,12],"class_list":["post-133","post","type-post","status-publish","format-standard","hentry","category-aktualnosci","tag-mtk","tag-odszkodowanie"],"_links":{"self":[{"href":"https:\/\/www.odszkodowania.info.pl\/index.php?rest_route=\/wp\/v2\/posts\/133","targetHints":{"allow":["GET"]}}],"collection":[{"href":"https:\/\/www.odszkodowania.info.pl\/index.php?rest_route=\/wp\/v2\/posts"}],"about":[{"href":"https:\/\/www.odszkodowania.info.pl\/index.php?rest_route=\/wp\/v2\/types\/post"}],"author":[{"embeddable":true,"href":"https:\/\/www.odszkodowania.info.pl\/index.php?rest_route=\/wp\/v2\/users\/2"}],"replies":[{"embeddable":true,"href":"https:\/\/www.odszkodowania.info.pl\/index.php?rest_route=%2Fwp%2Fv2%2Fcomments&post=133"}],"version-history":[{"count":3,"href":"https:\/\/www.odszkodowania.info.pl\/index.php?rest_route=\/wp\/v2\/posts\/133\/revisions"}],"predecessor-version":[{"id":135,"href":"https:\/\/www.odszkodowania.info.pl\/index.php?rest_route=\/wp\/v2\/posts\/133\/revisions\/135"}],"wp:attachment":[{"href":"https:\/\/www.odszkodowania.info.pl\/index.php?rest_route=%2Fwp%2Fv2%2Fmedia&parent=133"}],"wp:term":[{"taxonomy":"category","embeddable":true,"href":"https:\/\/www.odszkodowania.info.pl\/index.php?rest_route=%2Fwp%2Fv2%2Fcategories&post=133"},{"taxonomy":"post_tag","embeddable":true,"href":"https:\/\/www.odszkodowania.info.pl\/index.php?rest_route=%2Fwp%2Fv2%2Ftags&post=133"}],"curies":[{"name":"wp","href":"https:\/\/api.w.org\/{rel}","templated":true}]}}