{"id":1339,"date":"2011-10-20T09:18:38","date_gmt":"2011-10-20T08:18:38","guid":{"rendered":"http:\/\/www.odszkodowania.info.pl\/?p=1339"},"modified":"2011-10-20T09:18:38","modified_gmt":"2011-10-20T08:18:38","slug":"wiezniowie-dostana-odszkodowania-za-przeludnienie-w-celach","status":"publish","type":"post","link":"https:\/\/www.odszkodowania.info.pl\/?p=1339","title":{"rendered":"Wi\u0119\u017aniowie dostan\u0105 odszkodowania za przeludnienie w celach"},"content":{"rendered":"<p>Ka\u017cdemu wi\u0119\u017aniowi, kt\u00f3ry nie mia\u0142 w celi przepisowych trzech m kw. i poskar\u017cy\u0142 si\u0119 do s\u0105du, nale\u017cy si\u0119 zado\u015b\u0107uczynienie &#8211; taki b\u0119dzie skutek uchwa\u0142y S\u0105du Najwy\u017cszego &#8211; pisze &#8222;Gazeta Wyborcza&#8221; Tak\u0105 uchwa\u0142\u0119 podj\u0105\u0142 S\u0105d Najwy\u017cszy. M\u00f3wi ona, \u017ce umieszczenie wi\u0119\u017ania w celi, w kt\u00f3rej jest mniej ni\u017c trzy metry kwadratowe na osadzonego, mo\u017ce by\u0107 uznane za naruszenie d\u00f3br osobistych. I \u017ce po to, by zas\u0105dzi\u0107 wi\u0119\u017aniowi zado\u015b\u0107uczynienie, nie trzeba udowodni\u0107 wi\u0119ziennictwu winy. W praktyce znaczy to, \u017ce wszystkie do tej pory wniesione i jeszcze nie rozpatrzone pozwy wi\u0119\u017ani\u00f3w o naruszenie d\u00f3br osobistych przez umieszczenie w przeludnionej celi b\u0119d\u0105 z automatu uznawane przez s\u0105dy.<\/p>\n<p><strong>Co s\u0105d, to wyrok<\/strong><\/p>\n<p>Do tej pory w sprawach o naruszenie d\u00f3br osobistych wi\u0119\u017ani\u00f3w przez osadzenie w przepe\u0142nionej celi s\u0105dy orzeka\u0142y r\u00f3\u017cnie. Jedne uznawa\u0142y, \u017ce przebywanie w zat\u0142oczonej celi samo w sobie nie narusza d\u00f3br osobistych i trzeba wykaza\u0107 jakie\u015b dodatkowe szykany, np. \u017ce by\u0142o si\u0119 zmuszonym do publicznego za\u0142atwiania potrzeb fizjologicznych, jedzenia na ziemi lub na \u0142\u00f3\u017cku, spania na pod\u0142odze, przebywania w jednej celi z pal\u0105cymi. Inne s\u0105dy by\u0142y zdania, \u017ce samo przeludnienie wystarczy. Problem z przeludnieniem zacz\u0105\u0142 si\u0119 za czas\u00f3w ministra sprawiedliwo\u015bci Lecha Kaczy\u0144skiego.<\/p>\n<p>Wi\u0119cej w &#8222;Gazecie Wyborczej&#8221; .<\/p>\n","protected":false},"excerpt":{"rendered":"<p>Ka\u017cdemu wi\u0119\u017aniowi, kt\u00f3ry nie mia\u0142 w celi przepisowych trzech m kw. i poskar\u017cy\u0142 si\u0119 do s\u0105du, nale\u017cy si\u0119 zado\u015b\u0107uczynienie &#8211; taki b\u0119dzie skutek uchwa\u0142y S\u0105du Najwy\u017cszego &#8211; pisze &#8222;Gazeta Wyborcza&#8221; Tak\u0105 uchwa\u0142\u0119 podj\u0105\u0142 S\u0105d Najwy\u017cszy. M\u00f3wi ona, \u017ce umieszczenie wi\u0119\u017ania w celi, w kt\u00f3rej jest mniej ni\u017c trzy metry kwadratowe na osadzonego, mo\u017ce by\u0107 uznane [&hellip;]<\/p>\n","protected":false},"author":2,"featured_media":0,"comment_status":"open","ping_status":"open","sticky":false,"template":"","format":"standard","meta":{"footnotes":""},"categories":[8],"tags":[12,13],"class_list":["post-1339","post","type-post","status-publish","format-standard","hentry","category-aktualnosci","tag-odszkodowanie","tag-zadoscuczynienie"],"_links":{"self":[{"href":"https:\/\/www.odszkodowania.info.pl\/index.php?rest_route=\/wp\/v2\/posts\/1339","targetHints":{"allow":["GET"]}}],"collection":[{"href":"https:\/\/www.odszkodowania.info.pl\/index.php?rest_route=\/wp\/v2\/posts"}],"about":[{"href":"https:\/\/www.odszkodowania.info.pl\/index.php?rest_route=\/wp\/v2\/types\/post"}],"author":[{"embeddable":true,"href":"https:\/\/www.odszkodowania.info.pl\/index.php?rest_route=\/wp\/v2\/users\/2"}],"replies":[{"embeddable":true,"href":"https:\/\/www.odszkodowania.info.pl\/index.php?rest_route=%2Fwp%2Fv2%2Fcomments&post=1339"}],"version-history":[{"count":1,"href":"https:\/\/www.odszkodowania.info.pl\/index.php?rest_route=\/wp\/v2\/posts\/1339\/revisions"}],"predecessor-version":[{"id":1340,"href":"https:\/\/www.odszkodowania.info.pl\/index.php?rest_route=\/wp\/v2\/posts\/1339\/revisions\/1340"}],"wp:attachment":[{"href":"https:\/\/www.odszkodowania.info.pl\/index.php?rest_route=%2Fwp%2Fv2%2Fmedia&parent=1339"}],"wp:term":[{"taxonomy":"category","embeddable":true,"href":"https:\/\/www.odszkodowania.info.pl\/index.php?rest_route=%2Fwp%2Fv2%2Fcategories&post=1339"},{"taxonomy":"post_tag","embeddable":true,"href":"https:\/\/www.odszkodowania.info.pl\/index.php?rest_route=%2Fwp%2Fv2%2Ftags&post=1339"}],"curies":[{"name":"wp","href":"https:\/\/api.w.org\/{rel}","templated":true}]}}