{"id":1341,"date":"2011-10-30T21:52:23","date_gmt":"2011-10-30T20:52:23","guid":{"rendered":"http:\/\/www.odszkodowania.info.pl\/?p=1341"},"modified":"2011-10-30T21:52:23","modified_gmt":"2011-10-30T20:52:23","slug":"czy-dobre-imie-milionera-ma-byc-warte-wiecej","status":"publish","type":"post","link":"https:\/\/www.odszkodowania.info.pl\/?p=1341","title":{"rendered":"Czy dobre imi\u0119 milionera ma by\u0107 warte wi\u0119cej?"},"content":{"rendered":"<p>Prawnicy zajmuj\u0105cy si\u0119 mediami uwa\u017caj\u0105, \u017ce status maj\u0105tkowy pokrzywdzonego nie powinien decydowa\u0107 o wielko\u015bci zado\u015b\u0107uczynienia<br \/>\n\u2013 Im wy\u017cszy presti\u017c os\u00f3b pom\u00f3wionych, tym wy\u017csza powinna by\u0107 sankcja ekonomiczna \u2013 powiedzia\u0142a w uzasadnieniu wczorajszego wyroku warszawskiego S\u0105du Okr\u0119gowego s\u0119dzia Krystyna Gromek.<\/p>\n<p><strong>200 tys. z\u0142 za plotki<\/strong><\/p>\n<p>Chodzi o proces, kt\u00f3ry Leszek Czarnecki (jeden z najbogatszych Polak\u00f3w) z \u017con\u0105 Jolant\u0105 Pie\u0144kowsk\u0105-Czarneck\u0105 (prezenterka telewizyjna) wytoczyli portalom Pudelek.pl i Lansik.pl. W kilku plotkarskich publikacjach poda\u0142y one, \u017ce pow\u00f3dce \u201eznudzi\u0142y si\u0119 ci\u0105g\u0142e dojazdy do pracy na Dzie\u0144 Dobry TVN z posiad\u0142o\u015bci we Francji, wi\u0119c m\u0105\u017c postanowi\u0142 wybudowa\u0107 jej pa\u0142ac&#8221; (by\u0142y zdj\u0119cia budowanej willi na warszawskim Mokotowie), \u017ce \u201ejest bardzo zazdrosna o m\u0119\u017ca i dba o to, aby nie przebywa\u0142 on zbyt cz\u0119sto w towarzystwie innych kobiet&#8221;, wobec czego mia\u0142a mu zabroni\u0107 latania ze stewardesami jego prywatnym samolotem (w tym samolociku nie ma miejsca na stewardesy).<\/p>\n<p>Nikt by si\u0119 specjalnie nie interesowa\u0142 tym procesem, gdyby nie rekordowa kwota: je\u015bli wyrok si\u0119 uprawomocni, portale zap\u0142ac\u0105 200 tys. z\u0142, wprawdzie na dom samotnej matki, ale z perspektywy pozwanego to \u017cadna r\u00f3\u017cnica.<\/p>\n<p>Wed\u0142ug s\u0105du materia\u0142y te podwa\u017ca\u0142y presti\u017c powod\u00f3w, \u201epowszechnie znanych, powa\u017canych i maj\u0119tnych&#8221;, a zas\u0105dzona kwota jest \u201eumiarkowana i adekwatna do stopnia winy&#8221;.<\/p>\n<p>Cho\u0107 sprawy Edyty G\u00f3rniak czy Joanny Brodzik, w kt\u00f3rych zas\u0105dzono po kilkadziesi\u0105t tysi\u0119cy z\u0142otych od kolorowej prasy, prze\u0142ama\u0142y dotychczasow\u0105 praktyk\u0119 s\u0105d\u00f3w pob\u0142a\u017cliw\u0105 dla tabloid\u00f3w, wczorajsze orzeczenie mo\u017ce oznacza\u0107 trend wy\u017cszego wyceniania d\u00f3br osobistych.<\/p>\n<p><strong>Ocenia\u0107 niewymierne<\/strong><\/p>\n<p>\u2013 Presti\u017c jest rzecz\u0105 szalenie cenn\u0105 i trudno znajdowa\u0107 kryterium okre\u015blenia zado\u015b\u0107uczynienia. Powinna nim by\u0107 skala i dolegliwo\u015b\u0107 naruszenia. Nie s\u0105dz\u0119, by zdanie o presti\u017cu z ustnego uzasadnienia znalaz\u0142o si\u0119 w uzasadnieniu pisemnym i utrwali\u0142o w orzecznictwie \u2013 m\u00f3wi adwokat Jerzy Naumann.<\/p>\n<p>\u2013 Status poszkodowanego nie ma znaczenia dla naruszenia d\u00f3br osobistych. Z pewno\u015bci\u0105 taka zasada nie wynika z przepis\u00f3w prawa \u2013 wskazuje adwokat Bogus\u0142aw Kosmus. \u2013 Zado\u015b\u0107uczynienie nie jest nagrod\u0105 za zas\u0142ugi dla spo\u0142ecze\u0144stwa, za dobre sprawowanie. Nie zmienia to mojej oceny, \u017ce kwoty za naruszenie d\u00f3br osobistych powinny by\u0107 wy\u017csze.<\/p>\n<p>\u2013 Dla os\u00f3b maj\u0119tnych, ze \u015bwiecznika, lepsz\u0105 rekompensat\u0105 s\u0105 odpowiednio wyeksponowane przeprosiny ni\u017c dolegliwo\u015b\u0107 finansowa. W tym kierunku powinny p\u00f3j\u015b\u0107 s\u0105dy \u2013 twierdzi adwokat Dariusz Pluta.<\/p>\n<p>\u2013 Wysoko\u015b\u0107 zado\u015b\u0107uczynienia jest wypadkow\u0105 m.in. rodzaju naruszonego dobra, skali winy, sytuacji maj\u0105tkowej pom\u00f3wionego i pomawiaj\u0105cego. Zdarza si\u0119, \u017ce s\u0105dy pomijaj\u0105 jeden z tych element\u00f3w i zapadaj\u0105 orzeczenia nieadekwatne do sytuacji \u2013 wskazuje adwokat Maciej \u015alusarek. \u2013 Przyk\u0142ad: orzeczenie za niskiego zado\u015b\u0107uczynienia od dobrze prosperuj\u0105cego wydawnictwa b\u0119dzie wr\u0119cz zach\u0119ca\u0107 do dalszych narusze\u0144. Wp\u0142ywy z reklam i wzrost czytelnictwa czy \u201eklikalno\u015bci&#8221; mog\u0105 przewy\u017csza\u0107 kar\u0119 za naruszenie d\u00f3br osobistych.<\/p>\n<p>\u2013 Na \u015bwiecie problem jest znany od lat 70., od procesu z pras\u0105 ira\u0144skiej ksi\u0119\u017cniczki Sorayi \u2013 wskazuje prof. Bogudar Kordasiewicz. \u2013 Nie ma nic z\u0142ego w tym, \u017ce osoba z wy\u017cszym statusem dostaje wy\u017csz\u0105 rekompensat\u0119, bo jej szkoda mo\u017ce by\u0107 wy\u017csza, i s\u0105dy to uwzgl\u0119dniaj\u0105. Trzeba jednak zna\u0107 proporcj\u0119.<\/p>\n<p><strong>Rekordy s\u0105dowego zado\u015b\u0107uczynienia<\/strong><br \/>\n&#8211; 80 tys. z\u0142 wygra\u0142a piosenkarka Justyna Steczkowska za opublikowanie kilku jej nagich zdj\u0119\u0107 z wypoczynku na tureckiej Riwierze (wyrok ostateczny);<br \/>\n&#8211; 120 tys. z\u0142 dostali Tomasz i Hanna Lis za kilkana\u015bcie tekst\u00f3w do\u015b\u0107 g\u0142\u0119boko wkraczaj\u0105cych w ich prywatno\u015b\u0107, cho\u0107 publikacja zdj\u0119cia ich domu by\u0142a legalna, bo sami o tym m\u00f3wili (sprawa w SN);<br \/>\n&#8211; 150 tys. z\u0142 uzyska\u0142a \u017cona \u015bmiertelnej ofiary wypadku samochodowego za opublikowanie fragment\u00f3w list\u00f3w ma\u0142\u017conk\u00f3w (wyrok nieprawomocny);<br \/>\n&#8211; 200 tys. z\u0142 zado\u015b\u0107uczynienia (wyrok prawomocny) dla 14-letniej ofiary gwa\u0142tu zbiorowego za opublikowanie jej zdj\u0119\u0107 autorstwa sprawc\u00f3w.<\/p>\n<p>rp.pl<\/p>\n","protected":false},"excerpt":{"rendered":"<p>Prawnicy zajmuj\u0105cy si\u0119 mediami uwa\u017caj\u0105, \u017ce status maj\u0105tkowy pokrzywdzonego nie powinien decydowa\u0107 o wielko\u015bci zado\u015b\u0107uczynienia \u2013 Im wy\u017cszy presti\u017c os\u00f3b pom\u00f3wionych, tym wy\u017csza powinna by\u0107 sankcja ekonomiczna \u2013 powiedzia\u0142a w uzasadnieniu wczorajszego wyroku warszawskiego S\u0105du Okr\u0119gowego s\u0119dzia Krystyna Gromek. 200 tys. z\u0142 za plotki Chodzi o proces, kt\u00f3ry Leszek Czarnecki (jeden z najbogatszych Polak\u00f3w) z [&hellip;]<\/p>\n","protected":false},"author":2,"featured_media":0,"comment_status":"open","ping_status":"open","sticky":false,"template":"","format":"standard","meta":{"footnotes":""},"categories":[8],"tags":[12,13],"class_list":["post-1341","post","type-post","status-publish","format-standard","hentry","category-aktualnosci","tag-odszkodowanie","tag-zadoscuczynienie"],"_links":{"self":[{"href":"https:\/\/www.odszkodowania.info.pl\/index.php?rest_route=\/wp\/v2\/posts\/1341","targetHints":{"allow":["GET"]}}],"collection":[{"href":"https:\/\/www.odszkodowania.info.pl\/index.php?rest_route=\/wp\/v2\/posts"}],"about":[{"href":"https:\/\/www.odszkodowania.info.pl\/index.php?rest_route=\/wp\/v2\/types\/post"}],"author":[{"embeddable":true,"href":"https:\/\/www.odszkodowania.info.pl\/index.php?rest_route=\/wp\/v2\/users\/2"}],"replies":[{"embeddable":true,"href":"https:\/\/www.odszkodowania.info.pl\/index.php?rest_route=%2Fwp%2Fv2%2Fcomments&post=1341"}],"version-history":[{"count":1,"href":"https:\/\/www.odszkodowania.info.pl\/index.php?rest_route=\/wp\/v2\/posts\/1341\/revisions"}],"predecessor-version":[{"id":1342,"href":"https:\/\/www.odszkodowania.info.pl\/index.php?rest_route=\/wp\/v2\/posts\/1341\/revisions\/1342"}],"wp:attachment":[{"href":"https:\/\/www.odszkodowania.info.pl\/index.php?rest_route=%2Fwp%2Fv2%2Fmedia&parent=1341"}],"wp:term":[{"taxonomy":"category","embeddable":true,"href":"https:\/\/www.odszkodowania.info.pl\/index.php?rest_route=%2Fwp%2Fv2%2Fcategories&post=1341"},{"taxonomy":"post_tag","embeddable":true,"href":"https:\/\/www.odszkodowania.info.pl\/index.php?rest_route=%2Fwp%2Fv2%2Ftags&post=1341"}],"curies":[{"name":"wp","href":"https:\/\/api.w.org\/{rel}","templated":true}]}}