{"id":1351,"date":"2011-11-14T19:26:24","date_gmt":"2011-11-14T18:26:24","guid":{"rendered":"http:\/\/www.odszkodowania.info.pl\/?p=1351"},"modified":"2011-11-14T19:26:24","modified_gmt":"2011-11-14T18:26:24","slug":"stracil-oko-po-meczu-walczy-o-odszkodowanie","status":"publish","type":"post","link":"https:\/\/www.odszkodowania.info.pl\/?p=1351","title":{"rendered":"Straci\u0142 oko po meczu, walczy o odszkodowanie"},"content":{"rendered":"<p>P\u00f3\u0142 miliona z\u0142otych odszkodowania oraz 1,5 tys. z\u0142 do\u017cywotniej renty domaga si\u0119 19-letni Micha\u0142, kt\u00f3ry podczas zamieszek kibic\u00f3w Sandecji z policj\u0105 straci\u0142 oko od uderzenia gumowej kuli.<br \/>\nHistori\u0119 Micha\u0142a Gronia z Nowego S\u0105cza opisali\u015bmy dwa lata temu. 10 czerwca 2009 roku Sandecja \u015bwi\u0119towa\u0142a awans do I ligi pi\u0142karskiej. Uroczysto\u015bci odbywa\u0142y si\u0119 najpierw na stadionie, potem pi\u0142karze i kibice przeszli do nowos\u0105deckiego parku Strzeleckiego, gdzie odbywa\u0142a si\u0119 impreza wie\u0144cz\u0105ca sukces. Bezpiecze\u0144stwa w amfiteatrze pilnowa\u0142o 30 ochroniarzy wynaj\u0119tej firmy i 30 z ochrony wewn\u0119trznej klubu. Policja by\u0142a na zewn\u0105trz amfiteatru. Na imprezie w parku bawi\u0142o si\u0119 ponad tysi\u0105c os\u00f3b. Kibice, mieszka\u0144cy Nowego S\u0105cza, rodziny z dzie\u0107mi. Dosz\u0142o do burdy, zdaniem uczestnik\u00f3w wywo\u0142anej przez m\u0119\u017cczyzn\u0119 z tatua\u017cem z symbolem Legii Warszawa.<\/p>\n<p>Rozjuszeni kibice zaatakowali interweniuj\u0105cych policjant\u00f3w butelkami i fragmentami ogrodzenia. Funkcjonariusze odpowiedzieli u\u017cyciem broni g\u0142adkolufowej. Gumowe kule dosi\u0119g\u0142y kilku os\u00f3b. Awantura przenios\u0142a si\u0119 na rynek. Tam policj\u0119 wspar\u0142y wezwane oddzia\u0142y funkcjonariuszy z Krakowa. Po trwaj\u0105cych niemal ca\u0142\u0105 noc zamieszkach policja zatrzyma\u0142a kilkana\u015bcie os\u00f3b.<\/p>\n<p>Micha\u0142 by\u0142 na uroczysto\u015bci z dziewczyn\u0105 i z koleg\u0105. Jak twierdzi, w ferworze zamieszek zgubi\u0142 towarzyszy, a ludzie, kt\u00f3rzy stan\u0119li obok niego, zacz\u0119li rzuca\u0107 w policjant\u00f3w kamieniami. Ci odpowiedzieli strza\u0142ami, kula trafi\u0142a go w g\u0142ow\u0119 i utkwi\u0142a w oku. Karetka zabra\u0142a ch\u0142opaka do szpitala, potem przetransportowano go do Krakowa. Tam usuni\u0119to zmia\u017cd\u017cone oko i wstawiono protez\u0119.<\/p>\n<p>Rodzina m\u0119\u017cczyzny od samego pocz\u0105tku obwinia\u0142a policj\u0119 o pochopne u\u017cycie broni.<\/p>\n<p>&#8211; M\u00f3j syn jest kalek\u0105. Zmaga si\u0119 z powik\u0142aniami po wypadku, zrobi\u0142 mu si\u0119 ropie\u0144, ma krzyw\u0105 przegrod\u0119 nosow\u0105, wi\u0119c choruje na zapalenie zatok. Nie ma czucia w cz\u0119\u015bci policzka, nie domyka powieki. Ci\u0105gle bierze antybiotyki. Opr\u00f3cz zdrowia straci\u0142 te\u017c marzenia sportowe &#8211; m\u00f3wi\u0142a &#8222;Gazecie&#8221; Alicja Gro\u0144.<\/p>\n<p>Dlaczego m\u0142ody m\u0119\u017cczyzna znalaz\u0142 si\u0119 na linii strza\u0142u, je\u017celi nie by\u0142o go w grupie atakuj\u0105cej funkcjonariuszy? Tego do dzi\u015b nie wyja\u015bniono. Micha\u0142a oskar\u017cono o zak\u0142\u00f3canie porz\u0105dku podczas uroczysto\u015bci w amfiteatrze (oskar\u017cycielami byli policjanci), ale s\u0105d uzna\u0142, \u017ce nie ma na to dowod\u00f3w i oczy\u015bci\u0142 m\u0119\u017cczyzn\u0119 z zarzut\u00f3w. To otworzy\u0142o przed nim drog\u0119 do ubiegania si\u0119 o odszkodowanie. Proces z jego pow\u00f3dztwa ruszy\u0142 w\u0142a\u015bnie przed s\u0105deckim s\u0105dem okr\u0119gowym. Micha\u0142 domaga si\u0119 od skarbu pa\u0144stwa i klubu Sandecja p\u00f3\u0142 miliona z\u0142otych odszkodowania oraz 1,5 tys. z\u0142 do\u017cywotniej renty.<\/p>\n<p>Podczas pierwszej rozprawy s\u0119dzia przes\u0142ucha\u0142a znajomych Micha\u0142a, kt\u00f3rzy byli z nim w amfiteatrze. M\u00f3wili o zmaganiu si\u0119 m\u0119\u017cczyzny z problemami zdrowotnymi i z\u0142amaniu jego kariery sportowej. Rodzina niech\u0119tnie wraca do tamtych wydarze\u0144.<\/p>\n<p>&#8211; Od samego pocz\u0105tku zostawiono nas z t\u0105 tragedi\u0105 samych. Mo\u017cemy liczy\u0107 tylko na siebie i m\u00f3j syn nie chce ju\u017c szumu wok\u00f3\u0142 siebie &#8211; m\u00f3wi Alicja Gro\u0144.<\/p>\n<p>gazeta.pl<\/p>\n","protected":false},"excerpt":{"rendered":"<p>P\u00f3\u0142 miliona z\u0142otych odszkodowania oraz 1,5 tys. z\u0142 do\u017cywotniej renty domaga si\u0119 19-letni Micha\u0142, kt\u00f3ry podczas zamieszek kibic\u00f3w Sandecji z policj\u0105 straci\u0142 oko od uderzenia gumowej kuli. Histori\u0119 Micha\u0142a Gronia z Nowego S\u0105cza opisali\u015bmy dwa lata temu. 10 czerwca 2009 roku Sandecja \u015bwi\u0119towa\u0142a awans do I ligi pi\u0142karskiej. Uroczysto\u015bci odbywa\u0142y si\u0119 najpierw na stadionie, potem [&hellip;]<\/p>\n","protected":false},"author":2,"featured_media":0,"comment_status":"open","ping_status":"open","sticky":false,"template":"","format":"standard","meta":{"footnotes":""},"categories":[8],"tags":[12,13],"class_list":["post-1351","post","type-post","status-publish","format-standard","hentry","category-aktualnosci","tag-odszkodowanie","tag-zadoscuczynienie"],"_links":{"self":[{"href":"https:\/\/www.odszkodowania.info.pl\/index.php?rest_route=\/wp\/v2\/posts\/1351","targetHints":{"allow":["GET"]}}],"collection":[{"href":"https:\/\/www.odszkodowania.info.pl\/index.php?rest_route=\/wp\/v2\/posts"}],"about":[{"href":"https:\/\/www.odszkodowania.info.pl\/index.php?rest_route=\/wp\/v2\/types\/post"}],"author":[{"embeddable":true,"href":"https:\/\/www.odszkodowania.info.pl\/index.php?rest_route=\/wp\/v2\/users\/2"}],"replies":[{"embeddable":true,"href":"https:\/\/www.odszkodowania.info.pl\/index.php?rest_route=%2Fwp%2Fv2%2Fcomments&post=1351"}],"version-history":[{"count":1,"href":"https:\/\/www.odszkodowania.info.pl\/index.php?rest_route=\/wp\/v2\/posts\/1351\/revisions"}],"predecessor-version":[{"id":1352,"href":"https:\/\/www.odszkodowania.info.pl\/index.php?rest_route=\/wp\/v2\/posts\/1351\/revisions\/1352"}],"wp:attachment":[{"href":"https:\/\/www.odszkodowania.info.pl\/index.php?rest_route=%2Fwp%2Fv2%2Fmedia&parent=1351"}],"wp:term":[{"taxonomy":"category","embeddable":true,"href":"https:\/\/www.odszkodowania.info.pl\/index.php?rest_route=%2Fwp%2Fv2%2Fcategories&post=1351"},{"taxonomy":"post_tag","embeddable":true,"href":"https:\/\/www.odszkodowania.info.pl\/index.php?rest_route=%2Fwp%2Fv2%2Ftags&post=1351"}],"curies":[{"name":"wp","href":"https:\/\/api.w.org\/{rel}","templated":true}]}}