{"id":1365,"date":"2011-11-22T13:32:32","date_gmt":"2011-11-22T12:32:32","guid":{"rendered":"http:\/\/www.odszkodowania.info.pl\/?p=1365"},"modified":"2011-11-22T13:32:32","modified_gmt":"2011-11-22T12:32:32","slug":"nieslusznie-skazany-chce-piec-milionow-za-pieklo-w-celi","status":"publish","type":"post","link":"https:\/\/www.odszkodowania.info.pl\/?p=1365","title":{"rendered":"Nies\u0142usznie skazany chce pi\u0119\u0107 milion\u00f3w za piek\u0142o w celi"},"content":{"rendered":"<p>Takiej kwoty domaga si\u0119 Pawe\u0142 Guz, kt\u00f3ry nies\u0142usznie siedzia\u0142 w areszcie p\u00f3\u0142tora roku podejrzany o zab\u00f3jstwo. Jest na wolno\u015bci, bo prokuratura oczy\u015bci\u0142a go z zarzut\u00f3w. Ta sama prokuratura domaga\u0142a si\u0119 dla Guza tymczasowego aresztu, na co skwapliwie przysta\u0142 s\u0105d.<\/p>\n<p>M\u0119\u017cczyzn\u0119 podejrzewano o zab\u00f3jstwo Paw\u0142a Marz\u0119dy, 28-letniego w\u0142a\u015bciciela warsztatu samochodowego z Lubartowa. Zgin\u0105\u0142 od uderze\u0144 m\u0142otkiem w g\u0142ow\u0119. Policjanci szybko wytypowali podejrzanych: Krzysztofa P., Roberta W. i Paw\u0142a Guza. To m\u0142odzi ludzie, koledzy Marz\u0119dy.<\/p>\n<p>Co ich obci\u0105\u017ca\u0142o? Najwa\u017cniejsze: obaj widzieli si\u0119 z ofiar\u0105 w wiecz\u00f3r, gdy zgin\u0105\u0142. Zostali tymczasowo aresztowani. Pawe\u0142 Guz przesiedzia\u0142 rok i pi\u0119\u0107 miesi\u0119cy. Wyszed\u0142 w grudniu 2008 r. Prokurator uzna\u0142, \u017ce jest niewinny. Rok p\u00f3\u017aniej S\u0105d Okr\u0119gowy w Lublinie skaza\u0142 na do\u017cywocie Krzysztofa P., stwierdzi\u0142 przy tym, \u017ce dzia\u0142a\u0142 sam. Najbardziej prawdopodobny motyw zab\u00f3jstwa to taki, \u017ce chcia\u0142 przej\u0105\u0107 warsztat. Jednak proces, po apelacji obro\u0144cy P., jest w\u0142a\u015bnie powtarzany.<\/p>\n<p>Po wyj\u015bciu z aresztu Pawe\u0142 Guz opowiada\u0142 &#8222;Gazecie&#8221;: &#8211; \u015ani mi si\u0119 cz\u0119sto, \u017ce siedz\u0119 w celi i chc\u0119 si\u0119 skontaktowa\u0107 z prokuratorem. Chcia\u0142bym po raz kolejny powiedzie\u0107 mu, \u017ce jestem niewinny. Ale jestem bezsilny.<\/p>\n<p>Adwokat m\u0119\u017cczyzny w\u0142a\u015bnie z\u0142o\u017cy\u0142 wniosek do s\u0105du o pi\u0119\u0107 milion\u00f3w z\u0142otych rekompensaty. Milion na odszkodowanie (za utracone zarobki w firmie budowlanej, kt\u00f3r\u0105 Guz prowadzi\u0142 w Norwegii) i cztery na zado\u015b\u0107uczynienie za krzywdy w celi.<\/p>\n<p>Jak m\u00f3wi Pawe\u0142 Guz w procesie ma go wspiera\u0107 Helsi\u0144ska Fundacja Praw Cz\u0142owieka. &#8211; \u017byj\u0119 z traum\u0105 cz\u0142owieka pos\u0105dzonego o morderstwo. Od znajomych wiem, \u017ce wielu nie pogodzi\u0142o si\u0119 z tym, \u017ce jestem niewinny. Sk\u0105d taka kwota?<\/p>\n<p>Chcia\u0142bym, \u017ceby wyrok s\u0105du odzwierciedla\u0142 stosunek s\u0105du do wolno\u015bci cz\u0142owieka, aby moje aresztowanie by\u0142o przestrog\u0105 dla prokurator\u00f3w i s\u0119dzi\u00f3w &#8211; podkre\u015bla.<\/p>\n","protected":false},"excerpt":{"rendered":"<p>Takiej kwoty domaga si\u0119 Pawe\u0142 Guz, kt\u00f3ry nies\u0142usznie siedzia\u0142 w areszcie p\u00f3\u0142tora roku podejrzany o zab\u00f3jstwo. Jest na wolno\u015bci, bo prokuratura oczy\u015bci\u0142a go z zarzut\u00f3w. Ta sama prokuratura domaga\u0142a si\u0119 dla Guza tymczasowego aresztu, na co skwapliwie przysta\u0142 s\u0105d. M\u0119\u017cczyzn\u0119 podejrzewano o zab\u00f3jstwo Paw\u0142a Marz\u0119dy, 28-letniego w\u0142a\u015bciciela warsztatu samochodowego z Lubartowa. Zgin\u0105\u0142 od uderze\u0144 m\u0142otkiem [&hellip;]<\/p>\n","protected":false},"author":2,"featured_media":0,"comment_status":"open","ping_status":"open","sticky":false,"template":"","format":"standard","meta":{"footnotes":""},"categories":[8],"tags":[12,38,13],"class_list":["post-1365","post","type-post","status-publish","format-standard","hentry","category-aktualnosci","tag-odszkodowanie","tag-utracone-korzysci","tag-zadoscuczynienie"],"_links":{"self":[{"href":"https:\/\/www.odszkodowania.info.pl\/index.php?rest_route=\/wp\/v2\/posts\/1365","targetHints":{"allow":["GET"]}}],"collection":[{"href":"https:\/\/www.odszkodowania.info.pl\/index.php?rest_route=\/wp\/v2\/posts"}],"about":[{"href":"https:\/\/www.odszkodowania.info.pl\/index.php?rest_route=\/wp\/v2\/types\/post"}],"author":[{"embeddable":true,"href":"https:\/\/www.odszkodowania.info.pl\/index.php?rest_route=\/wp\/v2\/users\/2"}],"replies":[{"embeddable":true,"href":"https:\/\/www.odszkodowania.info.pl\/index.php?rest_route=%2Fwp%2Fv2%2Fcomments&post=1365"}],"version-history":[{"count":1,"href":"https:\/\/www.odszkodowania.info.pl\/index.php?rest_route=\/wp\/v2\/posts\/1365\/revisions"}],"predecessor-version":[{"id":1366,"href":"https:\/\/www.odszkodowania.info.pl\/index.php?rest_route=\/wp\/v2\/posts\/1365\/revisions\/1366"}],"wp:attachment":[{"href":"https:\/\/www.odszkodowania.info.pl\/index.php?rest_route=%2Fwp%2Fv2%2Fmedia&parent=1365"}],"wp:term":[{"taxonomy":"category","embeddable":true,"href":"https:\/\/www.odszkodowania.info.pl\/index.php?rest_route=%2Fwp%2Fv2%2Fcategories&post=1365"},{"taxonomy":"post_tag","embeddable":true,"href":"https:\/\/www.odszkodowania.info.pl\/index.php?rest_route=%2Fwp%2Fv2%2Ftags&post=1365"}],"curies":[{"name":"wp","href":"https:\/\/api.w.org\/{rel}","templated":true}]}}