{"id":1385,"date":"2011-12-07T00:19:16","date_gmt":"2011-12-06T23:19:16","guid":{"rendered":"http:\/\/www.odszkodowania.info.pl\/?p=1385"},"modified":"2011-12-07T00:19:16","modified_gmt":"2011-12-06T23:19:16","slug":"dziennikarz-polsatu-pozwal-gornicze-zwiazki","status":"publish","type":"post","link":"https:\/\/www.odszkodowania.info.pl\/?p=1385","title":{"rendered":"Dziennikarz Polsatu pozwa\u0142 g\u00f3rnicze zwi\u0105zki"},"content":{"rendered":"<p>Damian Klos, reporter Polsatu, domaga si\u0119 od &#8222;Solidarno\u015bci&#8221; oraz Zwi\u0105zku Zawodowego &#8222;Kadra&#8221; ponad 8 tys. z\u0142 odszkodowania. Podczas jednej z manifestacji g\u00f3rniczych wystrzelona petarda rani\u0142a go w nog\u0119.<br \/>\nSprawa dotyczy pikiety, do jakiej w maju 2000 r. dosz\u0142o przed siedzib\u0105 Zwi\u0105zku Pracownik\u00f3w W\u0119gla Kamiennego w Katowicach. Kilka tysi\u0119cy g\u00f3rnik\u00f3w ze wszystkich central zwi\u0105zkowych w regionie protestowa\u0142o przeciwko wypowiedzeniu przez pracodawc\u00f3w Uk\u0142adu Pracy Zbiorowej, kt\u00f3ry regulowa\u0142 kwestie wynagrodze\u0144. Pikieta mia\u0142a bardzo burzliwy przebieg, zwi\u0105zkowcy zabrali ze sob\u0105 style od \u0142opat, siekiery, palili opony i rzucali petardami. Jedna z nich trafi\u0142a Damiana Klosa, korespondenta Polsatu na \u015al\u0105sku (obecnie pracuje dla tej stacji na Warmii i Mazurach).<\/p>\n<p>&#8211; Petarda eksplodowa\u0142a mi na udzie i wyszarpa\u0142a kawa\u0142ek cia\u0142a &#8211; wspomina Klos. Prosto z pikiety dziennikarz trafi\u0142 na pogotowie, potem przez dwa tygodnie by\u0142 na zwolnieniu lekarskim. Prokuratura uzna\u0142a, \u017ce jego zranienie to przest\u0119pstwo, ale z powodu niewykrycia sprawc\u00f3w umorzy\u0142a \u015bledztwo.<\/p>\n<p>Teraz Klos domaga si\u0119 ponad 8 tys. z\u0142 odszkodowania wraz z odsetkami za doznane obra\u017cenia oraz utracone w wyniku zranienia zarobki. Pozwanymi s\u0105 &#8222;Solidarno\u015b\u0107&#8221; oraz Zwi\u0105zek Zawodowy &#8222;Kadra&#8221;, kt\u00f3rych przedstawiciele brali udzia\u0142 w pikiecie.<\/p>\n<p>&#8211; Co prawda jej organizatorem by\u0142 Mi\u0119dzyzak\u0142adowy Zesp\u00f3\u0142 Negocjacyjny G\u00f3rnictwa, ale ten tw\u00f3r nie ma osobowo\u015bci prawnej, wi\u0119c pozwali\u015bmy najwa\u017cniejszych uczestnik\u00f3w, kt\u00f3rzy nie mieli zgody na demonstracj\u0119 &#8211; m\u00f3wi Lech Obara, radca prawny reprezentuj\u0105cy Klosa. Przed laty zas\u0142yn\u0105\u0142 on tym, \u017ce toczy\u0142 sp\u00f3r z sieci\u0105 handlow\u0105 Biedronka, w kt\u00f3rej \u0142amano prawa pracownik\u00f3w. Obara wygra\u0142 kilkana\u015bcie proces\u00f3w.<\/p>\n<p>&#8222;Solidarno\u015b\u0107&#8221; wsp\u00f3\u0142czuje Klosowi, ale nie poczuwa si\u0119 do odpowiedzialno\u015bci za jego obra\u017cenia, bo to nie ona organizowa\u0142a pikiet\u0119. I przypomina, \u017ce Klos nie zosta\u0142 ranny w wyniku celowej napa\u015bci. &#8211; To by\u0142 wypadek, o kt\u00f3ry nietrudno podczas gor\u0105cych zwi\u0105zkowych protest\u00f3w. Takie zdarzenia s\u0105 wpisane w trudn\u0105 i wa\u017cn\u0105 prac\u0119 dziennikarzy &#8211; m\u00f3wi Wojciech Gumu\u0142ka, rzecznik &#8222;Solidarno\u015bci&#8221;.<\/p>\n<p>Na razie nie wiadomo, czy dziennikarz Polsatu dostanie odszkodowanie, bo s\u0105d pierwszej instancji odrzuci\u0142 jego pozew, uznaj\u0105c, \u017ce roszczenia si\u0119 przedawni\u0142y po 10 latach. Jego prawnik zapowiada jednak z\u0142o\u017cenie apelacji. I ma du\u017ce szanse na uchylenie decyzji s\u0105du, bo cztery lata temu zmieni\u0142y si\u0119 przepisy dotycz\u0105ce okresu przedawnienia. &#8211; W przypadku roszcze\u0144 za szkody powsta\u0142e na drodze przest\u0119pstwa ten okres zosta\u0142 wyd\u0142u\u017cony do 20 lat &#8211; potwierdza s\u0119dzia Krzysztof Zawa\u0142a, rzecznik S\u0105du Okr\u0119gowego w Katowicach. To oznacza, \u017ce sprawa reportera Polsatu przedawni si\u0119 dopiero w 2020 r.<\/p>\n<p>Wed\u0142ug Obary proces z pow\u00f3dztwa Klosa b\u0119dzie wyznacza\u0142 lini\u0119 orzecznictwa polskich s\u0105d\u00f3w w sprawach dotycz\u0105cych ranienia dziennikarzy lub niszczenia ich sprz\u0119tu przez demonstrant\u00f3w. I przypomina, \u017ce podczas obchod\u00f3w \u015awi\u0119ta Niepodleg\u0142o\u015bci demonstranci spalili w\u00f3z transmisyjny TVN, a kilka dni p\u00f3\u017aniej pobili pracownik\u00f3w Polsatu.<\/p>\n<p>gazeta.pl<\/p>\n","protected":false},"excerpt":{"rendered":"<p>Damian Klos, reporter Polsatu, domaga si\u0119 od &#8222;Solidarno\u015bci&#8221; oraz Zwi\u0105zku Zawodowego &#8222;Kadra&#8221; ponad 8 tys. z\u0142 odszkodowania. Podczas jednej z manifestacji g\u00f3rniczych wystrzelona petarda rani\u0142a go w nog\u0119. Sprawa dotyczy pikiety, do jakiej w maju 2000 r. dosz\u0142o przed siedzib\u0105 Zwi\u0105zku Pracownik\u00f3w W\u0119gla Kamiennego w Katowicach. Kilka tysi\u0119cy g\u00f3rnik\u00f3w ze wszystkich central zwi\u0105zkowych w regionie [&hellip;]<\/p>\n","protected":false},"author":2,"featured_media":0,"comment_status":"open","ping_status":"open","sticky":false,"template":"","format":"standard","meta":{"footnotes":""},"categories":[8],"tags":[12,13],"class_list":["post-1385","post","type-post","status-publish","format-standard","hentry","category-aktualnosci","tag-odszkodowanie","tag-zadoscuczynienie"],"_links":{"self":[{"href":"https:\/\/www.odszkodowania.info.pl\/index.php?rest_route=\/wp\/v2\/posts\/1385","targetHints":{"allow":["GET"]}}],"collection":[{"href":"https:\/\/www.odszkodowania.info.pl\/index.php?rest_route=\/wp\/v2\/posts"}],"about":[{"href":"https:\/\/www.odszkodowania.info.pl\/index.php?rest_route=\/wp\/v2\/types\/post"}],"author":[{"embeddable":true,"href":"https:\/\/www.odszkodowania.info.pl\/index.php?rest_route=\/wp\/v2\/users\/2"}],"replies":[{"embeddable":true,"href":"https:\/\/www.odszkodowania.info.pl\/index.php?rest_route=%2Fwp%2Fv2%2Fcomments&post=1385"}],"version-history":[{"count":1,"href":"https:\/\/www.odszkodowania.info.pl\/index.php?rest_route=\/wp\/v2\/posts\/1385\/revisions"}],"predecessor-version":[{"id":1386,"href":"https:\/\/www.odszkodowania.info.pl\/index.php?rest_route=\/wp\/v2\/posts\/1385\/revisions\/1386"}],"wp:attachment":[{"href":"https:\/\/www.odszkodowania.info.pl\/index.php?rest_route=%2Fwp%2Fv2%2Fmedia&parent=1385"}],"wp:term":[{"taxonomy":"category","embeddable":true,"href":"https:\/\/www.odszkodowania.info.pl\/index.php?rest_route=%2Fwp%2Fv2%2Fcategories&post=1385"},{"taxonomy":"post_tag","embeddable":true,"href":"https:\/\/www.odszkodowania.info.pl\/index.php?rest_route=%2Fwp%2Fv2%2Ftags&post=1385"}],"curies":[{"name":"wp","href":"https:\/\/api.w.org\/{rel}","templated":true}]}}