{"id":1394,"date":"2011-12-15T23:10:33","date_gmt":"2011-12-15T22:10:33","guid":{"rendered":"http:\/\/www.odszkodowania.info.pl\/?p=1394"},"modified":"2011-12-15T23:10:33","modified_gmt":"2011-12-15T22:10:33","slug":"czy-ich-dziadek-byl-zdrajca-walcza-o-miliony-odszkodowania","status":"publish","type":"post","link":"https:\/\/www.odszkodowania.info.pl\/?p=1394","title":{"rendered":"Czy ich dziadek by\u0142 zdrajc\u0105? Walcz\u0105 o miliony odszkodowania!"},"content":{"rendered":"<p>Rz\u0105d francuski znalaz\u0142 si\u0119 w\u0142a\u015bnie w bardzo k\u0142opotliwej sytuacji. Je\u015bli przegra wytoczony mu proces, pa\u0144stwo b\u0119dzie musia\u0142o wyp\u0142aci\u0107 miliardowe odszkodowania. Wczoraj, przed s\u0105dem w Pary\u017cu, siedmioro wnuk\u00f3w jednego z za\u0142o\u017cycieli koncernu Renault &#8211; Louisa Renault &#8211; domaga\u0142o si\u0119 podwa\u017cenia &#8211; ich zdaniem &#8211; bezprawnej decyzji rz\u0105du tymczasowego z 16 stycznia 1945 roku, w wyniku kt\u00f3rej zak\u0142ady nale\u017c\u0105ce do ich dziadka zosta\u0142y znacjonalizowane.<\/p>\n<p>Orzeczenie s\u0105du w tej sprawie poznamy ju\u017c 11 stycznia &#8211; niemal dok\u0142adnie 67 lat po tym, jak dobra rodziny Renault przesz\u0142y we w\u0142adanie skarbu pa\u0144stwa. Reprezentuj\u0105cy spadkobierc\u00f3w adwokat domaga si\u0119, by spraw\u0105 jednej z najs\u0142ynniejszych powojennych nacjonalizacji zaj\u0105\u0142 si\u0119 Trybuna\u0142 Konstytucyjny.<\/p>\n<p>Tocz\u0105ce si\u0119 post\u0119powanie wywo\u0142uje we Francji gor\u0105ce emocje. Po wyzwoleniu kraju, Louis Renault &#8211; pod zarzutem kolaboracji z Niemcami &#8211; zosta\u0142 aresztowany we wrze\u015bniu 1944 roku. Miesi\u0105c p\u00f3\u017aniej, w do\u015b\u0107 tajemniczych okoliczno\u015bciach, oczekuj\u0105c na proces, zmar\u0142 w wi\u0119zieniu.<\/p>\n<p>Za\u0142o\u017cycielowi francuskiego koncernu zarzucano \u017ce, pod okupacj\u0105 niemieck\u0105, kierowana przez niego firma wytwarza\u0142a m.in. czo\u0142gi na potrzeby Wehrmachtu. Nie zmienia to jednak faktu, \u017ce maj\u0105tek rodziny Renault znacjonalizowano bez jakiejkolwiek rekompensaty finansowej, a na tle innych przemys\u0142owych gigant\u00f3w wojenna historia francuskiego koncernu nie jest \u017cadnym wyj\u0105tkiem. Warto zaznaczy\u0107, \u017ce nie by\u0142a to jedyna francuska firma wsp\u00f3\u0142pracuj\u0105ca w\u00f3wczas z Trzeci\u0105 Rzesz\u0105. Na potrzeby niemieckiego wojska produkowa\u0142y r\u00f3wnie\u017c m.in. fabryki Peugeota. W przeciwie\u0144stwie do Renault, kadra zarz\u0105dzaj\u0105ca tych ostatnich stara\u0142a si\u0119 jednak pomaga\u0107 ruchowi oporu i u\u0142atwia\u0142a pracownikom akty sabota\u017cu. <\/p>\n<p>Problem w tym, \u017ce kieruj\u0105c si\u0119 logik\u0105 francuskiego rz\u0105du tymczasowego, swoje zak\u0142ady powinna te\u017c straci\u0107 m.in. rodzina Porsche (fabryki budowa\u0142y m.in. czo\u0142gi), w\u0142a\u015bciciele Mitsubishi (s\u0142ynny my\u015bliwiec mitsubishi zero), Suzuki (firma wytwarza\u0142a elementy opancerzenia) czy Toyoty (zak\u0142ady produkowa\u0142y ci\u0119\u017car\u00f3wki dla japo\u0144skiego wojska). To prawda, \u017ce japo\u0144skie i niemieckie &#8211; w\u00f3wczas rodzinne jeszcze &#8211; firmy produkowa\u0142y sprz\u0119t wojskowy wy\u0142\u0105cznie dla w\u0142asnych rz\u0105d\u00f3w, ale w przypadku okupowanej Francji, na pewno nie mo\u017cna by\u0142o m\u00f3wi\u0107 o pe\u0142nej suwerenno\u015b\u0107 w podejmowaniu decyzji przez zarz\u0105d Renault. Przypomnijmy, \u017ce Francja podczas wojny by\u0142a de facto podzielona na dwie cz\u0119\u015bci: jedn\u0105 okupowan\u0105, i drug\u0105, zwan\u0105 Francj\u0105 Vichy, &#8222;rz\u0105dzon\u0105&#8221; przez kolaboruj\u0105cy z Niemcami, marionetkowy rz\u0105d na czele z marsza\u0142kiem Petain.<\/p>\n<p>W tym miejscu warto doda\u0107, \u017ce po wojnie, jako zbrodniarz wojenny, we francuskim wi\u0119zieniu przebywa\u0142 np. Ferdynand Porsche. Tamtejszym w\u0142adzom nie przeszkadza\u0142a jednak zbytnio jego zwi\u0105zana z nazistami przesz\u0142o\u015b\u0107. Wi\u0119zienie by\u0142o raczej form\u0105 nacisku w\u0142adz na niemieckiego in\u017cyniera, kt\u00f3re chcia\u0142y, by kontynuowa\u0142 on swoj\u0105 prac\u0119 na rzecz Francji&#8230; Tymczasem Porsche jak ma\u0142o kto przys\u0142u\u017cy\u0142 si\u0119 Wehrmachtowi, nie tylko produkuj\u0105c na rzecz wojska, ale samodzielnie projektuj\u0105c czo\u0142gi czy dzia\u0142a samobie\u017cne. <\/p>\n<p>W my\u015bl idei przy\u015bwiecaj\u0105cej \u00f3wczesnym w\u0142adzom Francji, po wojnie, nale\u017ca\u0142oby r\u00f3wnie\u017c znacjonalizowa\u0107 maj\u0105tek Henry&#8217;ego Forda, kt\u00f3ry by\u0142 serdecznym przyjacielem Adolfa Hitlera. Obu pan\u00f3w \u0142\u0105czy\u0142y wsp\u00f3lne pogl\u0105dy &#8211; w tym gor\u0105cy antysemityzm.<\/p>\n<p>Ford mia\u0142 zwyczaj wysy\u0142a\u0107 Hitlerowi na urodziny czeki na poka\u017ane sumy pieni\u0119dzy, w latach dwudziestych wspomaga\u0142 te\u017c finansowo dzia\u0142anie NSDAP. Co wi\u0119cej, Hitler odwdzi\u0119czy\u0142 si\u0119 za t\u0119 przyjacielsk\u0105 pomoc odznaczaj\u0105c Forda Orderem Or\u0142a Niemieckiego za Zas\u0142ugi dla III Rzeszy!<\/p>\n<p>Amerykanie nie wpadli jednak nigdy na pomys\u0142, by kara\u0107 spadkobierc\u00f3w Forda za jego prywatne pogl\u0105dy i decyzje. Co wi\u0119cej, po wojnie zarz\u0105d koncernu domaga\u0142 si\u0119 od rz\u0105du USA odszkodowania za zbombardowanie niemieckiej fabryki w Kolonii, kt\u00f3ra w czasie wojny (mimo \u017ce jako jedyny &#8222;zachodni&#8221; zak\u0142ad nie zosta\u0142a znacjonalizowana przez III Rzesz\u0119) wytwarza\u0142a ci\u0119\u017car\u00f3wki &#8211; model 3000S &#8211; g\u0142\u00f3wnie na potrzeby Wehrmachtu!<\/p>\n<p>Co ciekawe, sprawa sko\u0144czy\u0142a si\u0119 wyp\u0142aceniem koncernowi Ford przez rz\u0105d Stan\u00f3w Zjednoczonych 10 miliard\u00f3w dolar\u00f3w rekompensaty&#8230;<\/p>\n<p>interia.pl<\/p>\n","protected":false},"excerpt":{"rendered":"<p>Rz\u0105d francuski znalaz\u0142 si\u0119 w\u0142a\u015bnie w bardzo k\u0142opotliwej sytuacji. Je\u015bli przegra wytoczony mu proces, pa\u0144stwo b\u0119dzie musia\u0142o wyp\u0142aci\u0107 miliardowe odszkodowania. Wczoraj, przed s\u0105dem w Pary\u017cu, siedmioro wnuk\u00f3w jednego z za\u0142o\u017cycieli koncernu Renault &#8211; Louisa Renault &#8211; domaga\u0142o si\u0119 podwa\u017cenia &#8211; ich zdaniem &#8211; bezprawnej decyzji rz\u0105du tymczasowego z 16 stycznia 1945 roku, w wyniku kt\u00f3rej [&hellip;]<\/p>\n","protected":false},"author":2,"featured_media":0,"comment_status":"open","ping_status":"open","sticky":false,"template":"","format":"standard","meta":{"footnotes":""},"categories":[8],"tags":[12],"class_list":["post-1394","post","type-post","status-publish","format-standard","hentry","category-aktualnosci","tag-odszkodowanie"],"_links":{"self":[{"href":"https:\/\/www.odszkodowania.info.pl\/index.php?rest_route=\/wp\/v2\/posts\/1394","targetHints":{"allow":["GET"]}}],"collection":[{"href":"https:\/\/www.odszkodowania.info.pl\/index.php?rest_route=\/wp\/v2\/posts"}],"about":[{"href":"https:\/\/www.odszkodowania.info.pl\/index.php?rest_route=\/wp\/v2\/types\/post"}],"author":[{"embeddable":true,"href":"https:\/\/www.odszkodowania.info.pl\/index.php?rest_route=\/wp\/v2\/users\/2"}],"replies":[{"embeddable":true,"href":"https:\/\/www.odszkodowania.info.pl\/index.php?rest_route=%2Fwp%2Fv2%2Fcomments&post=1394"}],"version-history":[{"count":1,"href":"https:\/\/www.odszkodowania.info.pl\/index.php?rest_route=\/wp\/v2\/posts\/1394\/revisions"}],"predecessor-version":[{"id":1395,"href":"https:\/\/www.odszkodowania.info.pl\/index.php?rest_route=\/wp\/v2\/posts\/1394\/revisions\/1395"}],"wp:attachment":[{"href":"https:\/\/www.odszkodowania.info.pl\/index.php?rest_route=%2Fwp%2Fv2%2Fmedia&parent=1394"}],"wp:term":[{"taxonomy":"category","embeddable":true,"href":"https:\/\/www.odszkodowania.info.pl\/index.php?rest_route=%2Fwp%2Fv2%2Fcategories&post=1394"},{"taxonomy":"post_tag","embeddable":true,"href":"https:\/\/www.odszkodowania.info.pl\/index.php?rest_route=%2Fwp%2Fv2%2Ftags&post=1394"}],"curies":[{"name":"wp","href":"https:\/\/api.w.org\/{rel}","templated":true}]}}