{"id":1404,"date":"2011-12-21T15:27:30","date_gmt":"2011-12-21T14:27:30","guid":{"rendered":"http:\/\/www.odszkodowania.info.pl\/?p=1404"},"modified":"2011-12-21T15:29:51","modified_gmt":"2011-12-21T14:29:51","slug":"bedzie-odszkodowanie-od-kreta","status":"publish","type":"post","link":"https:\/\/www.odszkodowania.info.pl\/?p=1404","title":{"rendered":"B\u0119dzie odszkodowanie od KRETa?"},"content":{"rendered":"<p>W dniu jutrzejszym przed S\u0105dem Okr\u0119gowym w Szczecinie rozpocznie si\u0119 proces przeciwko producentowi \u015brodka chemicznego KRET o zap\u0142at\u0119 zado\u015b\u0107uczynienia w zwi\u0105zku z poparzeniem jakiemu uleg\u0142o dziecko w jednym z market\u00f3w spo\u017cywczych w Stargardzie Szczeci\u0144skim. Przypomnijmy, i\u017c zdarzenie mia\u0142o miejsce w kwietniu 2010 roku, trzyletni w\u00f3wczas Adrian by\u0142 z rodzicami na zakupach, dziecko bez najmniejszego problemu otworzy\u0142o \u201ebezpieczn\u0105\u201d zakr\u0119tk\u0119 produktu KRET i zjad\u0142o \u017cr\u0105ce granulki. W wyniku tego zdarzenia, dziecko odnios\u0142o bardzo powa\u017cne obra\u017cenia wewn\u0119trzne prze\u0142yku, j\u0119zyka i wargi. Konieczna by\u0142a rekonstrukcja niekt\u00f3rych narz\u0105d\u00f3w, do dnia dzisiejszego dziecko wymaga leczenia i rehabilitacji. Pomimo wielokrotnych wezwa\u0144 ze strony sp\u00f3\u0142ki MARSHAL reprezentuj\u0105cych poszkodowanych, ani producent KRETa ani ubezpieczyciel nie podj\u0119li merytorycznej dyskusji na temat swojej odpowiedzialno\u015bci i ewentualnej naprawie szkody. Zapowiada si\u0119 d\u0142ugi i kosztowny proces, kt\u00f3ry mamy nadziej\u0119 doprowadzi do wyja\u015bnienia sprawy i uznania odpowiedzialno\u015bci producenta za \u201ebezpieczne\u201d nakr\u0119tki. Szczeg\u00f3lnie, i\u017c w kolejce czekaj\u0105 rodzinny innych poszkodowanych dzieci, kt\u00f3re tak\u017ce bez problemu otworzy\u0142y \u201ebezpieczne\u201d zakr\u0119tki KRETa.<\/p>\n<figure style=\"width: 448px\" class=\"wp-caption alignnone\"><img fetchpriority=\"high\" decoding=\"async\" class=\" \" title=\"2,5-letni Adrian na oddziale intensywnej terapii szpitala dzieci\u0119cego przy ul. Wojciecha w Szczecinie\" src=\"http:\/\/bi.gazeta.pl\/im\/1\/7816\/z7816781X.jpg\" alt=\"2,5-letni Adrian na oddziale intensywnej terapii szpitala dzieci\u0119cego przy ul. Wojciecha w Szczecinie\" width=\"448\" height=\"300\" \/><figcaption class=\"wp-caption-text\">2,5-letni Adrian na oddziale intensywnej terapii szpitala dzieci\u0119cego przy ul. Wojciecha w Szczecinie<\/figcaption><\/figure>\n","protected":false},"excerpt":{"rendered":"<p>W dniu jutrzejszym przed S\u0105dem Okr\u0119gowym w Szczecinie rozpocznie si\u0119 proces przeciwko producentowi \u015brodka chemicznego KRET o zap\u0142at\u0119 zado\u015b\u0107uczynienia w zwi\u0105zku z poparzeniem jakiemu uleg\u0142o dziecko w jednym z market\u00f3w spo\u017cywczych w Stargardzie Szczeci\u0144skim. Przypomnijmy, i\u017c zdarzenie mia\u0142o miejsce w kwietniu 2010 roku, trzyletni w\u00f3wczas Adrian by\u0142 z rodzicami na zakupach, dziecko bez najmniejszego problemu [&hellip;]<\/p>\n","protected":false},"author":2,"featured_media":0,"comment_status":"open","ping_status":"open","sticky":false,"template":"","format":"standard","meta":{"footnotes":""},"categories":[8,45],"tags":[11,12,13],"class_list":["post-1404","post","type-post","status-publish","format-standard","hentry","category-aktualnosci","category-artykul-glowny","tag-marshal","tag-odszkodowanie","tag-zadoscuczynienie"],"_links":{"self":[{"href":"https:\/\/www.odszkodowania.info.pl\/index.php?rest_route=\/wp\/v2\/posts\/1404","targetHints":{"allow":["GET"]}}],"collection":[{"href":"https:\/\/www.odszkodowania.info.pl\/index.php?rest_route=\/wp\/v2\/posts"}],"about":[{"href":"https:\/\/www.odszkodowania.info.pl\/index.php?rest_route=\/wp\/v2\/types\/post"}],"author":[{"embeddable":true,"href":"https:\/\/www.odszkodowania.info.pl\/index.php?rest_route=\/wp\/v2\/users\/2"}],"replies":[{"embeddable":true,"href":"https:\/\/www.odszkodowania.info.pl\/index.php?rest_route=%2Fwp%2Fv2%2Fcomments&post=1404"}],"version-history":[{"count":4,"href":"https:\/\/www.odszkodowania.info.pl\/index.php?rest_route=\/wp\/v2\/posts\/1404\/revisions"}],"predecessor-version":[{"id":1408,"href":"https:\/\/www.odszkodowania.info.pl\/index.php?rest_route=\/wp\/v2\/posts\/1404\/revisions\/1408"}],"wp:attachment":[{"href":"https:\/\/www.odszkodowania.info.pl\/index.php?rest_route=%2Fwp%2Fv2%2Fmedia&parent=1404"}],"wp:term":[{"taxonomy":"category","embeddable":true,"href":"https:\/\/www.odszkodowania.info.pl\/index.php?rest_route=%2Fwp%2Fv2%2Fcategories&post=1404"},{"taxonomy":"post_tag","embeddable":true,"href":"https:\/\/www.odszkodowania.info.pl\/index.php?rest_route=%2Fwp%2Fv2%2Ftags&post=1404"}],"curies":[{"name":"wp","href":"https:\/\/api.w.org\/{rel}","templated":true}]}}