{"id":1412,"date":"2011-12-27T18:48:45","date_gmt":"2011-12-27T17:48:45","guid":{"rendered":"http:\/\/www.odszkodowania.info.pl\/?p=1412"},"modified":"2011-12-27T18:48:45","modified_gmt":"2011-12-27T17:48:45","slug":"dziecko-poparzone-kretem-rodzice-chca-co-najmniej-100-tys-zl","status":"publish","type":"post","link":"https:\/\/www.odszkodowania.info.pl\/?p=1412","title":{"rendered":"Dziecko poparzone Kretem. Rodzice chc\u0105 co najmniej 100 tys. z\u0142"},"content":{"rendered":"<p><strong>Rodzice ch\u0142opca, kt\u00f3ry w kwietniu 2010 r. zjad\u0142 w sklepie Netto granulki Kreta, przepalaj\u0105c sobie prze\u0142yk, chc\u0105 100 tys. z\u0142 odszkodowania od producenta. &#8211; To zaniedbania rodzic\u00f3w s\u0105 przyczyn\u0105 nieszcz\u0119\u015bcia &#8211; twierdzi koncern Global Pollena<\/strong><\/p>\n<p>W czwartek w szczeci\u0144skim s\u0105dzie okr\u0119gowym ruszy\u0142 cywilny proces w tej g\u0142o\u015bnej sprawie (wcze\u015bniej prokuratura umorzy\u0142a \u015bledztwo, uznaj\u0105c, \u017ce to nieszcz\u0119\u015bliwy wypadek, a nie przest\u0119pstwo).\u00a0 9 kwietnia 2010 r. 2,5-letni ch\u0142opiec b\u0119d\u0105cy z rodzicami na zakupach w sklepie Netto w Stargardzie Szczeci\u0144skim zjad\u0142 silnie toksyczne granulki \u015brodka do udra\u017cniania rur. Wcze\u015bniej bez problem\u00f3w upora\u0142 si\u0119 z nakr\u0119tk\u0105 (cho\u0107 ten \u015brodek ma tzw. bezpieczne zamkni\u0119cie).<\/p>\n<p>Adrian O. trafi\u0142 na Oddzia\u0142 Intensywnej Terapii szpitala przy ul. Wojciecha w Szczecinie z poparzeniami 3\/4 obwodu prze\u0142yku, \u017co\u0142\u0105dka, ust i j\u0119zyka. Bardzo cierpia\u0142. Pocz\u0105tkowo by\u0142 utrzymywany w tzw. \u015bpi\u0105czce farmakologicznej. Jego leczenie trwa do dzisiaj.<\/p>\n<p>Dlatego w\u0142a\u015bnie rodzice domagaj\u0105 si\u0119 100 tys. z\u0142 od producenta Kreta, czyli firmy Global Pollena SA. Uwa\u017caj\u0105, \u017ce winny jest koncern, bo &#8211; wed\u0142ug nich &#8211; butelka nie mia\u0142a odpowiedniego zabezpieczenia.<\/p>\n<p>Przedstawiciele Polleny odpieraj\u0105 zarzuty, przypominaj\u0105c, \u017ce butelka posiada stosowny certyfikat (zgodnie z polskimi normami jest on przyznawany po testach, w kt\u00f3rych uczestnicz\u0105 dzieci; je\u015bli 95 procent nie poradzi sobie z zamkni\u0119ciem, jest ono uznawane za bezpieczne). Ponadto ju\u017c po tragedii sanepid przeprowadzi\u0142 w Pollenie kontrol\u0119, kt\u00f3ra nie wykaza\u0142a, aby butelki z Kretem by\u0142y niebezpieczne.<\/p>\n<p>&#8211; Na razie domagamy si\u0119 100 tys. z\u0142, nie wykluczamy, \u017ce ta kwota mo\u017ce by\u0107 wi\u0119ksza &#8211; m\u00f3wi\u0142 w czwartek s\u0105dzie mecenas Szymon Matusiak, adwokat reprezentuj\u0105cy rodzin\u0119 O. &#8211; Nie wiemy, jak d\u0142ugo jeszcze potrwa leczenie Adriana.<\/p>\n<p>Pe\u0142nomocnik Polleny, radca prawny S\u0142awomir Mi\u0119tka chcia\u0142, aby sprawa przebiega\u0142a za zamkni\u0119tymi drzwiami, ale s\u0105d si\u0119 na to nie zgodzi\u0142.<\/p>\n<p>Jako \u015bwiadek zeznawa\u0142a ordynatorka pediatrii ze szpitala przy ul. Wojciecha w Szczecinie.<\/p>\n<p>&#8211; Ostatni raz widzia\u0142am Adriana w styczniu &#8211; m\u00f3wi\u0142a. &#8211; Wtedy by\u0142 wydolny kr\u0105\u017ceniowo i oddechowo, sam przyjmowa\u0142 pokarmy. Mia\u0142 jednak zdeformowan\u0105 twarz i jam\u0119 ustn\u0105. Wymaga\u0142 operacji plastycznych i rehabilitacji. Poza tym by\u0142 op\u00f3\u017aniony w rozwoju psychicznym, ch\u0142opiec wypowiada\u0142 tylko pojedyncze s\u0142owa [to ma zwi\u0105zek z rozpoznan\u0105 w szpitalu niedoczynno\u015bci\u0105 tarczycy, a nie wypadkiem &#8211; red.].<\/p>\n<p>Pe\u0142nomocnik firmy Global Pollena S.A. zacytowa\u0142 szpitalne akta. Wynika z nich, \u017ce rodzice Adriana nie zg\u0142aszali si\u0119 na rehabilitacj\u0119, a dziecko by\u0142o brudne i zaniedbane. Lekarka przyzna\u0142a, \u017ce szpital nie ma z nimi kontaktu. A tak\u017ce, \u017ce koncern z w\u0142asnej woli najpierw finansowa\u0142 pobyt rodzic\u00f3w Adriana w szpitalu, a potem kupi\u0142 sprz\u0119t niezb\u0119dny do jego rehabilitacji (Pollena p\u0142aci\u0142a te\u017c za przejazdy do Krakowa na operacje).<\/p>\n<p>W s\u0105dzie przes\u0142uchiwany by\u0142 te\u017c lekarz prowadz\u0105cy Adriana.<\/p>\n<p>&#8211; Ze wzgl\u0119du na charakter obra\u017ce\u0144, Adrian powinien by\u0107 pod nasz\u0105 kontrol\u0105, ale nie mamy kontaktu z jego rodzicami &#8211; przyzna\u0142. &#8211; Systematyczna rehabilitacja prowadzona tak\u017ce w domu mo\u017ce usun\u0105\u0107 nawet 75 proc. skutk\u00f3w tego wypadku.<\/p>\n<p>Na nast\u0119pnych rozprawach b\u0119d\u0105 przes\u0142uchiwani biegli.<\/p>\n<figure style=\"width: 512px\" class=\"wp-caption alignnone\"><img fetchpriority=\"high\" decoding=\"async\" class=\" \" title=\"Mecenas Szymon Matusiak, adwokat reprezentuj\u0105cy rodzin\u0119 O., oraz Maciej Kwiecie\u0144, przedstawiciel firmy Marshal, kt\u00f3ra pomaga im w walce o odszkodowanie\" src=\"http:\/\/bi.gazeta.pl\/im\/3\/10862\/z10862963X.jpg\" alt=\"Mecenas Szymon Matusiak, adwokat reprezentuj\u0105cy rodzin\u0119 O., oraz Maciej Kwiecie\u0144, przedstawiciel firmy Marshal, kt\u00f3ra pomaga im w walce o odszkodowanie\" width=\"512\" height=\"350\" \/><figcaption class=\"wp-caption-text\">Mecenas Szymon Matusiak, adwokat reprezentuj\u0105cy rodzin\u0119 O., oraz Maciej Kwiecie\u0144, przedstawiciel firmy Marshal, kt\u00f3ra pomaga im w walce o odszkodowanie<\/figcaption><\/figure>\n<p><a title=\"http:\/\/m.wiadomosci.gazeta.pl\/wiadomosci\/1,117915,10863355,Dziecko_poparzone_Kretem__Rodzice_chca_100_tys__zl.html\" href=\"http:\/\/m.wiadomosci.gazeta.pl\/wiadomosci\/1,117915,10863355,Dziecko_poparzone_Kretem__Rodzice_chca_100_tys__zl.html\" target=\"_blank\">http:\/\/m.wiadomosci.gazeta.pl\/wiadomosci\/1,117915,10863355,Dziecko_poparzone_Kretem__Rodzice_chca_100_tys__zl.html<\/a><\/p>\n","protected":false},"excerpt":{"rendered":"<p>Rodzice ch\u0142opca, kt\u00f3ry w kwietniu 2010 r. zjad\u0142 w sklepie Netto granulki Kreta, przepalaj\u0105c sobie prze\u0142yk, chc\u0105 100 tys. z\u0142 odszkodowania od producenta. &#8211; To zaniedbania rodzic\u00f3w s\u0105 przyczyn\u0105 nieszcz\u0119\u015bcia &#8211; twierdzi koncern Global Pollena W czwartek w szczeci\u0144skim s\u0105dzie okr\u0119gowym ruszy\u0142 cywilny proces w tej g\u0142o\u015bnej sprawie (wcze\u015bniej prokuratura umorzy\u0142a \u015bledztwo, uznaj\u0105c, \u017ce to [&hellip;]<\/p>\n","protected":false},"author":2,"featured_media":0,"comment_status":"open","ping_status":"open","sticky":false,"template":"","format":"standard","meta":{"footnotes":""},"categories":[8],"tags":[11,12,13],"class_list":["post-1412","post","type-post","status-publish","format-standard","hentry","category-aktualnosci","tag-marshal","tag-odszkodowanie","tag-zadoscuczynienie"],"_links":{"self":[{"href":"https:\/\/www.odszkodowania.info.pl\/index.php?rest_route=\/wp\/v2\/posts\/1412","targetHints":{"allow":["GET"]}}],"collection":[{"href":"https:\/\/www.odszkodowania.info.pl\/index.php?rest_route=\/wp\/v2\/posts"}],"about":[{"href":"https:\/\/www.odszkodowania.info.pl\/index.php?rest_route=\/wp\/v2\/types\/post"}],"author":[{"embeddable":true,"href":"https:\/\/www.odszkodowania.info.pl\/index.php?rest_route=\/wp\/v2\/users\/2"}],"replies":[{"embeddable":true,"href":"https:\/\/www.odszkodowania.info.pl\/index.php?rest_route=%2Fwp%2Fv2%2Fcomments&post=1412"}],"version-history":[{"count":1,"href":"https:\/\/www.odszkodowania.info.pl\/index.php?rest_route=\/wp\/v2\/posts\/1412\/revisions"}],"predecessor-version":[{"id":1413,"href":"https:\/\/www.odszkodowania.info.pl\/index.php?rest_route=\/wp\/v2\/posts\/1412\/revisions\/1413"}],"wp:attachment":[{"href":"https:\/\/www.odszkodowania.info.pl\/index.php?rest_route=%2Fwp%2Fv2%2Fmedia&parent=1412"}],"wp:term":[{"taxonomy":"category","embeddable":true,"href":"https:\/\/www.odszkodowania.info.pl\/index.php?rest_route=%2Fwp%2Fv2%2Fcategories&post=1412"},{"taxonomy":"post_tag","embeddable":true,"href":"https:\/\/www.odszkodowania.info.pl\/index.php?rest_route=%2Fwp%2Fv2%2Ftags&post=1412"}],"curies":[{"name":"wp","href":"https:\/\/api.w.org\/{rel}","templated":true}]}}