{"id":1414,"date":"2011-12-27T20:16:10","date_gmt":"2011-12-27T19:16:10","guid":{"rendered":"http:\/\/www.odszkodowania.info.pl\/?p=1414"},"modified":"2011-12-27T20:16:10","modified_gmt":"2011-12-27T19:16:10","slug":"sad-ok-15-mln-zl-dla-zolnierza-chorego-na-sepse","status":"publish","type":"post","link":"https:\/\/www.odszkodowania.info.pl\/?p=1414","title":{"rendered":"S\u0105d: Ok. 1,5 mln z\u0142 dla \u017co\u0142nierza chorego na seps\u0119"},"content":{"rendered":"<p><strong>Ok. 1,5 mln z\u0142 otrzyma od Skarbu Pa\u0144stwa b. \u017co\u0142nierz z jednostki w Skwierzynie (woj. lubuskie), kt\u00f3ry w wyniku zaka\u017cenia zachorowa\u0142 na seps\u0119 i straci\u0142 obie nogi &#8211; zdecydowa\u0142 w czwartek S\u0105d Apelacyjny w Szczecinie. Wyrok s\u0105du jest prawomocny; przys\u0142uguje od niego jedynie kasacja. Podczas og\u0142aszania wyroku strony nie by\u0142y obecne.<\/strong><\/p>\n<p>M\u0119\u017cczyzna jest jednym z czterech \u017co\u0142nierzy z 61. Brygady Rakietowej Obrony Powietrznej w Skwierzynie, kt\u00f3rzy w marcu 2006 r. roku zachorowali na seps\u0119.<\/p>\n<h3><strong>Straci\u0142 obie nogi<\/strong><\/h3>\n<p>21-letni w\u00f3wczas \u017co\u0142nierz w wyniku choroby straci\u0142 obie nogi. Domaga\u0142 si\u0119 od wojska m.in. jednego miliona z\u0142 zado\u015b\u0107uczynienia.<\/p>\n<p>S\u0105d Okr\u0119gowy w Gorzowie Wielkopolskim przyzna\u0142 w kwietniu b. \u017co\u0142nierzowi 500 tys. z\u0142 odszkodowania. Od tej decyzji m\u0119\u017cczyzna si\u0119 odwo\u0142a\u0142. Od wyroku odwo\u0142a\u0142 si\u0119 tak\u017ce pozwany, czyli Skarb Pa\u0144stwa.<\/p>\n<p>S\u0105d Apelacyjny w Szczecinie, podzielaj\u0105c ustalenia s\u0105du ni\u017cszej instancji, zas\u0105dzi\u0142 jednak od Skarbu Pa\u0144stwa dodatkowe 500 tys. z\u0142, czyli razem jeden milion z\u0142 zado\u015b\u0107uczynienia. Utrzyma\u0142 w mocy wyrok zas\u0105dzaj\u0105cy niemal 8 tys. z\u0142 na protezy, 6,5 tys. z\u0142 zwrotu koszt\u00f3w leczenia oraz 1,5 tys. z\u0142 renty miesi\u0119cznej. \u0141\u0105cznie by\u0142y \u017co\u0142nierz wraz z odsetkami ma otrzyma\u0107 ok. 1,5 mln z\u0142.<\/p>\n<h3><strong>Pozwanemu mo\u017cna przypisa\u0107 win\u0119<\/strong><\/h3>\n<p>Szczeci\u0144ski s\u0105d zaakceptowa\u0142 ustalenia s\u0105du okr\u0119gowego jednak, w przeciwie\u0144stwie do s\u0105du okr\u0119gowego, uzna\u0142, \u017ce pozwanemu, czyli jednostce wojskowej, mo\u017cna przypisa\u0107 win\u0119.<\/p>\n<p>&#8211; Powo\u0142ywanie obywatela do zasadniczej s\u0142u\u017cby wojskowej by\u0142o ewidentnie zwi\u0105zane z imperium pa\u0144stwa, a nie jego dominium, czyli przejawem w\u0142adzy pa\u0144stwowej nad obywatelem, a nie zarz\u0105dzaniem maj\u0105tkiem nale\u017c\u0105cym do Skarbu Pa\u0144stwa. Ka\u017cdy \u017co\u0142nierz zasadniczej s\u0142u\u017cby mia\u0142 wi\u0119c prawo do opieki medycznej, a powo\u0142uj\u0105cy go, czyli Skarb Pa\u0144stwa, mia\u0142 obowi\u0105zek tak\u0105 opiek\u0119 zapewni\u0107 &#8211; argumentowa\u0142 s\u0105d.<\/p>\n<h3><strong>\u017bo\u0142nierzowi nie zapewniono ochrony<\/strong><\/h3>\n<p>Jak doda\u0142, choremu \u017co\u0142nierzowi takiej ochrony nie zapewniono, mimo \u017ce w jednostce w Skwierzynie by\u0142a izba chorych, pracowa\u0142a piel\u0119gniarka. Mo\u017cna przyj\u0105\u0107, \u017ce zawinienie dotyczy\u0142o niedochowania staranno\u015bci &#8211; zaznaczy\u0142.<\/p>\n<p>S\u0105d przypomnia\u0142, \u017ce m\u0142ody m\u0119\u017cczyzna zemdla\u0142 w trakcie \u0107wicze\u0144 w jednostce, mia\u0142 podwy\u017cszon\u0105 temperatur\u0119, jednak \u017caden z funkcjonariuszy nie uzna\u0142 za stosowne monitorowa\u0107 jego zdrowie. Zosta\u0142 pozostawiony sam sobie. Gdyby przebywa\u0142 w\u00f3wczas w warunkach cywilnych m\u00f3g\u0142by np. liczy\u0107 na pomoc os\u00f3b najbli\u017cszych. W jednostce nie mia\u0142 takich mo\u017cliwo\u015bci. Pow\u00f3d powinien pozosta\u0107 w izbie chorych na obserwacji &#8211; podkre\u015bli\u0142 s\u0105d. Gdyby tak si\u0119 sta\u0142o, pomoc zosta\u0142aby udzielona znacznie szybciej, a skutki zaka\u017cenia by\u0142yby mniejsze.<\/p>\n<h3><strong>Kwota odpowiada wysoko\u015bci krzywdy<\/strong><\/h3>\n<p>S\u0105d doda\u0142, \u017ce zas\u0105dzona kwota odszkodowania, bior\u0105c pod uwag\u0119 utrat\u0119 obu n\u00f3g i bliznowce, kt\u00f3re pokrywaj\u0105 ok. 50 proc. powierzchni cia\u0142a m\u0119\u017cczyzny oraz fakt, \u017ce by\u0142 on wcze\u015bniej ca\u0142kowicie zdrowy, jest adekwatna i odpowiada wysoko\u015bci krzywdy, jakiej dozna\u0142 i b\u0119dzie doznawa\u0107 przez ca\u0142e \u017cycie.<\/p>\n<p>Zdaniem s\u0105du, pow\u00f3d nie tylko utraci\u0142 mo\u017cliwo\u015bci zarabiania, ale tak\u017ce rado\u015b\u0107 \u017cycia i perspektywy na przysz\u0142o\u015b\u0107.<\/p>\n<p>Wcze\u015bniej toczy\u0142y si\u0119 tak\u017ce post\u0119powania karne przeciwko funkcjonariuszom jednostki, lekarzowi, piel\u0119gniarce, dow\u00f3dcy jednostki. Wszystkie umorzono.<\/p>\n<p>PAP<\/p>\n","protected":false},"excerpt":{"rendered":"<p>Ok. 1,5 mln z\u0142 otrzyma od Skarbu Pa\u0144stwa b. \u017co\u0142nierz z jednostki w Skwierzynie (woj. lubuskie), kt\u00f3ry w wyniku zaka\u017cenia zachorowa\u0142 na seps\u0119 i straci\u0142 obie nogi &#8211; zdecydowa\u0142 w czwartek S\u0105d Apelacyjny w Szczecinie. Wyrok s\u0105du jest prawomocny; przys\u0142uguje od niego jedynie kasacja. Podczas og\u0142aszania wyroku strony nie by\u0142y obecne. M\u0119\u017cczyzna jest jednym z [&hellip;]<\/p>\n","protected":false},"author":2,"featured_media":0,"comment_status":"open","ping_status":"open","sticky":false,"template":"","format":"standard","meta":{"footnotes":""},"categories":[8],"tags":[11,12,13],"class_list":["post-1414","post","type-post","status-publish","format-standard","hentry","category-aktualnosci","tag-marshal","tag-odszkodowanie","tag-zadoscuczynienie"],"_links":{"self":[{"href":"https:\/\/www.odszkodowania.info.pl\/index.php?rest_route=\/wp\/v2\/posts\/1414","targetHints":{"allow":["GET"]}}],"collection":[{"href":"https:\/\/www.odszkodowania.info.pl\/index.php?rest_route=\/wp\/v2\/posts"}],"about":[{"href":"https:\/\/www.odszkodowania.info.pl\/index.php?rest_route=\/wp\/v2\/types\/post"}],"author":[{"embeddable":true,"href":"https:\/\/www.odszkodowania.info.pl\/index.php?rest_route=\/wp\/v2\/users\/2"}],"replies":[{"embeddable":true,"href":"https:\/\/www.odszkodowania.info.pl\/index.php?rest_route=%2Fwp%2Fv2%2Fcomments&post=1414"}],"version-history":[{"count":1,"href":"https:\/\/www.odszkodowania.info.pl\/index.php?rest_route=\/wp\/v2\/posts\/1414\/revisions"}],"predecessor-version":[{"id":1415,"href":"https:\/\/www.odszkodowania.info.pl\/index.php?rest_route=\/wp\/v2\/posts\/1414\/revisions\/1415"}],"wp:attachment":[{"href":"https:\/\/www.odszkodowania.info.pl\/index.php?rest_route=%2Fwp%2Fv2%2Fmedia&parent=1414"}],"wp:term":[{"taxonomy":"category","embeddable":true,"href":"https:\/\/www.odszkodowania.info.pl\/index.php?rest_route=%2Fwp%2Fv2%2Fcategories&post=1414"},{"taxonomy":"post_tag","embeddable":true,"href":"https:\/\/www.odszkodowania.info.pl\/index.php?rest_route=%2Fwp%2Fv2%2Ftags&post=1414"}],"curies":[{"name":"wp","href":"https:\/\/api.w.org\/{rel}","templated":true}]}}