{"id":1424,"date":"2012-01-11T10:17:58","date_gmt":"2012-01-11T09:17:58","guid":{"rendered":"http:\/\/www.odszkodowania.info.pl\/?p=1424"},"modified":"2012-01-11T10:17:58","modified_gmt":"2012-01-11T09:17:58","slug":"800-zl-za-dzien-za-kratami-to-byl-szok","status":"publish","type":"post","link":"https:\/\/www.odszkodowania.info.pl\/?p=1424","title":{"rendered":"800 z\u0142 za dzie\u0144 za kratami. &#8222;To by\u0142 szok&#8221;"},"content":{"rendered":"<p>12 tysi\u0119cy z\u0142 zado\u015b\u0107uczynienia dostanie od pa\u0144stwa Andrzej M. z M\u0119drzyc pod Grudzi\u0105dzem za to, \u017ce przez b\u0142\u0105d, m.in. policji, zosta\u0142 wtr\u0105cony na 15 dni do wi\u0119zienia zamiast brata. M\u0119\u017cczyzna \u017c\u0105da\u0142 150 tys. z\u0142<br \/>\n&#8211; Nie spodziewa\u0142em si\u0119 a\u017c takiej kwoty, ale 12 tys. z\u0142 te\u017c nie. To za ma\u0142o, b\u0119d\u0119 si\u0119 odwo\u0142ywa\u0142 &#8211; komentowa\u0142 po wyroku w toru\u0144skim s\u0105dzie okr\u0119gowym 56-letni technik mechanizacji rolnictwa. &#8211; Pobyt w wi\u0119zieniu zszarga\u0142 mi opini\u0119, bo M\u0119drzyce to ma\u0142a wie\u015b, nie m\u00f3wi\u0105c o zdrowiu. To by\u0142 dla mnie szok. Do dzi\u015b, gdy o tym my\u015bl\u0119, jestem nerwowy.<\/p>\n<p>Traum\u0119 wzmog\u0142o to, \u017ce M. nigdy wcze\u015bniej nie mia\u0142 do czynienia z wymiarem sprawiedliwo\u015bci. Wi\u00f3d\u0142 spokojne \u017cycie, a\u017c tu 3 czerwca 2009 r. do drzwi jego mieszkania zapuka\u0142o dw\u00f3ch policjant\u00f3w i o\u015bwiadczy\u0142o, \u017ce zabieraj\u0105 go, bo rozes\u0142ano za nim list go\u0144czy. &#8211; Powtarza\u0142em, \u017ce jestem niewinny, \u017ce to nieporozumienie, pyta\u0142em, o co chodzi, ale nikt niczego mi nie wyja\u015bni\u0142. To co czu\u0142em jest nie do opisania &#8211; wspomina\u0142 w s\u0105dzie.<\/p>\n<p>Jakie\u015b cztery godziny p\u00f3\u017aniej siedzia\u0142 ju\u017c celi Zak\u0142adu Karnego nr 2 w Grudzi\u0105dzu z pi\u0119cioma przest\u0119pcami. &#8211; Jeden trafi\u0142 tam za kradzie\u017ce, drugi za wy\u0142udzenia, trzeci za pobicia i napady, a pozostali za alimenty &#8211; opowiada\u0142 Andrzej M. &#8211; Nigdy nie mia\u0142em styczno\u015bci z takimi lud\u017ami. Dogadywali mi i \u015bmiali si\u0119, gdy m\u00f3wi\u0142em, \u017ce jestem w\u015br\u00f3d nich nies\u0142usznie.<\/p>\n<p>Przechodz\u0105c przez bram\u0119 wi\u0119zienia dowiedzia\u0142 si\u0119, \u017ce idzie do niego za kradzie\u017c w Biedronce w Toruniu w lipcu 2007 r. Nie pomog\u0142o pewne alibi. &#8211; T\u0142umaczy\u0142em, \u017ce to niemo\u017cliwe, bo w tym czasie pracowa\u0142em w Gda\u0144sku, gdzie mia\u0142em meldunek. W Toruniu wtedy nie by\u0142em. Dali mi kubek, szczotk\u0119 i zaprowadzili do celi. Stra\u017cnik poradzi\u0142, abym porozmawia\u0142 z dyrektorem, nic to nie da\u0142o. Powiedzia\u0142, \u017ce musz\u0119 odby\u0107 kar\u0119 i dopiero wtedy mog\u0119 wyja\u015bnia\u0107 spraw\u0119. Czu\u0142em si\u0119 kompletnie bezsilny, \u017ce nie mog\u0119 nikomu skutecznie wyt\u0142umaczy\u0107, \u017ce jestem niewinny &#8211; odtwarza\u0142 na sali rozpraw przykre chwile m\u0119\u017cczyzna.<\/p>\n<p>Szcz\u0119\u015bliwie do odsiadki by\u0142o jedynie nieco ponad dwa tygodnie. Andrzej M. rozliczy\u0142 si\u0119 z ZK co do dnia, a po odzyskaniu wolno\u015bci najpierw poszed\u0142 do lekarza, a p\u00f3\u017aniej radcy prawnego. Po kilku miesi\u0105cach ustalili, \u017ce trafi\u0142 za kraty zamiast starszego brata Jana. Nie\u017cyj\u0105cy ju\u017c dzi\u015b m\u0119\u017cczyzna nie utrzymywa\u0142 z nim kontaktu od lat, ale gdy w 2007 r. wpad\u0142 w Biedronce, gdzie ukrad\u0142 troch\u0119 jedzenia za niespe\u0142na 17 z\u0142, wyrecytowa\u0142 policjantom dane Andrzeja M. &#8211; wraz z imionami rodzic\u00f3w i nazwiskiem rodowym matki. B\u0142\u0105d funkcjonariuszy polega\u0142 na tym, \u017ce uwierzyli mu na s\u0142owo, Jan M. nie mia\u0142 bowiem dokument\u00f3w.<\/p>\n<p>Tak ruszy\u0142a machina, kt\u00f3ra zawiod\u0142a 56-latka do wi\u0119zienia. Ale nie od razu. Najpierw w sierpniu 2007 r. s\u0105d skaza\u0142 go na miesi\u0105c rob\u00f3t spo\u0142ecznych &#8211; bez udzia\u0142u Andrzeja M., bo spo\u015br\u00f3d danych, jakie poda\u0142 policjantom jego brat, jedynym fa\u0142szywym tropem by\u0142 toru\u0144ski adres. Mieszkaniec M\u0119drzyc nie m\u00f3g\u0142 odebra\u0107 tak kierowanej do niego korespondencji i w ten spos\u00f3b nigdy nie dowiedzia\u0142 si\u0119, \u017ce ma spraw\u0119 w toku. Kiedy nie zg\u0142osi\u0142 si\u0119, by odpracowa\u0107 kar\u0119, w lutym 2008 r. s\u0105d zamieni\u0142 mu j\u0105 na 15 dni aresztu. Co by\u0142o dalej &#8211; wiadomo. Dodajmy tylko, \u017ce gdy pomy\u0142ka wysz\u0142a na jaw, Andrzej M. zosta\u0142 w marcu 2010 r. uniewinniony od kradzie\u017cy w Biedronce.<\/p>\n<p>Nast\u0119pnym krokiem by\u0142o przyznanie mu zado\u015b\u0107uczynienia. To, \u017ce si\u0119 ono nale\u017cy, by\u0142o oczywiste, kwesti\u0105 sporn\u0105 by\u0142a wysoko\u015b\u0107, bo tego typu krzywda jest niewymierna. 150 tys. z\u0142, jakich domaga\u0142 si\u0119 Andrzej M., by\u0142o jednak kwot\u0105 wyg\u00f3rowan\u0105 tak dla prokuratury, jak i dla s\u0105du. &#8211; Taki wyrok by\u0142by ra\u017c\u0105co niesprawiedliwy. W 40 ostatnich orzeczeniach w tego typu sprawach w kraju przyznawano maksymalnie 30-40 tys. z\u0142, i to w przypadkach, gdy kto\u015b by\u0142 pozbawiony wolno\u015bci przez 8 miesi\u0119cy lub d\u0142u\u017cej &#8211; uzasadni\u0142 s\u0105d.<\/p>\n<p>Dlaczego da\u0142 akurat 12 tys. z\u0142? Zdecydowa\u0142y trzy czynniki: kuriozalno\u015b\u0107 przypadku (to, \u017ce nikt nie m\u00f3g\u0142 zrozumie\u0107, \u017ce M. jest niewinny), utrata dobrego imienia i zaburzenia psychiczne, jakie wywo\u0142a\u0142 pobyt za kratami. Andrzej M. chc\u0105c wi\u0119cej twierdzi, \u017ce nabawi\u0142 si\u0119 tam tak\u017ce nadci\u015bnienia. Zaprzeczyli temu biegli.<\/p>\n<p>gazeta.pl<\/p>\n","protected":false},"excerpt":{"rendered":"<p>12 tysi\u0119cy z\u0142 zado\u015b\u0107uczynienia dostanie od pa\u0144stwa Andrzej M. z M\u0119drzyc pod Grudzi\u0105dzem za to, \u017ce przez b\u0142\u0105d, m.in. policji, zosta\u0142 wtr\u0105cony na 15 dni do wi\u0119zienia zamiast brata. M\u0119\u017cczyzna \u017c\u0105da\u0142 150 tys. z\u0142 &#8211; Nie spodziewa\u0142em si\u0119 a\u017c takiej kwoty, ale 12 tys. z\u0142 te\u017c nie. To za ma\u0142o, b\u0119d\u0119 si\u0119 odwo\u0142ywa\u0142 &#8211; komentowa\u0142 [&hellip;]<\/p>\n","protected":false},"author":2,"featured_media":0,"comment_status":"open","ping_status":"open","sticky":false,"template":"","format":"standard","meta":{"footnotes":""},"categories":[8],"tags":[12,13],"class_list":["post-1424","post","type-post","status-publish","format-standard","hentry","category-aktualnosci","tag-odszkodowanie","tag-zadoscuczynienie"],"_links":{"self":[{"href":"https:\/\/www.odszkodowania.info.pl\/index.php?rest_route=\/wp\/v2\/posts\/1424","targetHints":{"allow":["GET"]}}],"collection":[{"href":"https:\/\/www.odszkodowania.info.pl\/index.php?rest_route=\/wp\/v2\/posts"}],"about":[{"href":"https:\/\/www.odszkodowania.info.pl\/index.php?rest_route=\/wp\/v2\/types\/post"}],"author":[{"embeddable":true,"href":"https:\/\/www.odszkodowania.info.pl\/index.php?rest_route=\/wp\/v2\/users\/2"}],"replies":[{"embeddable":true,"href":"https:\/\/www.odszkodowania.info.pl\/index.php?rest_route=%2Fwp%2Fv2%2Fcomments&post=1424"}],"version-history":[{"count":1,"href":"https:\/\/www.odszkodowania.info.pl\/index.php?rest_route=\/wp\/v2\/posts\/1424\/revisions"}],"predecessor-version":[{"id":1425,"href":"https:\/\/www.odszkodowania.info.pl\/index.php?rest_route=\/wp\/v2\/posts\/1424\/revisions\/1425"}],"wp:attachment":[{"href":"https:\/\/www.odszkodowania.info.pl\/index.php?rest_route=%2Fwp%2Fv2%2Fmedia&parent=1424"}],"wp:term":[{"taxonomy":"category","embeddable":true,"href":"https:\/\/www.odszkodowania.info.pl\/index.php?rest_route=%2Fwp%2Fv2%2Fcategories&post=1424"},{"taxonomy":"post_tag","embeddable":true,"href":"https:\/\/www.odszkodowania.info.pl\/index.php?rest_route=%2Fwp%2Fv2%2Ftags&post=1424"}],"curies":[{"name":"wp","href":"https:\/\/api.w.org\/{rel}","templated":true}]}}