{"id":1426,"date":"2012-01-15T22:31:06","date_gmt":"2012-01-15T21:31:06","guid":{"rendered":"http:\/\/www.odszkodowania.info.pl\/?p=1426"},"modified":"2014-02-10T23:06:17","modified_gmt":"2014-02-10T22:06:17","slug":"kolejne-ofiary-unijnego-centrum-odszkodowan","status":"publish","type":"post","link":"https:\/\/www.odszkodowania.info.pl\/?p=1426","title":{"rendered":"Kolejne ofiary Unijnego Centrum Odszkodowa\u0144"},"content":{"rendered":"<p>Pa\u0144stwo Nowiccy z Czeszewa ko\u0142o Bydgoszczy w 2010 roku ulegli wypadkowi drogowemu. Cudem nie zako\u0144czy\u0142 si\u0119 tragicznie. W celu uzyskania odszkodowania od ubezpieczyciela, skorzystali z pomocy Unijnego Centrum Odszkodowa\u0144 w \u0141odzi. Niestety pa\u0144stwo Nowiccy zostali kolejnymi ofiarami firmy, kt\u00f3ra \u017ceruje na ludzkim nieszcz\u0119\u015bciu.<\/p>\n<p>30 stycznia 2010 roku pa\u0144stwo Nowiccy z Czeszewa ko\u0142o Bydgoszczy nie mog\u0105 zapomnie\u0107 do tej pory. Jechali swoim  samochodem, gdy nagle  drog\u0119 zajecha\u0142 im bus. Cudem prze\u017cyli  czo\u0142owe zderzenie.<\/p>\n<p>&#8211; Z  przeciwka jecha\u0142 samoch\u00f3d ci\u0119\u017carowy, kt\u00f3ry holowa\u0142 inne auto. I ten samoch\u00f3d wysun\u0105\u0142 nam si\u0119 na czo\u0142\u00f3wk\u0119, bo chcia\u0142 zobaczy\u0107, jak droga wygl\u0105da. Samego uderzenia  nie kojarz\u0119, karetka przyjecha\u0142a, rozcinali samoch\u00f3d. Odzyska\u0142em \u015bwiadomo\u015b\u0107 w karetce &#8211;  m\u00f3wi Piotr Nowicki.<\/p>\n<p>&#8211;  Mia\u0142am  z\u0142amany kr\u0119gos\u0142up w dw\u00f3ch miejscach. Nadal mam  uraz psychiczny,  jak autem jad\u0119, to nogami pod\u0142og\u0119 wciskam \u2013 m\u00f3wi Gra\u017cyna Nowicka.<\/p>\n<p>Po wypadku pa\u0144stwo Nowiccy byli zupe\u0142nie za\u0142amani i bezradni. Wtedy pojawi\u0142 si\u0119 po\u015brednik ubezpieczeniowy i zaoferowa\u0142 pomoc w uzyskaniu pieni\u0119dzy z odszkodowania.<\/p>\n<p>&#8211; Przyszed\u0142 do nas po\u015brednik  i opowiedzia\u0142, jak to wszystko \u0142adnie wygl\u0105da. Byli\u015bmy nawet tym zachwyceni, \u017ce to tak pi\u0119knie, \u0142adnie i \u017ce nawet w Internecie b\u0119dzie pokazane, \u017ce mo\u017cna sprawdza\u0107 wci\u0105\u017c, dzwoni\u0107. Rzeczywisto\u015b\u0107 by\u0142a zupe\u0142nie inna \u2013 m\u00f3wi Gra\u017cyna Nowicka.<\/p>\n<p>Pa\u0144stwo Nowiccy w 2010 roku podpisali umow\u0119 z   Unijnym Centrum Odszkodowa\u0144 w \u0141odzi. Po\u015brednik  mia\u0142 uzyska\u0107 odszkodowanie dla pani Gra\u017cyny i pana Piotra i w ci\u0105gu 14 dni przela\u0107 na ich konto. Jak si\u0119 dowiedzieli\u015bmy  ponad 7 tysi\u0119cy z\u0142otych le\u017cy na koncie  Unijnego  Centrum Odszkodowa\u0144  od 9 wrze\u015bnia 2011 roku.<\/p>\n<p>&#8211; Nie mo\u017cemy si\u0119 dodzwoni\u0107. Wci\u0105\u017c jest  zaj\u0119ty numer, trac\u0119 15 minut na po\u0142\u0105czenie, bo zaj\u0119te i zaj\u0119te. I nie mo\u017cna pieni\u0119dzy wyci\u0105gn\u0105\u0107, a ja tych pieni\u0119dzy potrzebuj\u0119, bo si\u0119 zad\u0142u\u017cam, a \u017cy\u0107 musz\u0119  &#8211;  m\u00f3wi Piotr Nowicki.<\/p>\n<p>&#8211; Niech nam powiedz\u0105, gdzie s\u0105 nasze pieni\u0105\u017cki i dlaczego tak d\u0142ugo przetrzymuj\u0105 &#8211;  m\u00f3wi Gra\u017cyna Nowicka.<\/p>\n<p>W kwietniu ubieg\u0142ego roku przygotowali\u015bmy ju\u017c materia\u0142 o tej firmie. Po emisji  dostali\u015bmy du\u017co maili od os\u00f3b, kt\u00f3re z Unijnego  Centrum Odszkodowa\u0144 mia\u0142y  dosta\u0107 pieni\u0105dze.  Trzy rodziny z ma\u0142ych  miejscowo\u015bci  niedaleko Kielc wpad\u0142y  w sid\u0142a jednej z firm, kt\u00f3re po\u015brednicz\u0105 w uzyskiwaniu odszkodowa\u0144 po wypadkach komunikacyjnych. W lipcu ubieg\u0142ego roku ich dzieci jecha\u0142y autokarem na kolonie do Nidzicy. Niestety na tzw. zakopiance autokar z niewiadomych powod\u00f3w wpad\u0142 do rowu. W wypadku kilkana\u015bcioro  dzieci zosta\u0142o rannych.<\/p>\n<p>&#8211;  Zg\u0142osi\u0142a si\u0119 do mnie firma Unijne Centrum Odszkodowa\u0144,  chc\u0105c zawrze\u0107 ze mn\u0105 umow\u0119. Zgodzi\u0142am i podpisa\u0142am umow\u0119 \u2013 m\u00f3wi\u0142a  Agnieszka Zaj\u0119cka, matka poszkodowanego dziecka.<\/p>\n<p>&#8211;  Przysz\u0142o pismo z PZU, \u017ce wys\u0142ali pieni\u0105dze do Unijnego Centrum Odszkodowa\u0144 i oni mieli 14 dni na to, \u017ceby nam te pieni\u0105dze odda\u0107 &#8211;  m\u00f3wi\u0142 Krzysztof Wierzbowski, ojciec poszkodowanego dziecka.<\/p>\n<p>Zdesperowani Nowiccy poszli do biura po\u015brednika. Rozmow\u0119 zarejestrowali\u015bmy ukryt\u0105 kamer\u0105.<\/p>\n<p>Nagranie z ukrytej kamery:<\/p>\n<p>&#8211;  Od wrze\u015bnia mamy przyznane pieni\u0105dze, kt\u00f3re le\u017c\u0105 na koncie u was. W umowie jest zapis, \u017ce w ci\u0105gu 14 dni pieni\u0105dze powinny by\u0107 przelane na nasze konto \u2013 m\u00f3wi pan Piotr.<br \/>\n&#8211; Dowody osobiste  prosz\u0119 \u2013 m\u00f3wi pracownica Unijnego Centrum Odszkodowa\u0144.<br \/>\n&#8211; Niech pani powie co si\u0119 dzieje, \u017ce pieni\u0105dze nie wp\u0142yn\u0119\u0142y. Dla mnie jest to wa\u017cne,  dlaczego pieni\u0105dze nie wp\u0142ywaj\u0105. Od wrze\u015bnia do stycznia pieni\u0119dzy nie ma. Przyjechali\u015bmy  250 km do waszej firmy \u2013 m\u00f3wi pan Piotr.<br \/>\n&#8211;  Prosz\u0119 pana, by\u0107 mo\u017ce przelew ju\u017c poszed\u0142 \u2013 m\u00f3wi pracownica Unijnego Centrum Odszkodowa\u0144.<br \/>\n&#8211;  Nie, wczoraj sprawdza\u0142em  i nie ma \u2013 m\u00f3wi pan Piotr.<br \/>\n&#8211;  Prosz\u0119 pana  zaznaczam, \u017ce nie mam dost\u0119pu do przelew\u00f3w \u2013 m\u00f3wi pracownica Unijnego Centrum Odszkodowa\u0144.<\/p>\n<p>Schorowani Nowiccy s\u0105 bezsilni wobec Unijnego  Centrum Odszkodowa\u0144. Jednak znalaz\u0142a si\u0119 firma  windykacyjna z Poznania,  kt\u00f3ra za darmo chce pom\u00f3c za\u0142amanym  ludziom odzyska\u0107  pieni\u0105dze.<\/p>\n<p>&#8211; Poruszy\u0142o nas w\u0142a\u015bnie w tej sprawie, \u017ce firma, kt\u00f3ra powinna ju\u017c dawno zap\u0142aci\u0107 pieni\u0105dze ludziom poszkodowanym, kt\u00f3rzy potrzebuj\u0105 tych pieni\u0119dzy, chocia\u017cby na leczenie,  to przetrzymuj\u0105 pieni\u0105dze na swoim koncie firmowym \u2013 m\u00f3wi Karol Burczy\u0144ski z  firmy windykacyjnej Eventus Badania i Ekspertyzy.<\/p>\n<p>&#8211; Chcia\u0142am przestrzec ludzi przed t\u0105 firm\u0105 i to jest najwa\u017cniejsze dla mnie przes\u0142anie. Nas ju\u017c tak oszukali, tak nam nerwy zszarpali i nie chc\u0119,  \u017ceby inni nie dali si\u0119 zwie\u015b\u0107 tak jak my \u2013 m\u00f3wi pani Gra\u017cyna. *<\/p>\n<p><iframe width=\"560\" height=\"315\" src=\"http:\/\/www.youtube.com\/embed\/-8y9a0vOn68\" frameborder=\"0\" allowfullscreen><\/iframe><\/p>\n<p><a href=\"http:\/\/www.interwencja.polsat.pl\/Interwencja__Oficjalna_Strona_Internetowa_Programu_INTERWENCJA,5781\/Archiwum,5794\/Archiwum__News,5800\/Kolejne_Ofiary_Unijnego_Centrum_Odszkodowan,1281626\/index.html#\" title=\"POLSAT\" target=\"_blank\">polsat.pl<\/a> <\/p>\n","protected":false},"excerpt":{"rendered":"<p>Pa\u0144stwo Nowiccy z Czeszewa ko\u0142o Bydgoszczy w 2010 roku ulegli wypadkowi drogowemu. Cudem nie zako\u0144czy\u0142 si\u0119 tragicznie. W celu uzyskania odszkodowania od ubezpieczyciela, skorzystali z pomocy Unijnego Centrum Odszkodowa\u0144 w \u0141odzi. Niestety pa\u0144stwo Nowiccy zostali kolejnymi ofiarami firmy, kt\u00f3ra \u017ceruje na ludzkim nieszcz\u0119\u015bciu. 30 stycznia 2010 roku pa\u0144stwo Nowiccy z Czeszewa ko\u0142o Bydgoszczy nie mog\u0105 [&hellip;]<\/p>\n","protected":false},"author":2,"featured_media":0,"comment_status":"open","ping_status":"open","sticky":false,"template":"","format":"standard","meta":{"footnotes":""},"categories":[8,45],"tags":[75],"class_list":["post-1426","post","type-post","status-publish","format-standard","hentry","category-aktualnosci","category-artykul-glowny","tag-euco"],"_links":{"self":[{"href":"https:\/\/www.odszkodowania.info.pl\/index.php?rest_route=\/wp\/v2\/posts\/1426","targetHints":{"allow":["GET"]}}],"collection":[{"href":"https:\/\/www.odszkodowania.info.pl\/index.php?rest_route=\/wp\/v2\/posts"}],"about":[{"href":"https:\/\/www.odszkodowania.info.pl\/index.php?rest_route=\/wp\/v2\/types\/post"}],"author":[{"embeddable":true,"href":"https:\/\/www.odszkodowania.info.pl\/index.php?rest_route=\/wp\/v2\/users\/2"}],"replies":[{"embeddable":true,"href":"https:\/\/www.odszkodowania.info.pl\/index.php?rest_route=%2Fwp%2Fv2%2Fcomments&post=1426"}],"version-history":[{"count":3,"href":"https:\/\/www.odszkodowania.info.pl\/index.php?rest_route=\/wp\/v2\/posts\/1426\/revisions"}],"predecessor-version":[{"id":2270,"href":"https:\/\/www.odszkodowania.info.pl\/index.php?rest_route=\/wp\/v2\/posts\/1426\/revisions\/2270"}],"wp:attachment":[{"href":"https:\/\/www.odszkodowania.info.pl\/index.php?rest_route=%2Fwp%2Fv2%2Fmedia&parent=1426"}],"wp:term":[{"taxonomy":"category","embeddable":true,"href":"https:\/\/www.odszkodowania.info.pl\/index.php?rest_route=%2Fwp%2Fv2%2Fcategories&post=1426"},{"taxonomy":"post_tag","embeddable":true,"href":"https:\/\/www.odszkodowania.info.pl\/index.php?rest_route=%2Fwp%2Fv2%2Ftags&post=1426"}],"curies":[{"name":"wp","href":"https:\/\/api.w.org\/{rel}","templated":true}]}}