{"id":1436,"date":"2012-01-25T17:24:17","date_gmt":"2012-01-25T16:24:17","guid":{"rendered":"http:\/\/www.odszkodowania.info.pl\/?p=1436"},"modified":"2012-01-25T17:24:17","modified_gmt":"2012-01-25T16:24:17","slug":"ktos-sie-myli-a-placa-za-to-podatnicy","status":"publish","type":"post","link":"https:\/\/www.odszkodowania.info.pl\/?p=1436","title":{"rendered":"Kto\u015b si\u0119 myli, a p\u0142ac\u0105 za to podatnicy"},"content":{"rendered":"<p>Za b\u0142\u0119dy s\u0105d\u00f3w i prokurator\u00f3w p\u0142ac\u0105 wszyscy podatnicy. W Polsce ro\u015bnie suma odszkodowa\u0144 za nies\u0142uszne tymczasowe aresztowanie czy nies\u0142uszne oskar\u017cenie. Skarb Pa\u0144stwa wydaje ju\u017c na to rocznie oko\u0142o 2,5 mln z\u0142.<\/p>\n<p>\u2013 To skutek s\u0142abo\u015bci niekt\u00f3rych akt\u00f3w oskar\u017cenia przygotowywanych przez prokuratur\u0119 \u2013 uwa\u017ca Marcin Walczuk, rzecznik prasowy S\u0105du Okr\u0119gowego w Suwa\u0142kach.<\/p>\n<p>\u2013 Przecie\u017c to nie my, lecz s\u0105d decyduje o tymczasowym areszcie \u2013 zauwa\u017ca Ryszard Tomkiewicz, rzecznik prokuratury.<\/p>\n<p><strong>Domaga\u0142a si\u0119 1 mln z\u0142<\/strong><\/p>\n<p>W ko\u0144cu ubieg\u0142ego roku prawomocnymi wyrokami zako\u0144czy\u0142y si\u0119 dwie najg\u0142o\u015bniejsze suwalskie sprawy zwi\u0105zane z odszkodowaniami. S\u0105d Najwy\u017cszy oddali\u0142 kasacj\u0119 dotycz\u0105c\u0105 odszkodowania dla s\u0119dzi z Suwa\u0142k Gra\u017cyny Zieli\u0144skiej.<\/p>\n<p>Prokuratura oskar\u017cy\u0142a j\u0105 o korupcj\u0119. Okaza\u0142o si\u0119 jednak, \u017ce ca\u0142y akt oskar\u017cenia oparty jest przede wszystkim na zeznaniach skruszonego przemytnika. S\u0105d uzna\u0142 je za wyj\u0105tkowo niewiarygodne. G. Zieli\u0144ska, kt\u00f3ry po wybuchu afery zosta\u0142a zawieszona w czynno\u015bciach s\u0142u\u017cbowych i odwo\u0142ana ze stanowiska wiceprezesa suwalskiego s\u0105du, a potem sp\u0119dzi\u0142a kilka miesi\u0119cy w areszcie, domaga\u0142a si\u0119 1 mln z\u0142. Sko\u0144czy\u0142o si\u0119 na 300 tysi\u0105cach.<\/p>\n<p>Z kolei augustowianin Jan S. odpowiada\u0142 za zab\u00f3jstwo \u017cony. Sprawa ci\u0105gn\u0119\u0142a si\u0119 prawie przez 10 lat. Na pocz\u0105tku S. na kr\u00f3tko trafi\u0142 do aresztu. Potem jednak przebywa\u0142 na wolno\u015bci. Trzy razy by\u0142 uniewinniany, ale prokuratura si\u0119 odwo\u0142ywa\u0142a i sprawa wraca\u0142a do ponownego rozpatrzenia.<\/p>\n<p>Dopiero za kolejnym podej\u015bciem Jana S. skazano na 15 lat wi\u0119zienia i jednocze\u015bnie tymczasowo aresztowano. Zanim apelacj\u0119 rozpatrzy\u0142 s\u0105d drugiej instancji, sp\u0119dzi\u0142 za kratami prawie 10 miesi\u0119cy. Mia\u0142 tam przechodzi\u0107 prawdziw\u0105 gehenn\u0119. Ostatecznie zosta\u0142 uniewinniony.<\/p>\n<p>Za nies\u0142uszne aresztowanie i oskar\u017cenia domaga\u0142 si\u0119 nawet 600 tys. z\u0142. Otrzyma\u0142 \u2013 116 tys.<\/p>\n<p><strong>Oskar\u017cenie bez dowod\u00f3w<\/strong><\/p>\n<p>W ubieg\u0142ym roku w suwalskim s\u0105dzie okr\u0119gowym rozpatrywano siedem podobnych spraw. Nie by\u0142y tak spektakularne, jak s\u0119dzi czy Jana S., ale te\u017c zako\u0144czy\u0142y si\u0119 zas\u0105dzeniem odszkodowa\u0144. Skarb Pa\u0144stwa wy\u0142o\u017cy\u0142 276,7 tys. z\u0142. Z\u0142o\u017cy\u0142y si\u0119 na to m.in. odszkodowania dla cz\u0142onk\u00f3w zorganizowanej grupy, kt\u00f3ra handlowa\u0142a narkotykami.<\/p>\n<p>Prokuratura oskar\u017cy\u0142a wiele os\u00f3b. Szefowie gangu zostali skazani. Ale na to, \u017ce winni s\u0105 tak\u017ce niekt\u00f3rzy potencjalni cz\u0142onkowie grupy, dowod\u00f3w ju\u017c nie by\u0142o. Zapad\u0142y wyroki uniewinniaj\u0105ce, od kt\u00f3rych prokuratura si\u0119 nawet nie odwo\u0142a\u0142a. Osoby te jaki\u015b okres sp\u0119dzi\u0142y jednak w areszcie. Wyst\u0105pi\u0142y wi\u0119c o odszkodowania. S\u0105d przyznawa\u0142 im po kilkadziesi\u0105t tysi\u0119cy z\u0142otych.<\/p>\n<p><strong>Kto winien?<\/strong><\/p>\n<p>S\u0119dzia Walczuk m\u00f3wi, \u017ce po rozstrzygni\u0119ciach dokonanych przez S\u0105d Najwy\u017cszych, przyznanie odszkodowania za nies\u0142uszny areszt jest dzisiaj niemal obligatoryjne. Do decyzji pozostaje jedynie kwota. Inn\u0105 dostaje osoba wielokrotnie wcze\u015bniej karana i bezrobotna, a inn\u0105 kto\u015b, komu pobyt za kratami przewr\u00f3ci\u0142 ca\u0142e \u017cycie.<\/p>\n<p>Kto za to wszystko odpowiada? Prokurator Tomkiewicz zapewnia, \u017ce organy \u015bcigania staraj\u0105 si\u0119, jak mog\u0105 i nie sporz\u0105dzaj\u0105 bezpodstawnych wniosk\u00f3w o areszt.<\/p>\n<p>S\u0119dzia Walczuk uwa\u017ca z kolei, \u017ce decyzja o tymczasowym aresztowaniu s\u0105du tak naprawd\u0119 nie obci\u0105\u017ca. Bo w tym przypadku analizuje si\u0119 uprawdopodobnienie pope\u0142nienia danego przest\u0119pstwa, a nie rozstrzyga winy. S\u0105d bazuje w dodatku na prokuratorskich dowodach.<\/p>\n<p><strong>Coraz mniej wniosk\u00f3w<\/strong><\/p>\n<p>Rosn\u0105ca suma odszkodowa\u0144 wp\u0142ywa jednak na przedstawicieli organ\u00f3w \u015bcigania i wymiaru sprawiedliwo\u015bci. Liczba wniosk\u00f3w o tymczasowe aresztowanie sk\u0142adanych w suwalskim s\u0105dzie jest coraz mniejsza.<\/p>\n<p>Gazeta Wsp\u00f3\u0142czesna<\/p>\n","protected":false},"excerpt":{"rendered":"<p>Za b\u0142\u0119dy s\u0105d\u00f3w i prokurator\u00f3w p\u0142ac\u0105 wszyscy podatnicy. W Polsce ro\u015bnie suma odszkodowa\u0144 za nies\u0142uszne tymczasowe aresztowanie czy nies\u0142uszne oskar\u017cenie. Skarb Pa\u0144stwa wydaje ju\u017c na to rocznie oko\u0142o 2,5 mln z\u0142. \u2013 To skutek s\u0142abo\u015bci niekt\u00f3rych akt\u00f3w oskar\u017cenia przygotowywanych przez prokuratur\u0119 \u2013 uwa\u017ca Marcin Walczuk, rzecznik prasowy S\u0105du Okr\u0119gowego w Suwa\u0142kach. \u2013 Przecie\u017c to nie [&hellip;]<\/p>\n","protected":false},"author":2,"featured_media":0,"comment_status":"open","ping_status":"open","sticky":false,"template":"","format":"standard","meta":{"footnotes":""},"categories":[8],"tags":[12,13],"class_list":["post-1436","post","type-post","status-publish","format-standard","hentry","category-aktualnosci","tag-odszkodowanie","tag-zadoscuczynienie"],"_links":{"self":[{"href":"https:\/\/www.odszkodowania.info.pl\/index.php?rest_route=\/wp\/v2\/posts\/1436","targetHints":{"allow":["GET"]}}],"collection":[{"href":"https:\/\/www.odszkodowania.info.pl\/index.php?rest_route=\/wp\/v2\/posts"}],"about":[{"href":"https:\/\/www.odszkodowania.info.pl\/index.php?rest_route=\/wp\/v2\/types\/post"}],"author":[{"embeddable":true,"href":"https:\/\/www.odszkodowania.info.pl\/index.php?rest_route=\/wp\/v2\/users\/2"}],"replies":[{"embeddable":true,"href":"https:\/\/www.odszkodowania.info.pl\/index.php?rest_route=%2Fwp%2Fv2%2Fcomments&post=1436"}],"version-history":[{"count":1,"href":"https:\/\/www.odszkodowania.info.pl\/index.php?rest_route=\/wp\/v2\/posts\/1436\/revisions"}],"predecessor-version":[{"id":1437,"href":"https:\/\/www.odszkodowania.info.pl\/index.php?rest_route=\/wp\/v2\/posts\/1436\/revisions\/1437"}],"wp:attachment":[{"href":"https:\/\/www.odszkodowania.info.pl\/index.php?rest_route=%2Fwp%2Fv2%2Fmedia&parent=1436"}],"wp:term":[{"taxonomy":"category","embeddable":true,"href":"https:\/\/www.odszkodowania.info.pl\/index.php?rest_route=%2Fwp%2Fv2%2Fcategories&post=1436"},{"taxonomy":"post_tag","embeddable":true,"href":"https:\/\/www.odszkodowania.info.pl\/index.php?rest_route=%2Fwp%2Fv2%2Ftags&post=1436"}],"curies":[{"name":"wp","href":"https:\/\/api.w.org\/{rel}","templated":true}]}}