{"id":1441,"date":"2012-01-31T11:59:50","date_gmt":"2012-01-31T10:59:50","guid":{"rendered":"http:\/\/www.odszkodowania.info.pl\/?p=1441"},"modified":"2012-01-31T11:59:50","modified_gmt":"2012-01-31T10:59:50","slug":"pierwsza-w-polsce-sprawa-o-blad-medyczny-trafila-do-kielc-zostala-odrzucona","status":"publish","type":"post","link":"https:\/\/www.odszkodowania.info.pl\/?p=1441","title":{"rendered":"Pierwsza w Polsce sprawa o b\u0142\u0105d medyczny trafi\u0142a do Kielc. Zosta\u0142a odrzucona"},"content":{"rendered":"<p>Prawdopodobnie pierwsza w Polsce sprawa trafi\u0142a w\u0142a\u015bnie do wojew\u00f3dzkiej komisji orzekaj\u0105cej o zdarzeniach medycznych w Kielcach. Z przyczyn formalnych trzeba by\u0142o j\u0105 jednak odrzuci\u0107.<\/p>\n<p>&#8211; Niestety, sprawa dotyczy\u0142a okresu przed 1 stycznia 2012 roku, wi\u0119c musieli\u015bmy odm\u00f3wi\u0107 zbadania &#8211; informuje mecenas Stanis\u0142aw Szufel, przewodnicz\u0105cy wojew\u00f3dzkiej komisji orzekaj\u0105cej o zdarzeniach medycznych. Nie chce zdradza\u0107, czego dotyczy\u0142a. &#8211; Mog\u0119 powiedzie\u0107 jedynie, \u017ce zg\u0142osi\u0142 si\u0119 do nas pan, kt\u00f3ry by\u0142 chory i uwa\u017ca\u0142, \u017ce pope\u0142niono b\u0142\u0105d w jego leczeniu &#8211; opowiada mecenas Szufel.<\/p>\n<p>Komisja powsta\u0142a na pocz\u0105tku tego roku w zwi\u0105zku z ustaw\u0105 o ochronie praw pacjenta, w jej sk\u0142ad wchodzi 16 os\u00f3b &#8211; prawnicy oraz przedstawiciele \u015brodowisk medycznych. W \u015awi\u0119tokrzyskiem lekarze prac\u0119 w komisji zbojkotowali, zg\u0142osi\u0142a si\u0119 jedynie Halina Olendzka.<\/p>\n<p>Komisja mia\u0142a by\u0107 odpowiedzi\u0105 na trwaj\u0105ce latami procesy s\u0105dowe. Zgodnie z ustaw\u0105 decyzja komisji ma by\u0107 znana w ci\u0105gu czterech miesi\u0119cy. Zgodnie z ustaw\u0105 sprawy zg\u0142oszone do komisji maj\u0105 dotyczy\u0107 zdarze\u0144 po 1 stycznia tego roku.<\/p>\n<p>Komisja mo\u017ce przyzna\u0107 zado\u015b\u0107uczynienie maksymalnie do 100 tys. z\u0142 albo 300 tys. z\u0142 dla rodziny nie\u017cyj\u0105cej osoby. Przy sk\u0142adaniu dokument\u00f3w, jednorazowo trzeba zap\u0142aci\u0107 200 z\u0142.<\/p>\n<p>&#8211; Naszym za\u0142o\u017ceniem jest jak najbardziej u\u0142atwi\u0107 drog\u0119 pacjentom domagaj\u0105cym si\u0119 odszkodowania &#8211; zaznacza Szufel. I przyznaje, \u017ce sprawy s\u0105dowe toczy\u0142y si\u0119 zwykle d\u0142ugo. &#8211; R\u00f3\u017cne by\u0142y tego przyczyny, przecie\u017c nie ka\u017cda sprawa jest jednakowa &#8211; opowiada Szufel.<\/p>\n<p>gazeta.pl<\/p>\n","protected":false},"excerpt":{"rendered":"<p>Prawdopodobnie pierwsza w Polsce sprawa trafi\u0142a w\u0142a\u015bnie do wojew\u00f3dzkiej komisji orzekaj\u0105cej o zdarzeniach medycznych w Kielcach. Z przyczyn formalnych trzeba by\u0142o j\u0105 jednak odrzuci\u0107. &#8211; Niestety, sprawa dotyczy\u0142a okresu przed 1 stycznia 2012 roku, wi\u0119c musieli\u015bmy odm\u00f3wi\u0107 zbadania &#8211; informuje mecenas Stanis\u0142aw Szufel, przewodnicz\u0105cy wojew\u00f3dzkiej komisji orzekaj\u0105cej o zdarzeniach medycznych. Nie chce zdradza\u0107, czego dotyczy\u0142a. [&hellip;]<\/p>\n","protected":false},"author":2,"featured_media":0,"comment_status":"open","ping_status":"open","sticky":false,"template":"","format":"standard","meta":{"footnotes":""},"categories":[8],"tags":[12,13],"class_list":["post-1441","post","type-post","status-publish","format-standard","hentry","category-aktualnosci","tag-odszkodowanie","tag-zadoscuczynienie"],"_links":{"self":[{"href":"https:\/\/www.odszkodowania.info.pl\/index.php?rest_route=\/wp\/v2\/posts\/1441","targetHints":{"allow":["GET"]}}],"collection":[{"href":"https:\/\/www.odszkodowania.info.pl\/index.php?rest_route=\/wp\/v2\/posts"}],"about":[{"href":"https:\/\/www.odszkodowania.info.pl\/index.php?rest_route=\/wp\/v2\/types\/post"}],"author":[{"embeddable":true,"href":"https:\/\/www.odszkodowania.info.pl\/index.php?rest_route=\/wp\/v2\/users\/2"}],"replies":[{"embeddable":true,"href":"https:\/\/www.odszkodowania.info.pl\/index.php?rest_route=%2Fwp%2Fv2%2Fcomments&post=1441"}],"version-history":[{"count":1,"href":"https:\/\/www.odszkodowania.info.pl\/index.php?rest_route=\/wp\/v2\/posts\/1441\/revisions"}],"predecessor-version":[{"id":1442,"href":"https:\/\/www.odszkodowania.info.pl\/index.php?rest_route=\/wp\/v2\/posts\/1441\/revisions\/1442"}],"wp:attachment":[{"href":"https:\/\/www.odszkodowania.info.pl\/index.php?rest_route=%2Fwp%2Fv2%2Fmedia&parent=1441"}],"wp:term":[{"taxonomy":"category","embeddable":true,"href":"https:\/\/www.odszkodowania.info.pl\/index.php?rest_route=%2Fwp%2Fv2%2Fcategories&post=1441"},{"taxonomy":"post_tag","embeddable":true,"href":"https:\/\/www.odszkodowania.info.pl\/index.php?rest_route=%2Fwp%2Fv2%2Ftags&post=1441"}],"curies":[{"name":"wp","href":"https:\/\/api.w.org\/{rel}","templated":true}]}}