{"id":1457,"date":"2012-02-13T19:28:06","date_gmt":"2012-02-13T18:28:06","guid":{"rendered":"http:\/\/www.odszkodowania.info.pl\/?p=1457"},"modified":"2012-02-13T19:28:06","modified_gmt":"2012-02-13T18:28:06","slug":"przesiedzial-w-celi-17-miesiecy-choc-byl-niewinny-i-chce-teraz-5-mln-odszkodowania","status":"publish","type":"post","link":"https:\/\/www.odszkodowania.info.pl\/?p=1457","title":{"rendered":"Przesiedzia\u0142 w celi 17 miesi\u0119cy. Cho\u0107 by\u0142 niewinny i chce teraz 5 mln odszkodowania"},"content":{"rendered":"<p>Pawe\u0142 Guz sp\u0119dzi\u0142 w celi p\u00f3\u0142tora roku pod zarzutem zab\u00f3jstwa. Po kilku latach \u015bledztwa zosta\u0142 uniewinniony. Ale tego, co prze\u017cy\u0142 nie zapomni nigdy. Przed S\u0105dem Okr\u0119gowym w Lublinie rusza jutro proces o odszkodowanie i zado\u015b\u0107uczynienie za bezprawny areszt &#8211; w sumie 5 mln z\u0142.<br \/>\nSprawa dotyczy wydarze\u0144 z po\u0142owy 2007 r. W lesie pod Lubartowem odkryto zw\u0142oki Paw\u0142a Marz\u0119dy, w\u0142a\u015bciciela warsztatu samochodowego. Miejsce ukrycia zw\u0142ok wskaza\u0142 Krzysztof P. To on w trakcie zezna\u0144 obci\u0105\u017cy\u0142 m.in. Paw\u0142a Guza, \u017ce pomaga\u0142 mu w zbrodni.<\/p>\n<p>Anna Gmiterek-Zab\u0142ocka, TOK FM: Jak pan dzi\u015b pami\u0119ta dzie\u0144 zatrzymania?<\/p>\n<p>Pawe\u0142 Guz : &#8211; Nie zdawa\u0142em sobie sprawy, co mnie czeka. Dzie\u0144 wcze\u015bniej te\u017c sk\u0142ada\u0142em zeznania, w jakich okoliczno\u015bciach widzia\u0142em Paw\u0142a. Zosta\u0142em zatrzymany w miejscu zamieszkania, przysz\u0142o kilku funkcjonariuszy. Wyci\u0105gn\u0119li mnie z \u0142\u00f3\u017cka, bo jeszcze wtedy spa\u0142em. Ca\u0142y czas my\u015bla\u0142em, \u017ce to nieporozumienie. Jak przyszli i powiedzieli, \u017ce zostaj\u0119 zatrzymany pod zarzutem morderstwa, by\u0142em oczywi\u015bcie w szoku, ale ca\u0142y czas twierdzi\u0142em, \u017ce to pomy\u0142ka. Wierzy\u0142em, \u017ce zawioz\u0105 mnie na komisariat, przes\u0142uchaj\u0105 i mnie wypuszcz\u0105. \u017be wszystko si\u0119 szybko wyja\u015bni. Nie zdawa\u0142em sobie sprawy co mnie czeka, z ca\u0142ej tej tragedii.<\/p>\n<p>Pana pom\u00f3wi\u0142 zab\u00f3jca, Krzysztof P.<\/p>\n<p>&#8211; Tak, on zobaczy\u0142 mnie na komisariacie, \u017ce jestem drugi dzie\u0144 przes\u0142uchiwany. Mog\u0142o co\u015b wtedy do niego trafi\u0107, \u017ce nie tylko on mo\u017ce by\u0107 podejrzany. Gdy wali\u0142 mu si\u0119 grunt pod nogami, zacz\u0105\u0142 pomawia\u0107 niewinne osoby. Ja go osobi\u015bcie dobrze nie zna\u0142em. Tylko kilka razy widzia\u0142em go na oczy, bo on wsp\u00f3\u0142pracowa\u0142 z Paw\u0142em (w warsztacie). Pom\u00f3wi\u0142 mnie, \u017ce to ja by\u0142em sprawc\u0105, \u017ce przyjecha\u0142em i zamordowa\u0142em Paw\u0142a i potem mu powiedzia\u0142em &#8222;Teraz sobie jed\u017a i zakop zw\u0142oki&#8221;, a sam pojecha\u0142em jakby nigdy nic do domu. I na podstawie takiego nielogicznego pom\u00f3wienia prokuratura da\u0142a mi zarzut, a s\u0105d to zatwierdzi\u0142. Trafi\u0142em do aresztu. Przesiedzia\u0142em prawie p\u00f3\u0142tora roku.<\/p>\n<p>Od pocz\u0105tku mia\u0142 pan alibi?<\/p>\n<p>&#8211; Oczywi\u015bcie. Tyle, \u017ce moje alibi zacz\u0119li tak naprawd\u0119 sprawdza\u0107 po moim ponad rocznym pobycie w areszcie \u015bledczym. To wielka kompromitacja. Mamy konstytucyjnie zagwarantowan\u0105 wolno\u015b\u0107. Na samym pocz\u0105tku powinny by\u0107 dowody, a ich nigdy nie by\u0142o. \u015aledczy dopu\u015bcili si\u0119 oszukiwania medi\u00f3w, rodziny zamordowanego, m\u00f3wi\u0105c, \u017ce maj\u0105 przeciwko mnie niezbite dowody.<\/p>\n<p>Jakie to dzi\u015b s\u0105 wspomnienia?<\/p>\n<p>&#8211; Nie \u017cycz\u0119 tego nawet najgorszemu wrogowi. Wszystko si\u0119 w pewnym momencie zaczyna ko\u0144czy\u0107. Trafia si\u0119 do miejsca, gdzie \u015bwiat o tobie zapomina. Jest si\u0119 wrakiem cz\u0142owieka, \u017cywym trupem. \u017byje si\u0119 codziennie, z minuty na minut\u0119, z godziny na godzin\u0119, dzie\u0144 po dniu, ze \u015bwiadomo\u015bci\u0105, \u017ce tam mog\u0119 sp\u0119dzi\u0107 reszt\u0119 \u017cycia, nie robi\u0105c nikomu nic z\u0142ego. By\u0142em i jestem cz\u0142owiekiem wierz\u0105cym. I b\u0119d\u0105c tam, cz\u0142owiek swoj\u0105 nadziej\u0119 pok\u0142ada w Opatrzno\u015bci. I z Pisma \u015awi\u0119tego dosta\u0142em znak, \u017ce b\u0119dzie wolno\u015b\u0107. Bo inaczej nie wiem, czy by\u0142bym w stanie psychicznie wytrzyma\u0107.<\/p>\n<p>Co by\u0142o najgorsze?<\/p>\n<p>&#8211; Siedzi si\u0119 w niewielkim pomieszczeniu, kt\u00f3re przypomina piwnic\u0119, ludzie chodz\u0105, maj\u0105 depresj\u0119, nie wiedz\u0105 co si\u0119 dzieje. Ja te\u017c mia\u0142em tak\u0105 depresj\u0119. Le\u017ca\u0142em w \u0142\u00f3\u017cku, mia\u0142em po\u0142aman\u0105 nog\u0119. Ka\u017cdy dzie\u0144 by\u0142 nadziej\u0105, \u017ce mo\u017ce si\u0119 to ju\u017c sko\u0144czy, \u017ce prawda wyjdzie na jaw.<\/p>\n<p>Z kim pan siedzia\u0142?<\/p>\n<p>&#8211; Siedzia\u0142em z r\u00f3\u017cnymi lud\u017ami, za przest\u0119pstwa, wykroczenia. Bywa\u0142o, \u017ce siedzieli za ten sam artyku\u0142 co ja [zab\u00f3jstwo &#8211; red.]. Du\u017co by\u0142o te\u017c za narkotyki. Jak by\u0142em traktowany? Jak reszta osadzonych. Ka\u017cda chwila tam jest traumatyczna. Ci\u0119\u017cko to wyt\u0142umaczy\u0107. Trzeba by p\u00f3j\u015b\u0107 i to prze\u017cy\u0107, jak tam wygl\u0105da \u017cycie. \u015aciany przypominaj\u0105 piwnic\u0119, w oknach widzisz kraty, masz tylko prycz\u0119 i kranik z zimn\u0105 wod\u0105 i to ca\u0142y tw\u00f3j \u015bwiat. I \u017cyjesz ze \u015bwiadomo\u015bci\u0105, \u017ce takie mo\u017ce by\u0107 ca\u0142e twoje \u017cycie, cho\u0107 wiesz, \u017ce niczego nie zrobi\u0142e\u015b.<\/p>\n<p>Wyszed\u0142 pan po p\u00f3\u0142tora roku na wolno\u015b\u0107, ale potem d\u0142ugi jeszcze czas ci\u0105\u017cy\u0142 na panu zarzut.<\/p>\n<p>&#8211; To nast\u0119pny etap kompromitacji wymiaru sprawiedliwo\u015bci. Po p\u00f3\u0142tora roku zosta\u0142em tak jakby uniewinniony przez prokuratur\u0119, bo prokuratura stwierdzi\u0142a jednoznacznie, \u017ce nie mog\u0142em bra\u0107 udzia\u0142u w tym morderstwie. Ale po moim wyj\u015bciu z aresztu dalej \u015bledztwo si\u0119 toczy\u0142o. I po wyj\u015bciu, pami\u0119tam jak dzi\u015b, takie teksty w gazetach z tytu\u0142ami &#8222;Podejrzany o morderstwo na wolno\u015bci&#8221;. I wykrzykniki czy znaki zapytania. To by\u0142o straszne, bo prze\u017cy\u0142em tyle z\u0142a, cierpienia i dalej by\u0142em traktowany jako zab\u00f3jca Paw\u0142a. Zadzwoni\u0142em do prokuratora, to by\u0142 grudzie\u0144 2008 roku. Prokurator mi obieca\u0142, \u017ce to w styczniu b\u0119dzie sko\u0144czone. Stycze\u0144, nic si\u0119 nie zmienia, dalej jestem przedstawiany jako podejrzany o morderstwo. To si\u0119 dalej ci\u0105gn\u0119\u0142o przez dwa lata, by\u0142em pod zarzutem morderstwa.<\/p>\n<p>Jak zmieni\u0142o si\u0119 w zwi\u0105zku z t\u0105 ca\u0142\u0105 histori\u0105 pana \u017cycie?<\/p>\n<p>&#8211; Zda\u0142em sobie spraw\u0119, \u017ce w ci\u0105gu jednej chwili mo\u017cna straci\u0107 wszystko i w ci\u0105gu jednej chwili mo\u017cna mie\u0107 wszystko. I takie jest w\u0142a\u015bnie moje \u017cycie. Nale\u017cy si\u0119 cieszy\u0107 ka\u017cd\u0105 chwil\u0105, bo nie wiadomo, co nas mo\u017ce spotka\u0107. Jest takie powiedzenie, \u017ce co ci\u0119 nie zabije, to ci\u0119 wzmocni. Ale to nie do ko\u0144ca tak, bo po takim wydarzeniu, zawsze zostanie jaki\u015b uszczerbek do ko\u0144ca \u017cycia.<\/p>\n<p>Przeprowadzi\u0142 si\u0119 pan teraz do Lublina.<\/p>\n<p>&#8211; Tak, tu jest moja rodzina niedaleko, tu si\u0119 osiedli\u0142em. Dop\u00f3ki nie sko\u0144czy si\u0119 moja sprawa w uczciwy, rzetelny spos\u00f3b, dop\u00f3ki nie wezm\u0119 odszkodowania, to si\u0119 st\u0105d nie wyprowadz\u0119.<\/p>\n<p>No w\u0142a\u015bnie, poszed\u0142 pan do s\u0105du po odszkodowanie i zado\u015b\u0107uczynienie.<\/p>\n<p>&#8211; Tak, ale tu nie chodzi tylko o pieni\u0105dze, bo nikt nie zwr\u00f3ci mi tego, co mi zabrano i tego co przeszed\u0142em. Wcze\u015bniej do czego\u015b ju\u017c w \u017cyciu doszed\u0142em: mia\u0142em firm\u0119 &#8211; straci\u0142em j\u0105, straci\u0142em kontrahent\u00f3w, mia\u0142em du\u017ce straty materialne. I oczywi\u015bcie straty moralne. Mam nadziej\u0119, \u017ce nasz wymiar sprawiedliwo\u015bci poczuje si\u0119 do odpowiedzialno\u015bci i dostan\u0119 odszkodowanie adekwatne do wyrz\u0105dzonej mi krzywdy. Ta krzywda b\u0119dzie trwa\u0142a, chc\u0105c nie chc\u0105c, do ko\u0144ca mojego \u017cycia. By\u0107 mo\u017ce nawet moje dzieci b\u0119d\u0105 musia\u0142y przechodzi\u0107 t\u0119 traum\u0119, to z\u0142o, kt\u00f3re mi wyrz\u0105dzono. Skutki tego co mi zrobiono, s\u0105 nieodwracalne. Nie odpuszcz\u0119 w swojej walce, dalej b\u0119d\u0119 szed\u0142 t\u0105 drog\u0105.<\/p>\n<p>Gazeta.pl<\/p>\n","protected":false},"excerpt":{"rendered":"<p>Pawe\u0142 Guz sp\u0119dzi\u0142 w celi p\u00f3\u0142tora roku pod zarzutem zab\u00f3jstwa. Po kilku latach \u015bledztwa zosta\u0142 uniewinniony. Ale tego, co prze\u017cy\u0142 nie zapomni nigdy. Przed S\u0105dem Okr\u0119gowym w Lublinie rusza jutro proces o odszkodowanie i zado\u015b\u0107uczynienie za bezprawny areszt &#8211; w sumie 5 mln z\u0142. Sprawa dotyczy wydarze\u0144 z po\u0142owy 2007 r. W lesie pod Lubartowem [&hellip;]<\/p>\n","protected":false},"author":2,"featured_media":0,"comment_status":"open","ping_status":"open","sticky":false,"template":"","format":"standard","meta":{"footnotes":""},"categories":[8],"tags":[12,13],"class_list":["post-1457","post","type-post","status-publish","format-standard","hentry","category-aktualnosci","tag-odszkodowanie","tag-zadoscuczynienie"],"_links":{"self":[{"href":"https:\/\/www.odszkodowania.info.pl\/index.php?rest_route=\/wp\/v2\/posts\/1457","targetHints":{"allow":["GET"]}}],"collection":[{"href":"https:\/\/www.odszkodowania.info.pl\/index.php?rest_route=\/wp\/v2\/posts"}],"about":[{"href":"https:\/\/www.odszkodowania.info.pl\/index.php?rest_route=\/wp\/v2\/types\/post"}],"author":[{"embeddable":true,"href":"https:\/\/www.odszkodowania.info.pl\/index.php?rest_route=\/wp\/v2\/users\/2"}],"replies":[{"embeddable":true,"href":"https:\/\/www.odszkodowania.info.pl\/index.php?rest_route=%2Fwp%2Fv2%2Fcomments&post=1457"}],"version-history":[{"count":1,"href":"https:\/\/www.odszkodowania.info.pl\/index.php?rest_route=\/wp\/v2\/posts\/1457\/revisions"}],"predecessor-version":[{"id":1458,"href":"https:\/\/www.odszkodowania.info.pl\/index.php?rest_route=\/wp\/v2\/posts\/1457\/revisions\/1458"}],"wp:attachment":[{"href":"https:\/\/www.odszkodowania.info.pl\/index.php?rest_route=%2Fwp%2Fv2%2Fmedia&parent=1457"}],"wp:term":[{"taxonomy":"category","embeddable":true,"href":"https:\/\/www.odszkodowania.info.pl\/index.php?rest_route=%2Fwp%2Fv2%2Fcategories&post=1457"},{"taxonomy":"post_tag","embeddable":true,"href":"https:\/\/www.odszkodowania.info.pl\/index.php?rest_route=%2Fwp%2Fv2%2Ftags&post=1457"}],"curies":[{"name":"wp","href":"https:\/\/api.w.org\/{rel}","templated":true}]}}