{"id":1459,"date":"2012-02-13T19:33:59","date_gmt":"2012-02-13T18:33:59","guid":{"rendered":"http:\/\/www.odszkodowania.info.pl\/?p=1459"},"modified":"2012-02-13T19:33:59","modified_gmt":"2012-02-13T18:33:59","slug":"miliarder-i-baron-skazani-za-eternit","status":"publish","type":"post","link":"https:\/\/www.odszkodowania.info.pl\/?p=1459","title":{"rendered":"Miliarder i baron skazani za eternit"},"content":{"rendered":"<p>Szwajcarski miliarder i belgijski baron zostali przez w\u0142oski s\u0105d skazani zaocznie na 16 lat wi\u0119zienia. Z powodu pracy w ich fabrykach produkuj\u0105cych eternit, kt\u00f3ry zawiera azbest, zmar\u0142o ponad dwa tysi\u0105ce os\u00f3b. To najwi\u0119kszy tego typu proces w historii. Proces ci\u0105gn\u0105\u0142 si\u0119 od 2009 r., a poprzedzi\u0142o go pi\u0119cioletnie dochodzenie. By\u0142 najwi\u0119ksz\u0105 tego typu rozpraw\u0105 zwi\u0105zan\u0105 z azbestem, kt\u00f3rego u\u017cywanie zosta\u0142o ostatecznie zakazane w Europie w 2005 roku.<\/p>\n<p><strong>S\u0105d nie mia\u0142 w\u0105tpliwo\u015bci<\/strong><\/p>\n<p>Produkowany z u\u017cyciem \u015bmierciono\u015bnej substancji oraz cementu eternit by\u0142 zakazany we W\u0142oszech ju\u017c pod koniec lat 80. Tam w\u0142a\u015bnie &#8211; w Cavagnolo, Casale Monferrato, Bagnoli i Rubiera &#8211; znajdowa\u0142y si\u0119 fabryki firmy Eternit nale\u017c\u0105ce do szwajcarskiego miliardera Stephana Schmidheiny&#8217;ego oraz posiadaj\u0105cego wi\u0119kszo\u015b\u0107 udzia\u0142\u00f3w w przedsi\u0119wzi\u0119ciu belgijskiego barona Jean-Louisa Marie Ghislaina de Cartier de Marchienne&#8217;a.<\/p>\n<p>Prokurator, kt\u00f3ry \u017c\u0105da\u0142 dla obu biznesmen\u00f3w kar po 20 lat wi\u0119zienia, oskar\u017cy\u0142 ich o brak dzia\u0142a\u0144 mog\u0105cych zapobiec urazom i chorobom spowodowanym azbestem (m.in. rak p\u0142uc i pylica azbestowa). Choroby te przyczyni\u0142y si\u0119 do \u015bmierci 2191 by\u0142ych pracownik\u00f3w i ich 270 krewnych oraz mieszka\u0144c\u00f3w miejscowo\u015bci, w kt\u00f3rych znajdowa\u0142y si\u0119 fabryki. Obecnie choruje z tego powodu 665 os\u00f3b. S\u0105d skaza\u0142 obu biznesmen\u00f3w na 16 lat wi\u0119zienia.<\/p>\n<p><strong>&#8222;Ten proces przejdzie do historii&#8221;<\/strong><\/p>\n<p>Na decyzj\u0119 s\u0105du czeka\u0142y rodziny zmar\u0142ych pracownik\u00f3w firmy Schmidheiny&#8217;ego i jego wsp\u00f3lnika. Oko\u0142o p\u00f3\u0142tora tysi\u0105ca os\u00f3b ogl\u0105da\u0142o werdykt na trzech telebimach przed s\u0105dem w Turynie. Trzymali oni w r\u0119kach transparenty z napisami &#8222;Pa\u0144stwo o nas zapomnia\u0142o&#8221; i &#8222;Wstyd!&#8221;<\/p>\n<p>&#8211; Ten proces przejdzie do historii, ale nie przywr\u00f3ci \u017cycia mojemu ojcu &#8211; powiedzia\u0142 Piero Ferraris, kt\u00f3rego ojciec Evasio zmar\u0142 w 1988 r. na raka p\u0142uc po przepracowaniu w firmie Eternit ponad 30 lat.<\/p>\n<p>&#8211; Nigdy nie spotka\u0142em si\u0119 z tak\u0105 tragedi\u0105, kt\u00f3ra dotkn\u0119\u0142a nie tylko pracownik\u00f3w, ale tak\u017ce mieszka\u0144c\u00f3w regionu. To wci\u0105\u017c trwa i b\u0119dzie trwa\u0107 nie wiadomo, jak d\u0142ugo jeszcze &#8211; powiedzia\u0142 prokurator Raffaele Guariniello.<\/p>\n<p>&#8211; To historyczny wyrok. Ale bitwa jeszcze si\u0119 nie sko\u0144czy\u0142a &#8211; skomentowa\u0142 orzeczenie w\u0142oski minister zdrowia Renato Balduzzi.<\/p>\n<p>Do sali s\u0105dowej na odczytanie wyroku przyby\u0142o tak\u017ce 15 burmistrz\u00f3w z krainy Monferrato, gdzie znajdowa\u0142a si\u0119 najwi\u0119ksza fabryka azbestu.<\/p>\n<p><strong>To nie jedyny ich proces<\/strong><\/p>\n<p>Schmidheiny, kt\u00f3ry ma obecnie 64 lata i de Cartier (90 lat) nie pojawili si\u0119 na procesie. Ich obro\u0144ca odrzuci\u0142 oskar\u017cenia prokuratora o to, \u017ce mieli oni bezpo\u015bredni wp\u0142yw na \u015bmier\u0107 tylu os\u00f3b.<\/p>\n<p>Przeciwko obu bieznesmenom toczy\u0142y si\u0119 ju\u017c procesy w innych krajach. W Szwajcarii uleg\u0142y one przedawnieniu, w Belgii s\u0105d skaza\u0142 ich firm\u0119 na 250 tys. euro odszkodowania dla ofiar azbestu.<\/p>\n<p>W Polsce krycie dach\u00f3w eternitem popularne by\u0142o w latach 70. i 80., kiedy to wypar\u0142 dro\u017csz\u0105 dach\u00f3wk\u0119. Jest materia\u0142em ogniotrwa\u0142ym i odpornym na warunki atmosferyczne. Niestety, bardzo szkodliwym. Demonta\u017cem eternitu powinny zajmowa\u0107 si\u0119 specjalistyczne firmy, a on sam musi by\u0107 sk\u0142adowany w przygotowanych do tego miejscach. W Polsce u\u017cycie azbestu, jego produkcja i obr\u00f3t zakazany jest od 1997 r.<\/p>\n<p>gazeta.pl<\/p>\n","protected":false},"excerpt":{"rendered":"<p>Szwajcarski miliarder i belgijski baron zostali przez w\u0142oski s\u0105d skazani zaocznie na 16 lat wi\u0119zienia. Z powodu pracy w ich fabrykach produkuj\u0105cych eternit, kt\u00f3ry zawiera azbest, zmar\u0142o ponad dwa tysi\u0105ce os\u00f3b. To najwi\u0119kszy tego typu proces w historii. Proces ci\u0105gn\u0105\u0142 si\u0119 od 2009 r., a poprzedzi\u0142o go pi\u0119cioletnie dochodzenie. By\u0142 najwi\u0119ksz\u0105 tego typu rozpraw\u0105 zwi\u0105zan\u0105 [&hellip;]<\/p>\n","protected":false},"author":2,"featured_media":0,"comment_status":"open","ping_status":"open","sticky":false,"template":"","format":"standard","meta":{"footnotes":""},"categories":[8],"tags":[12],"class_list":["post-1459","post","type-post","status-publish","format-standard","hentry","category-aktualnosci","tag-odszkodowanie"],"_links":{"self":[{"href":"https:\/\/www.odszkodowania.info.pl\/index.php?rest_route=\/wp\/v2\/posts\/1459","targetHints":{"allow":["GET"]}}],"collection":[{"href":"https:\/\/www.odszkodowania.info.pl\/index.php?rest_route=\/wp\/v2\/posts"}],"about":[{"href":"https:\/\/www.odszkodowania.info.pl\/index.php?rest_route=\/wp\/v2\/types\/post"}],"author":[{"embeddable":true,"href":"https:\/\/www.odszkodowania.info.pl\/index.php?rest_route=\/wp\/v2\/users\/2"}],"replies":[{"embeddable":true,"href":"https:\/\/www.odszkodowania.info.pl\/index.php?rest_route=%2Fwp%2Fv2%2Fcomments&post=1459"}],"version-history":[{"count":1,"href":"https:\/\/www.odszkodowania.info.pl\/index.php?rest_route=\/wp\/v2\/posts\/1459\/revisions"}],"predecessor-version":[{"id":1460,"href":"https:\/\/www.odszkodowania.info.pl\/index.php?rest_route=\/wp\/v2\/posts\/1459\/revisions\/1460"}],"wp:attachment":[{"href":"https:\/\/www.odszkodowania.info.pl\/index.php?rest_route=%2Fwp%2Fv2%2Fmedia&parent=1459"}],"wp:term":[{"taxonomy":"category","embeddable":true,"href":"https:\/\/www.odszkodowania.info.pl\/index.php?rest_route=%2Fwp%2Fv2%2Fcategories&post=1459"},{"taxonomy":"post_tag","embeddable":true,"href":"https:\/\/www.odszkodowania.info.pl\/index.php?rest_route=%2Fwp%2Fv2%2Ftags&post=1459"}],"curies":[{"name":"wp","href":"https:\/\/api.w.org\/{rel}","templated":true}]}}