{"id":1466,"date":"2012-02-16T01:18:23","date_gmt":"2012-02-16T00:18:23","guid":{"rendered":"http:\/\/www.odszkodowania.info.pl\/?p=1466"},"modified":"2012-02-16T01:18:23","modified_gmt":"2012-02-16T00:18:23","slug":"opozycjonista-walczy-o-odszkodowanie","status":"publish","type":"post","link":"https:\/\/www.odszkodowania.info.pl\/?p=1466","title":{"rendered":"Opozycjonista walczy o odszkodowanie"},"content":{"rendered":"<p>Zado\u015b\u0107uczynienie za internowanie ponownie we wroc\u0142awskim s\u0105dzie. O 250 tys. z\u0142 walczy Adam S\u0142omka, kt\u00f3ry nie wyklucza, \u017ce za\u017c\u0105da wi\u0119cej pieni\u0119dzy. Ten by\u0142y kandydat na prezydenta Polski, kt\u00f3ry ostatnio zas\u0142yn\u0105\u0142 awantur\u0105 podczas wyroku za wprowadzenie stanu wojennego, pojawi\u0142 si\u0119 dzi\u015b w stolicy regionu. Jak m\u00f3wi, w dotychczasowych procesach pojawia\u0142 si\u0119 ten sam s\u0119dzia i jest to niedopuszczalne. Wroc\u0142awski s\u0105d zdecydowa\u0142 dzi\u015b o skierowaniu sprawy Adama S\u0142omki do ponownego rozpatrzenia. Wnioskodawca zosta\u0142 internowany w 1982 roku. Trafi\u0142 do wi\u0119zienia na 3 lata.<\/p>\n","protected":false},"excerpt":{"rendered":"<p>Zado\u015b\u0107uczynienie za internowanie ponownie we wroc\u0142awskim s\u0105dzie. O 250 tys. z\u0142 walczy Adam S\u0142omka, kt\u00f3ry nie wyklucza, \u017ce za\u017c\u0105da wi\u0119cej pieni\u0119dzy. Ten by\u0142y kandydat na prezydenta Polski, kt\u00f3ry ostatnio zas\u0142yn\u0105\u0142 awantur\u0105 podczas wyroku za wprowadzenie stanu wojennego, pojawi\u0142 si\u0119 dzi\u015b w stolicy regionu. Jak m\u00f3wi, w dotychczasowych procesach pojawia\u0142 si\u0119 ten sam s\u0119dzia i jest [&hellip;]<\/p>\n","protected":false},"author":2,"featured_media":0,"comment_status":"open","ping_status":"open","sticky":false,"template":"","format":"standard","meta":{"footnotes":""},"categories":[8],"tags":[12,13],"class_list":["post-1466","post","type-post","status-publish","format-standard","hentry","category-aktualnosci","tag-odszkodowanie","tag-zadoscuczynienie"],"_links":{"self":[{"href":"https:\/\/www.odszkodowania.info.pl\/index.php?rest_route=\/wp\/v2\/posts\/1466","targetHints":{"allow":["GET"]}}],"collection":[{"href":"https:\/\/www.odszkodowania.info.pl\/index.php?rest_route=\/wp\/v2\/posts"}],"about":[{"href":"https:\/\/www.odszkodowania.info.pl\/index.php?rest_route=\/wp\/v2\/types\/post"}],"author":[{"embeddable":true,"href":"https:\/\/www.odszkodowania.info.pl\/index.php?rest_route=\/wp\/v2\/users\/2"}],"replies":[{"embeddable":true,"href":"https:\/\/www.odszkodowania.info.pl\/index.php?rest_route=%2Fwp%2Fv2%2Fcomments&post=1466"}],"version-history":[{"count":1,"href":"https:\/\/www.odszkodowania.info.pl\/index.php?rest_route=\/wp\/v2\/posts\/1466\/revisions"}],"predecessor-version":[{"id":1467,"href":"https:\/\/www.odszkodowania.info.pl\/index.php?rest_route=\/wp\/v2\/posts\/1466\/revisions\/1467"}],"wp:attachment":[{"href":"https:\/\/www.odszkodowania.info.pl\/index.php?rest_route=%2Fwp%2Fv2%2Fmedia&parent=1466"}],"wp:term":[{"taxonomy":"category","embeddable":true,"href":"https:\/\/www.odszkodowania.info.pl\/index.php?rest_route=%2Fwp%2Fv2%2Fcategories&post=1466"},{"taxonomy":"post_tag","embeddable":true,"href":"https:\/\/www.odszkodowania.info.pl\/index.php?rest_route=%2Fwp%2Fv2%2Ftags&post=1466"}],"curies":[{"name":"wp","href":"https:\/\/api.w.org\/{rel}","templated":true}]}}