{"id":1477,"date":"2012-02-24T11:15:08","date_gmt":"2012-02-24T10:15:08","guid":{"rendered":"http:\/\/www.odszkodowania.info.pl\/?p=1477"},"modified":"2012-02-24T11:15:08","modified_gmt":"2012-02-24T10:15:08","slug":"byly-prezes-rafinerii-zada-13-mln-zl-za-areszt","status":"publish","type":"post","link":"https:\/\/www.odszkodowania.info.pl\/?p=1477","title":{"rendered":"By\u0142y prezes Rafinerii \u017c\u0105da 13 mln z\u0142 za areszt"},"content":{"rendered":"<p>Przed krakowskim s\u0105dem rozpocz\u0105\u0142 si\u0119 proces o gigantyczne odszkodowanie, jakiego za kilka miesi\u0119cy sp\u0119dzonych w areszcie domaga si\u0119 by\u0142y prezes Rafinerii Trzebinia Grzegorz \u015a. Grzegorz \u015a. chce ponad 13 mln z\u0142 odszkodowania w zwi\u0105zku z tymczasowym aresztowaniem go na polecenie krakowskiej prokuratury apelacyjnej w grudniu 2009 roku. W areszcie sp\u0119dzi\u0142 pi\u0119\u0107 miesi\u0119cy, wolno\u015b\u0107 odzyska\u0142 w kwietniu 2010 roku. Prokuratura podejrzewa\u0142a go o nieprawid\u0142owo\u015bci w zwi\u0105zku z &#8211; jak twierdzi\u0142a &#8211; finansowaniem firm z sektora paliwowego. Zarzuty dotyczy\u0142y okresu, gdy Grzegorz \u015a. by\u0142 szefem jednego z krakowskich oddzia\u0142\u00f3w og\u00f3lnopolskiego banku. Zdaniem \u015bledczych mia\u0142 narazi\u0107 go na straty. Ale zarzuty upad\u0142y, a prokuratura ostatecznie w listopadzie 2010 roku umorzy\u0142a post\u0119powanie.<\/p>\n<p>Grzegorz \u015a. wyst\u0105pi\u0142 w zwi\u0105zku z tym z wnioskiem do s\u0105du o odszkodowanie i zado\u015b\u0107uczynienie za nies\u0142uszne aresztowanie. Na ponad 13 mln z\u0142 wyliczy\u0142 utracone zarobki w dw\u00f3ch sp\u00f3\u0142kach, premie oraz zyski zwi\u0105zane z planowanym debiutem gie\u0142dowym jednej ze sp\u00f3\u0142ek, do kt\u00f3rego &#8211; z powodu aresztowania Grzegorza \u015a. &#8211; nie dosz\u0142o. Z kolei 400 tys. z\u0142 to wnioskowane zado\u015b\u0107uczynienie za naruszone dobra osobiste, m.in. utrat\u0119 dobrego imienia w \u015brodowiskach gospodarczych na rynku polskim i niemieckim. \u015a. w momencie zatrzymania kierowa\u0142 bowiem sp\u00f3\u0142k\u0105 zajmuj\u0105c\u0105 si\u0119 energi\u0105 odnawialn\u0105. Wczoraj przed s\u0105dem szczeg\u00f3\u0142owo przedstawia\u0142 poniesione straty.<\/p>\n<p><strong>S\u0105d odroczy\u0142 proces do kwietnia.<\/strong><\/p>\n<p>Grzegorz \u015a. jest te\u017c oskar\u017conym w dw\u00f3ch procesach dotycz\u0105cych nieprawid\u0142owo\u015bci podatkowych i nara\u017cenia na straty Rafinerii Trzebinia, kt\u00f3r\u0105 te\u017c kierowa\u0142.<\/p>\n<p>gazeta.pl<\/p>\n","protected":false},"excerpt":{"rendered":"<p>Przed krakowskim s\u0105dem rozpocz\u0105\u0142 si\u0119 proces o gigantyczne odszkodowanie, jakiego za kilka miesi\u0119cy sp\u0119dzonych w areszcie domaga si\u0119 by\u0142y prezes Rafinerii Trzebinia Grzegorz \u015a. Grzegorz \u015a. chce ponad 13 mln z\u0142 odszkodowania w zwi\u0105zku z tymczasowym aresztowaniem go na polecenie krakowskiej prokuratury apelacyjnej w grudniu 2009 roku. W areszcie sp\u0119dzi\u0142 pi\u0119\u0107 miesi\u0119cy, wolno\u015b\u0107 odzyska\u0142 w [&hellip;]<\/p>\n","protected":false},"author":2,"featured_media":0,"comment_status":"open","ping_status":"open","sticky":false,"template":"","format":"standard","meta":{"footnotes":""},"categories":[8],"tags":[12,13],"class_list":["post-1477","post","type-post","status-publish","format-standard","hentry","category-aktualnosci","tag-odszkodowanie","tag-zadoscuczynienie"],"_links":{"self":[{"href":"https:\/\/www.odszkodowania.info.pl\/index.php?rest_route=\/wp\/v2\/posts\/1477","targetHints":{"allow":["GET"]}}],"collection":[{"href":"https:\/\/www.odszkodowania.info.pl\/index.php?rest_route=\/wp\/v2\/posts"}],"about":[{"href":"https:\/\/www.odszkodowania.info.pl\/index.php?rest_route=\/wp\/v2\/types\/post"}],"author":[{"embeddable":true,"href":"https:\/\/www.odszkodowania.info.pl\/index.php?rest_route=\/wp\/v2\/users\/2"}],"replies":[{"embeddable":true,"href":"https:\/\/www.odszkodowania.info.pl\/index.php?rest_route=%2Fwp%2Fv2%2Fcomments&post=1477"}],"version-history":[{"count":1,"href":"https:\/\/www.odszkodowania.info.pl\/index.php?rest_route=\/wp\/v2\/posts\/1477\/revisions"}],"predecessor-version":[{"id":1478,"href":"https:\/\/www.odszkodowania.info.pl\/index.php?rest_route=\/wp\/v2\/posts\/1477\/revisions\/1478"}],"wp:attachment":[{"href":"https:\/\/www.odszkodowania.info.pl\/index.php?rest_route=%2Fwp%2Fv2%2Fmedia&parent=1477"}],"wp:term":[{"taxonomy":"category","embeddable":true,"href":"https:\/\/www.odszkodowania.info.pl\/index.php?rest_route=%2Fwp%2Fv2%2Fcategories&post=1477"},{"taxonomy":"post_tag","embeddable":true,"href":"https:\/\/www.odszkodowania.info.pl\/index.php?rest_route=%2Fwp%2Fv2%2Ftags&post=1477"}],"curies":[{"name":"wp","href":"https:\/\/api.w.org\/{rel}","templated":true}]}}