{"id":1500,"date":"2012-03-12T12:16:17","date_gmt":"2012-03-12T11:16:17","guid":{"rendered":"http:\/\/www.odszkodowania.info.pl\/?p=1500"},"modified":"2012-03-12T12:16:17","modified_gmt":"2012-03-12T11:16:17","slug":"producent-kac-wawa-pozywa-raczka-stracilem-przez-niego-kilka-milionow","status":"publish","type":"post","link":"https:\/\/www.odszkodowania.info.pl\/?p=1500","title":{"rendered":"Producent &#8222;Kac Wawa&#8221; pozywa Raczka. &#8222;Straci\u0142em przez niego kilka milion\u00f3w&#8221;"},"content":{"rendered":"<p>&#8211; Oczekuj\u0119, \u017ce Tomasz Raczek straci wiarygodno\u015b\u0107 jako krytyk filmowy, bo zdaniem moich prawnik\u00f3w z\u0142ama\u0142 zasady etyki dziennikarskiej &#8211; powiedzia\u0142 tw\u00f3rca filmu &#8222;Kac Wawa&#8221; Jacek Samoj\u0142owicz dla &#8222;Super Expressu&#8221;. Dodaje, \u017ce przez druzgoc\u0105c\u0105 recenzj\u0119 Raczka straci\u0142 kilka milion\u00f3w wp\u0142yw\u00f3w i takiej te\u017c sumy b\u0119dzie domaga\u0142 si\u0119 na drodze s\u0105dowej. Jacek Samoj\u0142owicz przyznaje, \u017ce krytyk ma prawo wyg\u0142asza\u0107 negatywne opinie o filmie. Jednak uwa\u017ca, \u017ce nie mo\u017ce ju\u017c nawo\u0142ywa\u0107 do bojkotu, bo to ogranicza prawo widza do samodzielnej oceny dzie\u0142a filmowego. &#8211; Zniech\u0119canie do ogl\u0105dania to ju\u017c dzia\u0142anie biznesowe na szkod\u0119 naszych interes\u00f3w ekonomicznych. Mam dane dotycz\u0105ce frekwencji w kinach przed wypowiedziami tego pana i po nich. I b\u0119d\u0119 domaga\u0142 si\u0119 zwrotu moich strat w wysoko\u015bci kilku milion\u00f3w z\u0142otych &#8211; m\u00f3wi\u0142 producent filmu &#8222;Kac Wawa&#8221; dla &#8222;Super Expressu&#8221;.<\/p>\n<p><strong>&#8222;Ten film powinien ponie\u015b\u0107 kl\u0119sk\u0119 frekwencyjn\u0105&#8221;<\/strong><\/p>\n<p>Chodzi o druzgoc\u0105ce wypowiedzi o filmie, kt\u00f3re Tomasz Raczek zamie\u015bci\u0142 na swoim profilu na Facebooku. &#8222;Szczerze i nieodwo\u0142alnie odradzam p\u00f3j\u015bcie na KAC WAWA do kina. Ten film powinien ponie\u015b\u0107 kl\u0119sk\u0119 frekwencyjn\u0105 &#8211; mo\u017ce to nauczy\u0142oby czego\u015b producent\u00f3w. WSTYD!&#8221; &#8211; napisa\u0142 Raczek. T\u0142umaczy\u0142, \u017ce &#8222;ju\u017c nie pami\u0119ta, aby w kinie by\u0142 tak g\u0142\u0119boko za\u017cenowany&#8221;. &#8222;To nie jest po prostu z\u0142y film. Ten film jest jak choroba, jak nowotw\u00f3r z\u0142o\u015bliwy: zabija wiar\u0119 w kino i szacunek do aktor\u00f3w&#8221; &#8211; pisa\u0142.<\/p>\n<p>Z\u0142a prasa najwyra\u017aniej przyczyni\u0142a si\u0119 do \u015bredniej frekwencji na pokazach &#8222;Kac Wawy&#8221;. W ci\u0105gu pierwszych trzech dni od premiery komedi\u0119 w re\u017cyserii \u0141ukasza Karwowskiego obejrza\u0142o ponad 73 tys. widz\u00f3w. Dla por\u00f3wnania maj\u0105cy r\u00f3wnie z\u0142e recenzje &#8222;Wyjazd integracyjny&#8221; w ci\u0105gu pierwszego weekendu obejrza\u0142o prawie 277,5 tys., a komedi\u0119 Marka Koterskiego &#8222;Baby s\u0105 jakie\u015b inne&#8221; &#8211; 263,7 tys.<\/p>\n<p>gazeta.pl<\/p>\n","protected":false},"excerpt":{"rendered":"<p>&#8211; Oczekuj\u0119, \u017ce Tomasz Raczek straci wiarygodno\u015b\u0107 jako krytyk filmowy, bo zdaniem moich prawnik\u00f3w z\u0142ama\u0142 zasady etyki dziennikarskiej &#8211; powiedzia\u0142 tw\u00f3rca filmu &#8222;Kac Wawa&#8221; Jacek Samoj\u0142owicz dla &#8222;Super Expressu&#8221;. Dodaje, \u017ce przez druzgoc\u0105c\u0105 recenzj\u0119 Raczka straci\u0142 kilka milion\u00f3w wp\u0142yw\u00f3w i takiej te\u017c sumy b\u0119dzie domaga\u0142 si\u0119 na drodze s\u0105dowej. Jacek Samoj\u0142owicz przyznaje, \u017ce krytyk ma [&hellip;]<\/p>\n","protected":false},"author":2,"featured_media":0,"comment_status":"open","ping_status":"open","sticky":false,"template":"","format":"standard","meta":{"footnotes":""},"categories":[8],"tags":[12],"class_list":["post-1500","post","type-post","status-publish","format-standard","hentry","category-aktualnosci","tag-odszkodowanie"],"_links":{"self":[{"href":"https:\/\/www.odszkodowania.info.pl\/index.php?rest_route=\/wp\/v2\/posts\/1500","targetHints":{"allow":["GET"]}}],"collection":[{"href":"https:\/\/www.odszkodowania.info.pl\/index.php?rest_route=\/wp\/v2\/posts"}],"about":[{"href":"https:\/\/www.odszkodowania.info.pl\/index.php?rest_route=\/wp\/v2\/types\/post"}],"author":[{"embeddable":true,"href":"https:\/\/www.odszkodowania.info.pl\/index.php?rest_route=\/wp\/v2\/users\/2"}],"replies":[{"embeddable":true,"href":"https:\/\/www.odszkodowania.info.pl\/index.php?rest_route=%2Fwp%2Fv2%2Fcomments&post=1500"}],"version-history":[{"count":1,"href":"https:\/\/www.odszkodowania.info.pl\/index.php?rest_route=\/wp\/v2\/posts\/1500\/revisions"}],"predecessor-version":[{"id":1501,"href":"https:\/\/www.odszkodowania.info.pl\/index.php?rest_route=\/wp\/v2\/posts\/1500\/revisions\/1501"}],"wp:attachment":[{"href":"https:\/\/www.odszkodowania.info.pl\/index.php?rest_route=%2Fwp%2Fv2%2Fmedia&parent=1500"}],"wp:term":[{"taxonomy":"category","embeddable":true,"href":"https:\/\/www.odszkodowania.info.pl\/index.php?rest_route=%2Fwp%2Fv2%2Fcategories&post=1500"},{"taxonomy":"post_tag","embeddable":true,"href":"https:\/\/www.odszkodowania.info.pl\/index.php?rest_route=%2Fwp%2Fv2%2Ftags&post=1500"}],"curies":[{"name":"wp","href":"https:\/\/api.w.org\/{rel}","templated":true}]}}