{"id":1508,"date":"2012-03-16T17:48:15","date_gmt":"2012-03-16T16:48:15","guid":{"rendered":"http:\/\/www.odszkodowania.info.pl\/?p=1508"},"modified":"2012-03-16T17:48:15","modified_gmt":"2012-03-16T16:48:15","slug":"michalkiewicz-dostal-40-tys-zl-odszkodowania-za-areszt","status":"publish","type":"post","link":"https:\/\/www.odszkodowania.info.pl\/?p=1508","title":{"rendered":"Micha\u0142kiewicz dosta\u0142 40 tys. z\u0142 odszkodowania za areszt"},"content":{"rendered":"<p>40 tys. z\u0142 za 9 miesi\u0119cy sp\u0119dzonych w areszcie to zado\u015b\u0107uczynienie dla Krzysztofa Micha\u0142kiewicza. O tym czy, i ile odszkodowania otrzyma parlamentarzysta zdecyduje s\u0105d okr\u0119gowy. Krzysztof Micha\u0142kiewicz, dzi\u015b lider lubelskiego PIS, w latach 80 by\u0142 czynnie dzia\u0142aj\u0105cym opozycjonist\u0105 i cz\u0142onkiem \u015bwidnickiej Solidarno\u015bci. Po wprowadzeniu stanu wojennego s\u0105d wojskowy skaza\u0142 go na 2,5 roku wi\u0119zienia. W areszcie sp\u0119dzi\u0142 9 miesi\u0119cy. Za czas sp\u0119dzony za kratkami pose\u0142 domaga\u0142 si\u0119 200 ty z\u0142 odszkodowania.<\/p>\n<p>W czwartek S\u0105d Apelacyjny w Lublinie obliczy\u0142 zado\u015b\u0107uczynienie za krzywdy moralne zwi\u0105zane z aresztowaniem na 40 tys.z\u0142. Odm\u00f3wi\u0142 natomiast wyp\u0142aty odszkodowanie za utracone zarobki. Zdecydowa\u0142 natomiast, \u017ce t\u0105 kwesti\u0119 ponownie rozstrzygn\u0105\u0107 musi S\u0105d Okr\u0119gowy, kt\u00f3ry jednoznacznie oceni, czy w tym przypadku zaistnia\u0142a szkoda maj\u0105tkowa. Je\u015bli tak to obliczy\u0107 wysoko\u015b\u0107 odszkodowania. <\/p>\n","protected":false},"excerpt":{"rendered":"<p>40 tys. z\u0142 za 9 miesi\u0119cy sp\u0119dzonych w areszcie to zado\u015b\u0107uczynienie dla Krzysztofa Micha\u0142kiewicza. O tym czy, i ile odszkodowania otrzyma parlamentarzysta zdecyduje s\u0105d okr\u0119gowy. Krzysztof Micha\u0142kiewicz, dzi\u015b lider lubelskiego PIS, w latach 80 by\u0142 czynnie dzia\u0142aj\u0105cym opozycjonist\u0105 i cz\u0142onkiem \u015bwidnickiej Solidarno\u015bci. Po wprowadzeniu stanu wojennego s\u0105d wojskowy skaza\u0142 go na 2,5 roku wi\u0119zienia. W [&hellip;]<\/p>\n","protected":false},"author":2,"featured_media":0,"comment_status":"open","ping_status":"open","sticky":false,"template":"","format":"standard","meta":{"footnotes":""},"categories":[8],"tags":[12],"class_list":["post-1508","post","type-post","status-publish","format-standard","hentry","category-aktualnosci","tag-odszkodowanie"],"_links":{"self":[{"href":"https:\/\/www.odszkodowania.info.pl\/index.php?rest_route=\/wp\/v2\/posts\/1508","targetHints":{"allow":["GET"]}}],"collection":[{"href":"https:\/\/www.odszkodowania.info.pl\/index.php?rest_route=\/wp\/v2\/posts"}],"about":[{"href":"https:\/\/www.odszkodowania.info.pl\/index.php?rest_route=\/wp\/v2\/types\/post"}],"author":[{"embeddable":true,"href":"https:\/\/www.odszkodowania.info.pl\/index.php?rest_route=\/wp\/v2\/users\/2"}],"replies":[{"embeddable":true,"href":"https:\/\/www.odszkodowania.info.pl\/index.php?rest_route=%2Fwp%2Fv2%2Fcomments&post=1508"}],"version-history":[{"count":1,"href":"https:\/\/www.odszkodowania.info.pl\/index.php?rest_route=\/wp\/v2\/posts\/1508\/revisions"}],"predecessor-version":[{"id":1509,"href":"https:\/\/www.odszkodowania.info.pl\/index.php?rest_route=\/wp\/v2\/posts\/1508\/revisions\/1509"}],"wp:attachment":[{"href":"https:\/\/www.odszkodowania.info.pl\/index.php?rest_route=%2Fwp%2Fv2%2Fmedia&parent=1508"}],"wp:term":[{"taxonomy":"category","embeddable":true,"href":"https:\/\/www.odszkodowania.info.pl\/index.php?rest_route=%2Fwp%2Fv2%2Fcategories&post=1508"},{"taxonomy":"post_tag","embeddable":true,"href":"https:\/\/www.odszkodowania.info.pl\/index.php?rest_route=%2Fwp%2Fv2%2Ftags&post=1508"}],"curies":[{"name":"wp","href":"https:\/\/api.w.org\/{rel}","templated":true}]}}