{"id":1545,"date":"2012-04-20T10:30:47","date_gmt":"2012-04-20T09:30:47","guid":{"rendered":"http:\/\/www.odszkodowania.info.pl\/?p=1545"},"modified":"2012-04-20T10:30:47","modified_gmt":"2012-04-20T09:30:47","slug":"przetarl-kierowcom-droge-sadowa-przeciwko-firmom-ubezpieczeniowym","status":"publish","type":"post","link":"https:\/\/www.odszkodowania.info.pl\/?p=1545","title":{"rendered":"Przetar\u0142 kierowcom drog\u0119 s\u0105dow\u0105 przeciwko firmom ubezpieczeniowym"},"content":{"rendered":"<p>PZU bezprawnie odmawia wyp\u0142aty ubezpieczenia kierowcom, kt\u00f3rych samoch\u00f3d w dniu wypadku nie mia\u0142 wa\u017cnych bada\u0144 technicznych. Tak uwa\u017ca Urz\u0105d Ochrony Konkurencji i Konsumenta, a tak\u017ce opolski s\u0105d, kt\u00f3ry w \u015brod\u0119 przyzna\u0142 w takiej sprawie racj\u0119 poszkodowanemu m\u0119\u017cczy\u017anie.<br \/>\nNa pocz\u0105tku marca 2011 r. pan Andrzej jecha\u0142 z Opola w kierunku Krapkowic. Jeszcze przed Chorul\u0105, na le\u015bnym odcinku drogi, zobaczy\u0142 wbiegaj\u0105ce na szos\u0119 sarny. Pr\u00f3bowa\u0142 odbi\u0107 w bok, to jednak nic nie da\u0142o, jedno ze zwierz\u0105t wyl\u0105dowa\u0142o na masce.<\/p>\n<p>&#8211; Ca\u0142y prz\u00f3d samochodu zosta\u0142 zniszczony, zmia\u017cd\u017cone ch\u0142odnice. Samoch\u00f3d odda\u0142em do naprawy autoryzowanemu serwisowi. Rachunek opiewa\u0142 na ponad 13 tys. z\u0142. Gdy odebra\u0142em go po naprawie, napisa\u0142em deklaracj\u0119, \u017ce gdy tylko zak\u0142ad ubezpieczeniowy przeleje mi pieni\u0105dze, przeka\u017c\u0119 je warsztatowi &#8211; opowiada Andrzej Gierczak.<\/p>\n<p><strong>Dwa miesi\u0105ce bez badania<\/strong><\/p>\n<p>Na pocz\u0105tku wszystko wydawa\u0142o si\u0119 w porz\u0105dku: z m\u0119\u017cczyzn\u0105 skontaktowa\u0142a si\u0119 przedstawicielka PZU. Poprosi\u0142a o numer konta warsztatu, a po kilku dniach okaza\u0142o si\u0119, \u017ce ubezpieczyciel pieni\u0119dzy jednak nie wyp\u0142aci.<\/p>\n<p>PZU powo\u0142a\u0142o si\u0119 na klauzul\u0119 w umowie ubezpieczenia, kt\u00f3ra m\u00f3wi, \u017ce &#8222;ubezpieczyciel nie odpowiada za szkody, gdy w chwili zaistnienia szkody pojazd nie by\u0142 zarejestrowany lub nie posiada\u0142 wa\u017cnego badania technicznego&#8221;.<\/p>\n<p>&#8211; By\u0142em zupe\u0142nie za\u0142amany, bo wykupi\u0142em pe\u0142ny pakiet, a okaza\u0142o si\u0119, \u017ce musz\u0119 p\u0142aci\u0107 za napraw\u0119. Pewnie nie by\u0142oby ca\u0142ej sprawy, gdyby nie brak wa\u017cnego przegl\u0105du technicznego. Kupi\u0142em vw tourana w salonie w kwietniu 2010 r., wi\u0119c by\u0142em pewien, \u017ce przegl\u0105d musz\u0119 zrobi\u0107 za rok. Okaza\u0142o si\u0119, \u017ce auto by\u0142o sprowadzone w styczniu i ju\u017c wtedy mia\u0142o badanie. Zupe\u0142nie nie\u015bwiadomie dwa miesi\u0105ce je\u017adzi\u0142em bez wa\u017cnego badania &#8211; wspomina m\u0119\u017cczyzna. I dodaje, \u017ce prawnik poradzi\u0142 mu, by skierowa\u0142 spraw\u0119 do s\u0105du.<\/p>\n<p>&#8211; Rozpocz\u0105\u0142em walk\u0119 z du\u017c\u0105 firm\u0105 ubezpieczeniow\u0105, kt\u00f3ra przypomina\u0142a walk\u0119 z wiatrakami &#8211; m\u00f3wi pan Andrzej.<\/p>\n<p>&#8211; Wcze\u015bniej nie chciano zawrze\u0107 ugody, w trakcie ca\u0142ego procesu odmawiano wyp\u0142aty odszkodowania &#8211; dodaje adwokat Grzegorz Prigan, pe\u0142nomocnik m\u0119\u017cczyzny.<\/p>\n<p><strong>Pop\u0142ynie fala pozw\u00f3w<\/strong><\/p>\n<p>W pierwszej instancji s\u0105d przyzna\u0142 racj\u0119 PZU, a po odwo\u0142aniu m\u0119\u017cczyzny, S\u0105d Okr\u0119gowy wzi\u0105\u0142 pod uwag\u0119 opini\u0119 Rzecznika Ubezpieczonych, kt\u00f3ry wyra\u017anie zaznaczy\u0142, \u017ce powinno doj\u015b\u0107 do wyp\u0142aty odszkodowania, bo nie ma \u017cadnego zwi\u0105zku przyczynowo-skutkowego mi\u0119dzy wypadkiem a zaniedbaniem wykonania bada\u0144 technicznych.<\/p>\n<p>S\u0105d przyzna\u0142 w \u015brod\u0119 racj\u0119 panu Andrzejowi i uzna\u0142, \u017ce jedyn\u0105 przyczyn\u0105 wypadku by\u0142o zderzenie z dzikim zwierz\u0119ciem. Nakaza\u0142 PZU zwrot koszt\u00f3w naprawy pojazdu, wynaj\u0119cia pe\u0142nomocnika i pokrycie koszt\u00f3w s\u0105dowych.<\/p>\n<p>Pan Andrzej po wyj\u015bciu z sali s\u0105dowej nie kry\u0142 rado\u015bci. &#8211; Jestem szcz\u0119\u015bliwy. Doradzam innym kierowcom, by nie poddawali si\u0119 \u0142atwo i walczyli o swoje. Ja ubezpieczyciela ju\u017c zmieni\u0142em &#8211; u\u015bmiecha si\u0119. Na sali s\u0105dowej zabrak\u0142o przedstawiciela PZU.<\/p>\n<p>\u0141atwo si\u0119 spodziewa\u0107, \u017ce ten proces mo\u017ce zapocz\u0105tkowa\u0107 fal\u0119 pozw\u00f3w oszukanych kierowc\u00f3w. Zw\u0142aszcza \u017ce klauzula w OWU (og\u00f3lne warunki ubezpiecze\u0144), na kt\u00f3rej ca\u0142y czas opiera\u0142 si\u0119 ubezpieczyciel, na podstawie wyroku S\u0105du Okr\u0119gowego w Warszawie zosta\u0142a wpisana do rejestru klauzul niedozwolonych. Prowadzi go Urz\u0105d Ochrony Konkurencji i Konsumenta.<\/p>\n<p>&#8211; Wzorzec umowy zosta\u0142 wpisany we wrze\u015bniu 2011 r. Je\u015bli po tej dacie kto\u015b podpisa\u0142 umow\u0119 j\u0105 zawieraj\u0105c\u0105, w \u015bwietle prawa jest niewa\u017cna. Je\u015bli dosz\u0142o do podpisania przed t\u0105 dat\u0105, spraw\u0119 trzeba skierowa\u0107 do s\u0105du &#8211; radzi Stanis\u0142aw Pakos, opolski rzecznik praw konsumenta.<\/p>\n<p>gazeta.pl<\/p>\n","protected":false},"excerpt":{"rendered":"<p>PZU bezprawnie odmawia wyp\u0142aty ubezpieczenia kierowcom, kt\u00f3rych samoch\u00f3d w dniu wypadku nie mia\u0142 wa\u017cnych bada\u0144 technicznych. Tak uwa\u017ca Urz\u0105d Ochrony Konkurencji i Konsumenta, a tak\u017ce opolski s\u0105d, kt\u00f3ry w \u015brod\u0119 przyzna\u0142 w takiej sprawie racj\u0119 poszkodowanemu m\u0119\u017cczy\u017anie. Na pocz\u0105tku marca 2011 r. pan Andrzej jecha\u0142 z Opola w kierunku Krapkowic. Jeszcze przed Chorul\u0105, na le\u015bnym [&hellip;]<\/p>\n","protected":false},"author":2,"featured_media":0,"comment_status":"open","ping_status":"open","sticky":false,"template":"","format":"standard","meta":{"footnotes":""},"categories":[8],"tags":[41,12,9],"class_list":["post-1545","post","type-post","status-publish","format-standard","hentry","category-aktualnosci","tag-ac","tag-odszkodowanie","tag-pzu"],"_links":{"self":[{"href":"https:\/\/www.odszkodowania.info.pl\/index.php?rest_route=\/wp\/v2\/posts\/1545","targetHints":{"allow":["GET"]}}],"collection":[{"href":"https:\/\/www.odszkodowania.info.pl\/index.php?rest_route=\/wp\/v2\/posts"}],"about":[{"href":"https:\/\/www.odszkodowania.info.pl\/index.php?rest_route=\/wp\/v2\/types\/post"}],"author":[{"embeddable":true,"href":"https:\/\/www.odszkodowania.info.pl\/index.php?rest_route=\/wp\/v2\/users\/2"}],"replies":[{"embeddable":true,"href":"https:\/\/www.odszkodowania.info.pl\/index.php?rest_route=%2Fwp%2Fv2%2Fcomments&post=1545"}],"version-history":[{"count":1,"href":"https:\/\/www.odszkodowania.info.pl\/index.php?rest_route=\/wp\/v2\/posts\/1545\/revisions"}],"predecessor-version":[{"id":1546,"href":"https:\/\/www.odszkodowania.info.pl\/index.php?rest_route=\/wp\/v2\/posts\/1545\/revisions\/1546"}],"wp:attachment":[{"href":"https:\/\/www.odszkodowania.info.pl\/index.php?rest_route=%2Fwp%2Fv2%2Fmedia&parent=1545"}],"wp:term":[{"taxonomy":"category","embeddable":true,"href":"https:\/\/www.odszkodowania.info.pl\/index.php?rest_route=%2Fwp%2Fv2%2Fcategories&post=1545"},{"taxonomy":"post_tag","embeddable":true,"href":"https:\/\/www.odszkodowania.info.pl\/index.php?rest_route=%2Fwp%2Fv2%2Ftags&post=1545"}],"curies":[{"name":"wp","href":"https:\/\/api.w.org\/{rel}","templated":true}]}}