{"id":1553,"date":"2012-04-26T18:41:06","date_gmt":"2012-04-26T17:41:06","guid":{"rendered":"http:\/\/www.odszkodowania.info.pl\/?p=1553"},"modified":"2012-04-26T18:41:06","modified_gmt":"2012-04-26T17:41:06","slug":"12-lat-dowodzil-ze-jest-niewinny-panstwo-musi-placic","status":"publish","type":"post","link":"https:\/\/www.odszkodowania.info.pl\/?p=1553","title":{"rendered":"12 lat dowodzi\u0142, \u017ce jest niewinny. Pa\u0144stwo musi p\u0142aci\u0107"},"content":{"rendered":"<p>Jest 31 pa\u017adziernika 1997 roku. Pan Krzysztof t\u0119 dat\u0119 zapami\u0119ta na zawsze. Tego dnia dyrektor Urz\u0119du Celnego w Bia\u0142ej Podlaskiej zawiadamia prokuratur\u0119, \u017ce celnik m\u00f3g\u0142 pope\u0142ni\u0107 przest\u0119pstwo &#8211; chodzi o po\u015bwiadczenie k\u0142amstwa w dokumentach. Udowadnianie, \u017ce nie jest si\u0119 wielb\u0142\u0105dem trwa 12 lat. W ko\u0144cu udaje si\u0119 doj\u015b\u0107 do prawdy<br \/>\n45-letni dzi\u015b pan Krzysztof do s\u0142u\u017cby celnej trafi\u0142 w 1991 roku. Nikt nie mia\u0142 do jego pracy zastrze\u017ce\u0144. Tak by\u0142o przez sze\u015b\u0107 lat. Gdy pojawi\u0142y si\u0119 nieprawdziwe informacje, prokuratura oskar\u017cy\u0142a go (podobnie jak kilku innych celnik\u00f3w) o po\u015bwiadczenie nieprawdy w dokumentach.<\/p>\n<p>Mia\u0142 potwierdzi\u0107 wyw\u00f3z zagranic\u0119 ponad dw\u00f3ch ton sportowego obuwia. Zdaniem \u015bledczych, buty nigdy z Polski nie wyjecha\u0142y, a firma, kt\u00f3ra mia\u0142a sta\u0107 za eksportem, w og\u00f3le nie istnia\u0142a. Sk\u0105d takie informacje? &#8222;W bia\u0142oruskiej elektronicznej bazie danych nie by\u0142o zapis\u00f3w o odnotowaniu \u015brodk\u00f3w przewozowych&#8221; &#8211; czytamy w aktach sprawy. Wynika\u0142o z tego, \u017ce celnik pe\u0142ni\u0105cy s\u0142u\u017cb\u0119 na przej\u015bciu w Kukurykach potwierdzi\u0142 fikcyjny wyw\u00f3z towar\u00f3w.<\/p>\n<p><strong>Czas leci, celnik najpierw podejrzany, potem oskar\u017cony<\/strong><\/p>\n<p>Zawiadomienie o mo\u017cliwo\u015bci pope\u0142nienia przest\u0119pstwa trafi\u0142o do prokuratury w pa\u017adzierniku 1997 roku. Prokuratura wys\u0142a\u0142a do s\u0105du akt oskar\u017cenia, ale s\u0105d go odes\u0142a\u0142, z wnioskiem o uzupe\u0142nienie. Ponownie trafi\u0142 do s\u0105du w ostatnim dniu 2002 roku. To uruchomi\u0142o lawin\u0119 &#8211; celnik zosta\u0142 zwolniony z pracy. Potem (2004 r.) na chwil\u0119 go przywr\u00f3cono, by zn\u00f3w zwolni\u0107.<\/p>\n<p>Tak by\u0142o do 2009 roku. To wtedy pan Krzysztof us\u0142ysza\u0142 s\u0142owo, na kt\u00f3re czeka\u0142 tyle lat, &#8222;niewinny&#8221;. S\u0105d w Bia\u0142ej Podlaskiej uniewinni\u0142 jego i pozosta\u0142ych celnik\u00f3w od zarzut\u00f3w po\u015bwiadczenia nieprawdy. &#8222;Brak jakiegokolwiek dowodu, kt\u00f3ry w spos\u00f3b jednoznaczny i niew\u0105tpliwy wskazywa\u0142by, \u017ce pow\u00f3d by\u0142 sprawc\u0105 zarzucanego mu czynu&#8221; &#8211; czytamy w uzasadnieniu.<\/p>\n<p><strong>Jest rekompensata &#8211; ponad 200 tysi\u0119cy z\u0142otych<\/strong><\/p>\n<p>Pan Krzysztof wyst\u0105pi\u0142 z pozwem cywilnym o rekompensat\u0119 m.in. za utracone zarobki, na kwot\u0119 ponad 216 tysi\u0119cy z\u0142otych. &#8222;Wszystkie okoliczno\u015bci sprawy by\u0142y interpretowane na niekorzy\u015b\u0107 oskar\u017conego. Naruszono kardynaln\u0105 zasad\u0119 rozpoznania sprawy w rozs\u0105dnym terminie&#8221; &#8211; napisa\u0142 w pozwie. Ca\u0142e post\u0119powanie od wszcz\u0119cia do prawomocnego wyroku trwa\u0142o bowiem 12 lat.<\/p>\n<p>W tym czasie celnik bardzo d\u0142ugo by\u0142 bez pracy. W latach 2004-2007 pr\u00f3bowa\u0142 co\u015b pod\u0142apa\u0107, by\u0142 na rozmowach w wielu firmach i instytucjach. Ma na to dowody na pi\u015bmie. Pracy jednak nie dosta\u0142, bo nikt nie chcia\u0142 przyj\u0105\u0107 cz\u0142owieka z &#8222;paragrafem&#8221;. &#8211; Rozmowy by\u0142y przerywane, gdy m\u00f3wi\u0142em o tocz\u0105cym si\u0119 post\u0119powaniu karnym &#8211; zezna\u0142 w s\u0105dzie.<\/p>\n<p>\u017bona nie pracowa\u0142a, rodzina by\u0142a w trudnej sytuacji materialnej. Pan Krzysztof ma dwoje dzieci, w tym powa\u017cnie chorego syna. Miesi\u0119cznie na leczenie trzeba by\u0142o wydawa\u0107 nawet 500 &#8211; 600 z\u0142otych. Brali po\u017cyczki, m.in. od znajomych, ale te\u017c z banku.<\/p>\n<p>Dopiero w 2009 roku, po uniewinniaj\u0105cym wyroku zosta\u0142 przywr\u00f3cony do s\u0142u\u017cby, jako funkcjonariusz celny pracuje do dzi\u015b.<\/p>\n<p>&#8222;Gdyby wszystko sz\u0142o sprawnie, spraw\u0119 da\u0142oby si\u0119 zako\u0144czy\u0107 w ci\u0105gu trzech lat&#8221;<\/p>\n<p>S\u0105d Okr\u0119gowy w Lublinie przyzna\u0142 celnikowi 50 tysi\u0119cy z\u0142otych rekompensaty. S\u0105d Apelacyjny nie mia\u0142 \u017cadnych w\u0105tpliwo\u015bci, \u017ce kwota powinna by\u0107 o wiele wy\u017csza. Zas\u0105dzi\u0142 204 tysi\u0105ce. &#8211; S\u0105d uzna\u0142, \u017ce ta kwota ma wynagrodzi\u0107 powodowi wszystkie szkody materialne, kt\u00f3rych dozna\u0142 na skutek niedzia\u0142ania Skarbu Pa\u0144stwa &#8211; m\u00f3wi s\u0119dzia Cezary W\u00f3jcik, rzecznik S\u0105du Okr\u0119gowego w Lublinie.<\/p>\n<p>S\u0105d Apelacyjny wytkn\u0105\u0142 s\u0105dowi w Bia\u0142ej Podlaskiej, kt\u00f3ry prowadzi\u0142 spraw\u0119 karn\u0105, z\u0142\u0105 organizacj\u0119 pracy. &#8222;Przewlek\u0142o\u015b\u0107 post\u0119powania nale\u017cy wywie\u017a\u0107 r\u00f3wnie\u017c z analizy tre\u015bci postanowie\u0144 s\u0105du o odroczeniu rozprawy, w kt\u00f3rych s\u0105d notorycznie odwo\u0142uje si\u0119 do &#8222;braku w najbli\u017cszym czasie wolnych termin\u00f3w procesowych&#8221; &#8211; czytamy w uzasadnieniu S\u0105du Apelacyjnego w Lublinie. Zdaniem s\u0105du, gdyby wszystko sz\u0142o sprawnie, post\u0119powanie prokuratorsko &#8211; s\u0105dowe da\u0142oby si\u0119 zako\u0144czy\u0107 w ci\u0105gu trzech lat.<\/p>\n<p>Pozwanym by\u0142 Skarb Pa\u0144stwa, czyli prokuratura i s\u0105d w Bia\u0142ej Podlaskiej &#8211; ju\u017c wiadomo, \u017ce w imieniu Skarbu Pa\u0144stwa z\u0142o\u017cono kasacj\u0119 od wyroku, do S\u0105du Najwy\u017cszego.<\/p>\n<p><strong>Inni te\u017c walcz\u0105<\/strong><\/p>\n<p>W sprawie o po\u015bwiadczanie nieprawdy w dokumentach oskar\u017conych by\u0142o o\u015bmiu celnik\u00f3w. S\u0142owo &#8222;niewinny&#8221; us\u0142yszeli wszyscy. Cz\u0119\u015b\u0107 z nich jeszcze walczy o odszkodowania, jak pan Krzysztof, kt\u00f3ry ju\u017c je wygra\u0142. M.in. jeden z pan\u00f3w wyst\u0105pi\u0142 do s\u0105du z pozwem na kwot\u0119 prawie 190 tysi\u0119cy z\u0142otych, a drugi &#8211; 165 tysi\u0119cy.<\/p>\n<p>W innej sprawie celnik z Terespola walczy o milion z\u0142otych odszkodowania i zado\u015b\u0107uczynienia za nies\u0142uszne tymczasowe aresztowanie. Celnik zosta\u0142 aresztowany w 1996 roku. Wyszed\u0142 p\u00f3\u0142tora roku p\u00f3\u017aniej. Zdaniem \u015bledczych, mia\u0142 si\u0119 dopu\u015bci\u0107 przekr\u0119t\u00f3w na granicy. Po wielu latach procesu te\u017c zosta\u0142 uniewinniony.<\/p>\n<p>O pieni\u0105dze walczy jednak w innym trybie &#8211; jego wniosek wp\u0142yn\u0105\u0142 do Wydzia\u0142u Karnego S\u0105du Okr\u0119gowego w Lublinie. Chce 233 tysi\u0119cy z\u0142otych odszkodowania za straty materialne, jakie poni\u00f3s\u0142 w wyniku aresztowania (utracone zarobki). Domaga si\u0119 te\u017c 766 tysi\u0119cy z\u0142otych zado\u015b\u0107uczynienia za doznan\u0105 krzywd\u0119. Jak dowodzi, w celi by\u0142y bardzo z\u0142e warunki, by\u0142o ciasno, przez trzy miesi\u0105ce spa\u0142 na pod\u0142odze. By\u0142 szykanowany przez innych wi\u0119\u017ani\u00f3w, gdy dowiedzieli si\u0119, kim jest z zawodu. W areszcie podupad\u0142 na zdrowiu.<\/p>\n<p>* Imi\u0119 funkcjonariusza celnego zosta\u0142o zmienione<\/p>\n<p>gazeta.pl<\/p>\n","protected":false},"excerpt":{"rendered":"<p>Jest 31 pa\u017adziernika 1997 roku. Pan Krzysztof t\u0119 dat\u0119 zapami\u0119ta na zawsze. Tego dnia dyrektor Urz\u0119du Celnego w Bia\u0142ej Podlaskiej zawiadamia prokuratur\u0119, \u017ce celnik m\u00f3g\u0142 pope\u0142ni\u0107 przest\u0119pstwo &#8211; chodzi o po\u015bwiadczenie k\u0142amstwa w dokumentach. Udowadnianie, \u017ce nie jest si\u0119 wielb\u0142\u0105dem trwa 12 lat. W ko\u0144cu udaje si\u0119 doj\u015b\u0107 do prawdy 45-letni dzi\u015b pan Krzysztof do [&hellip;]<\/p>\n","protected":false},"author":2,"featured_media":0,"comment_status":"open","ping_status":"open","sticky":false,"template":"","format":"standard","meta":{"footnotes":""},"categories":[8],"tags":[12,13],"class_list":["post-1553","post","type-post","status-publish","format-standard","hentry","category-aktualnosci","tag-odszkodowanie","tag-zadoscuczynienie"],"_links":{"self":[{"href":"https:\/\/www.odszkodowania.info.pl\/index.php?rest_route=\/wp\/v2\/posts\/1553","targetHints":{"allow":["GET"]}}],"collection":[{"href":"https:\/\/www.odszkodowania.info.pl\/index.php?rest_route=\/wp\/v2\/posts"}],"about":[{"href":"https:\/\/www.odszkodowania.info.pl\/index.php?rest_route=\/wp\/v2\/types\/post"}],"author":[{"embeddable":true,"href":"https:\/\/www.odszkodowania.info.pl\/index.php?rest_route=\/wp\/v2\/users\/2"}],"replies":[{"embeddable":true,"href":"https:\/\/www.odszkodowania.info.pl\/index.php?rest_route=%2Fwp%2Fv2%2Fcomments&post=1553"}],"version-history":[{"count":1,"href":"https:\/\/www.odszkodowania.info.pl\/index.php?rest_route=\/wp\/v2\/posts\/1553\/revisions"}],"predecessor-version":[{"id":1554,"href":"https:\/\/www.odszkodowania.info.pl\/index.php?rest_route=\/wp\/v2\/posts\/1553\/revisions\/1554"}],"wp:attachment":[{"href":"https:\/\/www.odszkodowania.info.pl\/index.php?rest_route=%2Fwp%2Fv2%2Fmedia&parent=1553"}],"wp:term":[{"taxonomy":"category","embeddable":true,"href":"https:\/\/www.odszkodowania.info.pl\/index.php?rest_route=%2Fwp%2Fv2%2Fcategories&post=1553"},{"taxonomy":"post_tag","embeddable":true,"href":"https:\/\/www.odszkodowania.info.pl\/index.php?rest_route=%2Fwp%2Fv2%2Ftags&post=1553"}],"curies":[{"name":"wp","href":"https:\/\/api.w.org\/{rel}","templated":true}]}}